{"id":13233,"date":"2014-05-08T19:32:24","date_gmt":"2014-05-08T17:32:24","guid":{"rendered":"http:\/\/www.imakeyousmile.se\/?p=13233"},"modified":"2014-05-08T19:35:30","modified_gmt":"2014-05-08T17:35:30","slug":"min-fotostudio","status":"publish","type":"post","link":"https:\/\/www.imakeyousmile.se\/es\/mi-estudio-fotografico\/","title":{"rendered":"Mi estudio fotogr\u00e1fico"},"content":{"rendered":"<p>A menudo me preguntan c\u00f3mo tomo mis fotos, no soy fotog\u00e9nico, pero lo que me ayuda mucho es que la luz ya es bastante buena donde estoy parado.<\/p>\n<p>Tenemos ventanas bastante grandes en el apartamento que dejan entrar la luz, y las tengo justo en frente de m\u00ed para que me ilumine la cara de manera uniforme. Adem\u00e1s, tengo una pared blanca detr\u00e1s de m\u00ed cuando tomo fotos. Adem\u00e1s, uso una lente de 50 mm y disparo con un disparador remoto, esa lente hace mucho porque deja entrar m\u00e1s luz de la que es est\u00e1ndar para la c\u00e1mara.<\/p>\n<p>\u00a1Ofrece una imagen tonta donde mi estudio fotogr\u00e1fico extremadamente profesional se ve bien! El brazo termina fuera del \u00e1rea de la pared que no es mucho m\u00e1s ancha que yo (es solo el costado de los armarios en el pasillo) y el control remoto es claramente visible en la mano :)<\/p>\n<p><a href=\"http:\/\/www.imakeyousmile.se\/wp-content\/uploads\/2014\/05\/IMG_3278_111.jpg\"><img loading=\"lazy\" decoding=\"async\" class=\"alignnone size-large wp-image-13234\" alt=\"IMG_3278_111\" src=\"http:\/\/www.imakeyousmile.se\/wp-content\/uploads\/2014\/05\/IMG_3278_111-1002x1024.jpg\" width=\"1002\" height=\"1024\" srcset=\"https:\/\/www.imakeyousmile.se\/wp-content\/uploads\/2014\/05\/IMG_3278_111-1002x1024.jpg 1002w, https:\/\/www.imakeyousmile.se\/wp-content\/uploads\/2014\/05\/IMG_3278_111-293x300.jpg 293w\" sizes=\"(max-width: 1002px) 100vw, 1002px\" \/><\/a><\/p>\n<p>Desafortunadamente, hoy no te maquill\u00e9, estos son los d\u00edas en los que desear\u00edas ser varios en la empresa, as\u00ed que tuviste tiempo \/ fuerzas para hacer un poco de trabajo, \u00a1aunque no todo sali\u00f3 seg\u00fan lo planeado!<\/p>\n<p>Ha desaparecido dinero de la cuenta de mi empresa (varios miles) que no deber\u00eda haber desaparecido. Pens\u00e9 que era otra empresa que cometi\u00f3 un error solo cuando su nombre era una referencia (y he tenido negocios con ellos \u00faltimamente), por lo que pas\u00e9 la mitad de la ma\u00f1ana hablando por tel\u00e9fono con ellos, que no ten\u00edan idea de estas transacciones. .<\/p>\n<p>Pero cuando volv\u00ed a casa, revis\u00e9 el correo y vi que hab\u00eda recibido una carta del banco que dec\u00eda que hab\u00edan descubierto &quot;transacciones no autorizadas&quot; y, por lo tanto, hab\u00edan bloqueado mi tarjeta, todas las piezas del rompecabezas encajaron en su lugar. As\u00ed que ma\u00f1ana ser\u00e1 para ir al banco de \u00d6sthammar y cruzar los dedos para poder recuperar mi dinero, \u00a1no s\u00e9 para nada c\u00f3mo funcionan esas cosas porque nunca me han pasado!<\/p>\n<p>Ahora me sentar\u00e9 y me ocupar\u00e9 del correo, y luego probablemente me acostar\u00e9 en el sof\u00e1 con un helado y me pondr\u00e9 al d\u00eda con todos los episodios de Top Model que me he perdido;)<\/p>\n<p><strong>Nos comunicaremos con usted ma\u00f1ana. \u00a1Nuevo d\u00eda, nuevos d\u00edas!<\/strong><\/p>","protected":false},"excerpt":{"rendered":"<p>Jag f\u00e5r ofta fr\u00e5gor om hur jag fotar mina bilder, jag \u00e4r inget fotogeni men det som hj\u00e4lper mig mycket p\u00e5 traven \u00e4r att ljuset redan \u00e4r ganska bra d\u00e4r jag st\u00e5r! Vi har ganska stora f\u00f6nster i l\u00e4genheten som sl\u00e4pper in ljus, och dom har jag precis framf\u00f6r mig s\u00e5 att jag f\u00e5r ett [&hellip;]<\/p>\n","protected":false},"author":30,"featured_media":0,"comment_status":"open","ping_status":"closed","sticky":false,"template":"","format":"standard","meta":{"footnotes":""},"categories":[3],"tags":[],"class_list":["post-13233","post","type-post","status-publish","format-standard","hentry","category-allmant"],"yoast_head":"<!-- This site is optimized with the Yoast SEO Premium plugin v14.9 - https:\/\/yoast.com\/wordpress\/plugins\/seo\/ -->\n<meta name=\"description\" content=\"Min fotostudio | Helena Amiley - H\u00e4r hittar du senaste infromation om sk\u00f6nhet, livsstil, entrepren\u00f6rskap, makeup &amp; tips.\" \/>\n<meta name=\"robots\" content=\"index, follow, max-snippet:-1, max-image-preview:large, max-video-preview:-1\" \/>\n<link rel=\"canonical\" href=\"https:\/\/www.imakeyousmile.se\/es\/min-fotostudio\/\" \/>\n<meta property=\"og:locale\" content=\"es_ES\" \/>\n<meta property=\"og:type\" content=\"article\" \/>\n<meta property=\"og:title\" content=\"Min fotostudio | Imakeyousmile.se\" \/>\n<meta property=\"og:description\" content=\"Min fotostudio | Helena Amiley - H\u00e4r hittar du senaste infromation om sk\u00f6nhet, livsstil, entrepren\u00f6rskap, makeup &amp; tips.\" \/>\n<meta property=\"og:url\" content=\"https:\/\/www.imakeyousmile.se\/es\/min-fotostudio\/\" \/>\n<meta property=\"og:site_name\" content=\"Imakeyousmile.se\" \/>\n<meta property=\"article:author\" content=\"https:\/\/www.facebook.com\/imakeyousmile.se\" \/>\n<meta property=\"article:published_time\" content=\"2014-05-08T17:32:24+00:00\" \/>\n<meta property=\"article:modified_time\" content=\"2014-05-08T17:35:30+00:00\" \/>\n<meta property=\"og:image\" content=\"http:\/\/www.imakeyousmile.se\/wp-content\/uploads\/2014\/05\/IMG_3278_111-1002x1024.jpg\" \/>\n<meta name=\"twitter:card\" content=\"summary_large_image\" \/>\n<script type=\"application\/ld+json\" class=\"yoast-schema-graph\">{\"@context\":\"https:\/\/schema.org\",\"@graph\":[{\"@type\":\"Organization\",\"@id\":\"https:\/\/www.imakeyousmile.se\/es\/#organization\",\"name\":\"Imakeyousmile\",\"url\":\"https:\/\/www.imakeyousmile.se\/es\/\",\"sameAs\":[],\"logo\":{\"@type\":\"ImageObject\",\"@id\":\"https:\/\/www.imakeyousmile.se\/es\/#logo\",\"inLanguage\":\"es\",\"url\":\"https:\/\/www.imakeyousmile.se\/wp-content\/uploads\/2020\/10\/HELENA-AMILEY_SVART-1-e1603367975324.png\",\"width\":280,\"height\":93,\"caption\":\"Imakeyousmile\"},\"image\":{\"@id\":\"https:\/\/www.imakeyousmile.se\/es\/#logo\"}},{\"@type\":\"WebSite\",\"@id\":\"https:\/\/www.imakeyousmile.se\/es\/#website\",\"url\":\"https:\/\/www.imakeyousmile.se\/es\/\",\"name\":\"Imakeyousmile.se\",\"description\":\"Helena Amiley - Beauty, Entrepreneur, Lifestyle\",\"publisher\":{\"@id\":\"https:\/\/www.imakeyousmile.se\/es\/#organization\"},\"potentialAction\":[{\"@type\":\"SearchAction\",\"target\":\"https:\/\/www.imakeyousmile.se\/es\/?s={search_term_string}\",\"query-input\":\"required name=search_term_string\"}],\"inLanguage\":\"es\"},{\"@type\":\"ImageObject\",\"@id\":\"https:\/\/www.imakeyousmile.se\/min-fotostudio\/#primaryimage\",\"inLanguage\":\"es\",\"url\":\"http:\/\/www.imakeyousmile.se\/wp-content\/uploads\/2014\/05\/IMG_3278_111-1002x1024.jpg\"},{\"@type\":\"WebPage\",\"@id\":\"https:\/\/www.imakeyousmile.se\/min-fotostudio\/#webpage\",\"url\":\"https:\/\/www.imakeyousmile.se\/min-fotostudio\/\",\"name\":\"Min fotostudio | Imakeyousmile.se\",\"isPartOf\":{\"@id\":\"https:\/\/www.imakeyousmile.se\/es\/#website\"},\"primaryImageOfPage\":{\"@id\":\"https:\/\/www.imakeyousmile.se\/min-fotostudio\/#primaryimage\"},\"datePublished\":\"2014-05-08T17:32:24+00:00\",\"dateModified\":\"2014-05-08T17:35:30+00:00\",\"description\":\"Min fotostudio | Helena Amiley - H\\u00e4r hittar du senaste infromation om sk\\u00f6nhet, livsstil, entrepren\\u00f6rskap, makeup & tips.\",\"inLanguage\":\"es\",\"potentialAction\":[{\"@type\":\"ReadAction\",\"target\":[\"https:\/\/www.imakeyousmile.se\/min-fotostudio\/\"]}]},{\"@type\":\"Article\",\"@id\":\"https:\/\/www.imakeyousmile.se\/min-fotostudio\/#article\",\"isPartOf\":{\"@id\":\"https:\/\/www.imakeyousmile.se\/min-fotostudio\/#webpage\"},\"author\":{\"@id\":\"https:\/\/www.imakeyousmile.se\/es\/#\/schema\/person\/b0fd43b1c6bb1c60cfd68bff9b4a10fb\"},\"headline\":\"Min fotostudio\",\"datePublished\":\"2014-05-08T17:32:24+00:00\",\"dateModified\":\"2014-05-08T17:35:30+00:00\",\"mainEntityOfPage\":{\"@id\":\"https:\/\/www.imakeyousmile.se\/min-fotostudio\/#webpage\"},\"commentCount\":0,\"publisher\":{\"@id\":\"https:\/\/www.imakeyousmile.se\/es\/#organization\"},\"image\":{\"@id\":\"https:\/\/www.imakeyousmile.se\/min-fotostudio\/#primaryimage\"},\"articleSection\":\"\\u00d6vrigt\",\"inLanguage\":\"es\",\"potentialAction\":[{\"@type\":\"CommentAction\",\"name\":\"Comment\",\"target\":[\"https:\/\/www.imakeyousmile.se\/min-fotostudio\/#respond\"]}]},{\"@type\":\"Person\",\"@id\":\"https:\/\/www.imakeyousmile.se\/es\/#\/schema\/person\/b0fd43b1c6bb1c60cfd68bff9b4a10fb\",\"name\":\"Helena Amiley\",\"image\":{\"@type\":\"ImageObject\",\"@id\":\"https:\/\/www.imakeyousmile.se\/es\/#personlogo\",\"inLanguage\":\"es\",\"url\":\"https:\/\/secure.gravatar.com\/avatar\/5645558e1e355457a23368d7e1b4c904?s=96&d=mm&r=g\",\"caption\":\"Helena Amiley\"},\"description\":\"Jag skriver mest om sk\\u00f6nhet men bjuder \\u00e4ven p\\u00e5 glimtar fr\\u00e5n entrepren\\u00f6rlivet och bygget av v\\u00e5r egen camper van. Vanlife here we come!\",\"sameAs\":[\"https:\/\/www.facebook.com\/imakeyousmile.se\",\"https:\/\/www.instagram.com\/helenaamiley\",\"https:\/\/www.youtube.com\/channel\/UCR5iB6rvpV6Yr8ZjpQfr5mg?view_as=subscriber\"]}]}<\/script>\n<!-- \/ Yoast SEO Premium plugin. -->","_links":{"self":[{"href":"https:\/\/www.imakeyousmile.se\/es\/wp-json\/wp\/v2\/posts\/13233"}],"collection":[{"href":"https:\/\/www.imakeyousmile.se\/es\/wp-json\/wp\/v2\/posts"}],"about":[{"href":"https:\/\/www.imakeyousmile.se\/es\/wp-json\/wp\/v2\/types\/post"}],"author":[{"embeddable":true,"href":"https:\/\/www.imakeyousmile.se\/es\/wp-json\/wp\/v2\/users\/30"}],"replies":[{"embeddable":true,"href":"https:\/\/www.imakeyousmile.se\/es\/wp-json\/wp\/v2\/comments?post=13233"}],"version-history":[{"count":0,"href":"https:\/\/www.imakeyousmile.se\/es\/wp-json\/wp\/v2\/posts\/13233\/revisions"}],"wp:attachment":[{"href":"https:\/\/www.imakeyousmile.se\/es\/wp-json\/wp\/v2\/media?parent=13233"}],"wp:term":[{"taxonomy":"category","embeddable":true,"href":"https:\/\/www.imakeyousmile.se\/es\/wp-json\/wp\/v2\/categories?post=13233"},{"taxonomy":"post_tag","embeddable":true,"href":"https:\/\/www.imakeyousmile.se\/es\/wp-json\/wp\/v2\/tags?post=13233"}],"curies":[{"name":"wp","href":"https:\/\/api.w.org\/{rel}","templated":true}]}}