{"id":1338,"date":"2011-09-22T10:37:00","date_gmt":"2011-09-22T08:37:00","guid":{"rendered":"http:\/\/www.imakeyousmile.se\/gron-och-guldig-partysminkning\/"},"modified":"2014-08-12T19:42:53","modified_gmt":"2014-08-12T17:42:53","slug":"gron-och-guldig-partysminkning","status":"publish","type":"post","link":"https:\/\/www.imakeyousmile.se\/es\/maquillaje-de-fiesta-verde-y-dorado\/","title":{"rendered":"Maquillaje de fiesta verde y dorado"},"content":{"rendered":"<div style=\"clear: both; text-align: left;\">Ayer lo que dije fue una fiesta de bienvenida aqu\u00ed en la escuela, \u00a1y me dieron la tarea de maquillar a la hermosa Hanna! :)<\/div>\n<div style=\"clear: both; text-align: left;\"><\/div>\n<div style=\"clear: both; text-align: left;\">Ella quer\u00eda uno <span style=\"font-size: x-large;\">oscuridad media<\/span> Maquillaje de fiesta en verde y dorado, pero solo un poco de verde porque no est\u00e1 acostumbrada a las sombras de ojos de colores.<\/div>\n<div style=\"clear: both; text-align: left;\"><\/div>\n<div style=\"clear: both; text-align: left;\">\u00a1Este es el resultado!<\/div>\n<div style=\"clear: both; text-align: center;\"><\/div>\n<div style=\"clear: both; text-align: center;\"><a style=\"margin-left: 1em; margin-right: 1em;\" href=\"http:\/\/3.bp.blogspot.com\/-vzL1BnJa4fY\/Tnr9yIVheBI\/AAAAAAAAEOE\/YaSwZveVqvk\/s1600\/DSCF1688.jpg\"><img decoding=\"async\" src=\"http:\/\/3.bp.blogspot.com\/-vzL1BnJa4fY\/Tnr9yIVheBI\/AAAAAAAAEOE\/YaSwZveVqvk\/s320\/DSCF1688.jpg\" alt=\"\" width=\"320px\" height=\"275px\" border=\"0\" \/><\/a><\/div>\n<div style=\"clear: both; text-align: center;\">(<em>Todas las sombras de ojos son de la paleta 180)<\/em><\/div>\n<div style=\"clear: both; text-align: center;\"><\/div>\n<div style=\"clear: both; text-align: center;\"><span style=\"color: #6aa84f; font-size: large;\"><strong>Verde caqui<\/strong><\/span> sombra de ojos al final del p\u00e1rpado.<\/div>\n<div style=\"clear: both; text-align: center;\"><span style=\"color: #e69138; font-size: large;\"><strong>V\u00e1lido<\/strong><\/span> sombra de ojos en el resto del p\u00e1rpado.<\/div>\n<div style=\"clear: both; text-align: center;\"><span style=\"color: #f6b26b; font-size: large;\"><strong>Dorado claro<\/strong><\/span> sombra de ojos en el rabillo del ojo.<\/div>\n<div style=\"clear: both; text-align: center;\"><span style=\"color: #b45f06; font-size: large;\"><strong>Dorado oscuro<\/strong><\/span> sombra de ojos en la l\u00ednea de las pesta\u00f1as inferiores y a lo largo de la l\u00ednea del globo.<\/div>\n<div style=\"clear: both; text-align: center;\"><span style=\"color: #999999; font-size: large;\">Blanco<\/span> resaltador debajo de la ceja.<\/div>\n<div style=\"clear: both; text-align: center;\"><\/div>\n<div style=\"clear: both; text-align: center;\"><span style=\"color: #999999; font-size: large;\">Blanco<\/span> delineador de ojos en la l\u00ednea interior de las pesta\u00f1as.<\/div>\n<div style=\"clear: both; text-align: center;\"><strong><span style=\"font-size: large;\">Negro <\/span><\/strong>delineador de ojos al final de las l\u00edneas de las pesta\u00f1as superiores e inferiores, <em>H&amp;M.<\/em><\/div>\n<div style=\"clear: both; text-align: center;\"><a style=\"margin-left: 1em; margin-right: 1em;\" href=\"http:\/\/4.bp.blogspot.com\/-NoXIvU5jb0E\/Tnr90KNN4LI\/AAAAAAAAEOI\/o0gUnN0fBHs\/s1600\/DSCF1701.jpg\"><img decoding=\"async\" src=\"http:\/\/4.bp.blogspot.com\/-NoXIvU5jb0E\/Tnr90KNN4LI\/AAAAAAAAEOI\/o0gUnN0fBHs\/s640\/DSCF1701.jpg\" alt=\"\" width=\"480px\" height=\"640px\" border=\"0\" \/><\/a><\/div>\n<div style=\"clear: both; text-align: center;\"><em>Listo para la fiesta;)<\/em><\/div>\n<div style=\"clear: both; text-align: center;\"><\/div>\n<div style=\"clear: both; text-align: left;\">Por cierto, \u00a1la fiesta de bienvenida fue divertida! Es tan divertido que toda la escuela etiqueta. Tanto ni\u00f1as como ni\u00f1os, unos dos y tres como <span style=\"font-size: x-large;\">desata<\/span> en la pista de baile. \u00a1Sin una gota de alcohol!<\/div>\n<div style=\"clear: both; text-align: left;\"><\/div>\n<div style=\"clear: both; text-align: left;\">As\u00ed que tambi\u00e9n tenemos una banda en vivo bastante limpia que toca mucho <span style=\"font-size: x-large;\">Canciones de los 90<\/span>, que todos los que me conocen saben que amo! :)<\/div>\n<div style=\"clear: both; text-align: left;\"><\/div>\n<div style=\"clear: both; text-align: left;\">Luego, la velada termin\u00f3 con una maravillosa charla con Julia y Kristin :)<\/div>\n<div style=\"clear: both; text-align: left;\"><\/div>\n<div style=\"clear: both; text-align: center;\"><span style=\"font-size: x-large;\">\u00a1Ahora voy a almorzar!<\/span><\/div>","protected":false},"excerpt":{"rendered":"<p>Ig\u00e5r vad det som sagt v\u00e4lkomstfest h\u00e4r p\u00e5 skolan, och jag fick uppdraget att smina fina Hanna! :) Hon ville ha en mellanm\u00f6rk partysminkning i gr\u00f6nt och guld, men bara lite gr\u00f6nt eftersom hon inte \u00e4r van vid f\u00e4rgglada \u00f6gonskuggor. S\u00e5 h\u00e4r blev resutatet! (Alla \u00f6gonskuggor \u00e4r fr\u00e5n 180 paletten) Khakigr\u00f6n \u00f6gonskugga ytterst p\u00e5 \u00f6gonlocket. [&hellip;]<\/p>\n","protected":false},"author":30,"featured_media":0,"comment_status":"open","ping_status":"open","sticky":false,"template":"","format":"standard","meta":{"footnotes":""},"categories":[3],"tags":[],"class_list":["post-1338","post","type-post","status-publish","format-standard","hentry","category-allmant"],"yoast_head":"<!-- This site is optimized with the Yoast SEO Premium plugin v14.9 - https:\/\/yoast.com\/wordpress\/plugins\/seo\/ -->\n<meta name=\"description\" content=\"Gr\u00f6n och guldig partysminkning | Helena Amiley - H\u00e4r hittar du senaste infromation om sk\u00f6nhet, livsstil, entrepren\u00f6rskap, makeup &amp; tips.\" \/>\n<meta name=\"robots\" content=\"index, follow, max-snippet:-1, max-image-preview:large, max-video-preview:-1\" \/>\n<link rel=\"canonical\" href=\"https:\/\/www.imakeyousmile.se\/es\/gron-och-guldig-partysminkning\/\" \/>\n<meta property=\"og:locale\" content=\"es_ES\" \/>\n<meta property=\"og:type\" content=\"article\" \/>\n<meta property=\"og:title\" content=\"Gr\u00f6n och guldig partysminkning | Imakeyousmile.se\" \/>\n<meta property=\"og:description\" content=\"Gr\u00f6n och guldig partysminkning | Helena Amiley - H\u00e4r hittar du senaste infromation om sk\u00f6nhet, livsstil, entrepren\u00f6rskap, makeup &amp; tips.\" \/>\n<meta property=\"og:url\" content=\"https:\/\/www.imakeyousmile.se\/es\/gron-och-guldig-partysminkning\/\" \/>\n<meta property=\"og:site_name\" content=\"Imakeyousmile.se\" \/>\n<meta property=\"article:author\" content=\"https:\/\/www.facebook.com\/imakeyousmile.se\" \/>\n<meta property=\"article:published_time\" content=\"2011-09-22T08:37:00+00:00\" \/>\n<meta property=\"article:modified_time\" content=\"2014-08-12T17:42:53+00:00\" \/>\n<meta property=\"og:image\" content=\"http:\/\/3.bp.blogspot.com\/-vzL1BnJa4fY\/Tnr9yIVheBI\/AAAAAAAAEOE\/YaSwZveVqvk\/s320\/DSCF1688.jpg\" \/>\n<meta name=\"twitter:card\" content=\"summary_large_image\" \/>\n<script type=\"application\/ld+json\" class=\"yoast-schema-graph\">{\"@context\":\"https:\/\/schema.org\",\"@graph\":[{\"@type\":\"Organization\",\"@id\":\"https:\/\/www.imakeyousmile.se\/es\/#organization\",\"name\":\"Imakeyousmile\",\"url\":\"https:\/\/www.imakeyousmile.se\/es\/\",\"sameAs\":[],\"logo\":{\"@type\":\"ImageObject\",\"@id\":\"https:\/\/www.imakeyousmile.se\/es\/#logo\",\"inLanguage\":\"es\",\"url\":\"https:\/\/www.imakeyousmile.se\/wp-content\/uploads\/2020\/10\/HELENA-AMILEY_SVART-1-e1603367975324.png\",\"width\":280,\"height\":93,\"caption\":\"Imakeyousmile\"},\"image\":{\"@id\":\"https:\/\/www.imakeyousmile.se\/es\/#logo\"}},{\"@type\":\"WebSite\",\"@id\":\"https:\/\/www.imakeyousmile.se\/es\/#website\",\"url\":\"https:\/\/www.imakeyousmile.se\/es\/\",\"name\":\"Imakeyousmile.se\",\"description\":\"Helena Amiley - Beauty, Entrepreneur, Lifestyle\",\"publisher\":{\"@id\":\"https:\/\/www.imakeyousmile.se\/es\/#organization\"},\"potentialAction\":[{\"@type\":\"SearchAction\",\"target\":\"https:\/\/www.imakeyousmile.se\/es\/?s={search_term_string}\",\"query-input\":\"required name=search_term_string\"}],\"inLanguage\":\"es\"},{\"@type\":\"ImageObject\",\"@id\":\"https:\/\/www.imakeyousmile.se\/gron-och-guldig-partysminkning\/#primaryimage\",\"inLanguage\":\"es\",\"url\":\"http:\/\/3.bp.blogspot.com\/-vzL1BnJa4fY\/Tnr9yIVheBI\/AAAAAAAAEOE\/YaSwZveVqvk\/s320\/DSCF1688.jpg\"},{\"@type\":\"WebPage\",\"@id\":\"https:\/\/www.imakeyousmile.se\/gron-och-guldig-partysminkning\/#webpage\",\"url\":\"https:\/\/www.imakeyousmile.se\/gron-och-guldig-partysminkning\/\",\"name\":\"Gr\\u00f6n och guldig partysminkning | Imakeyousmile.se\",\"isPartOf\":{\"@id\":\"https:\/\/www.imakeyousmile.se\/es\/#website\"},\"primaryImageOfPage\":{\"@id\":\"https:\/\/www.imakeyousmile.se\/gron-och-guldig-partysminkning\/#primaryimage\"},\"datePublished\":\"2011-09-22T08:37:00+00:00\",\"dateModified\":\"2014-08-12T17:42:53+00:00\",\"description\":\"Gr\\u00f6n och guldig partysminkning | Helena Amiley - H\\u00e4r hittar du senaste infromation om sk\\u00f6nhet, livsstil, entrepren\\u00f6rskap, makeup & tips.\",\"inLanguage\":\"es\",\"potentialAction\":[{\"@type\":\"ReadAction\",\"target\":[\"https:\/\/www.imakeyousmile.se\/gron-och-guldig-partysminkning\/\"]}]},{\"@type\":\"Article\",\"@id\":\"https:\/\/www.imakeyousmile.se\/gron-och-guldig-partysminkning\/#article\",\"isPartOf\":{\"@id\":\"https:\/\/www.imakeyousmile.se\/gron-och-guldig-partysminkning\/#webpage\"},\"author\":{\"@id\":\"https:\/\/www.imakeyousmile.se\/es\/#\/schema\/person\/b0fd43b1c6bb1c60cfd68bff9b4a10fb\"},\"headline\":\"Gr\\u00f6n och guldig partysminkning\",\"datePublished\":\"2011-09-22T08:37:00+00:00\",\"dateModified\":\"2014-08-12T17:42:53+00:00\",\"mainEntityOfPage\":{\"@id\":\"https:\/\/www.imakeyousmile.se\/gron-och-guldig-partysminkning\/#webpage\"},\"commentCount\":0,\"publisher\":{\"@id\":\"https:\/\/www.imakeyousmile.se\/es\/#organization\"},\"image\":{\"@id\":\"https:\/\/www.imakeyousmile.se\/gron-och-guldig-partysminkning\/#primaryimage\"},\"articleSection\":\"\\u00d6vrigt\",\"inLanguage\":\"es\",\"potentialAction\":[{\"@type\":\"CommentAction\",\"name\":\"Comment\",\"target\":[\"https:\/\/www.imakeyousmile.se\/gron-och-guldig-partysminkning\/#respond\"]}]},{\"@type\":\"Person\",\"@id\":\"https:\/\/www.imakeyousmile.se\/es\/#\/schema\/person\/b0fd43b1c6bb1c60cfd68bff9b4a10fb\",\"name\":\"Helena Amiley\",\"image\":{\"@type\":\"ImageObject\",\"@id\":\"https:\/\/www.imakeyousmile.se\/es\/#personlogo\",\"inLanguage\":\"es\",\"url\":\"https:\/\/secure.gravatar.com\/avatar\/5645558e1e355457a23368d7e1b4c904?s=96&d=mm&r=g\",\"caption\":\"Helena Amiley\"},\"description\":\"Jag skriver mest om sk\\u00f6nhet men bjuder \\u00e4ven p\\u00e5 glimtar fr\\u00e5n entrepren\\u00f6rlivet och bygget av v\\u00e5r egen camper van. Vanlife here we come!\",\"sameAs\":[\"https:\/\/www.facebook.com\/imakeyousmile.se\",\"https:\/\/www.instagram.com\/helenaamiley\",\"https:\/\/www.youtube.com\/channel\/UCR5iB6rvpV6Yr8ZjpQfr5mg?view_as=subscriber\"]}]}<\/script>\n<!-- \/ Yoast SEO Premium plugin. -->","_links":{"self":[{"href":"https:\/\/www.imakeyousmile.se\/es\/wp-json\/wp\/v2\/posts\/1338"}],"collection":[{"href":"https:\/\/www.imakeyousmile.se\/es\/wp-json\/wp\/v2\/posts"}],"about":[{"href":"https:\/\/www.imakeyousmile.se\/es\/wp-json\/wp\/v2\/types\/post"}],"author":[{"embeddable":true,"href":"https:\/\/www.imakeyousmile.se\/es\/wp-json\/wp\/v2\/users\/30"}],"replies":[{"embeddable":true,"href":"https:\/\/www.imakeyousmile.se\/es\/wp-json\/wp\/v2\/comments?post=1338"}],"version-history":[{"count":0,"href":"https:\/\/www.imakeyousmile.se\/es\/wp-json\/wp\/v2\/posts\/1338\/revisions"}],"wp:attachment":[{"href":"https:\/\/www.imakeyousmile.se\/es\/wp-json\/wp\/v2\/media?parent=1338"}],"wp:term":[{"taxonomy":"category","embeddable":true,"href":"https:\/\/www.imakeyousmile.se\/es\/wp-json\/wp\/v2\/categories?post=1338"},{"taxonomy":"post_tag","embeddable":true,"href":"https:\/\/www.imakeyousmile.se\/es\/wp-json\/wp\/v2\/tags?post=1338"}],"curies":[{"name":"wp","href":"https:\/\/api.w.org\/{rel}","templated":true}]}}