{"id":1339,"date":"2011-09-21T15:49:00","date_gmt":"2011-09-21T13:49:00","guid":{"rendered":"http:\/\/www.imakeyousmile.se\/hostsminkning-5\/"},"modified":"2014-08-16T10:29:15","modified_gmt":"2014-08-16T08:29:15","slug":"hostsminkning-5","status":"publish","type":"post","link":"https:\/\/www.imakeyousmile.se\/es\/host-maquillaje-5\/","title":{"rendered":"Maquillaje de oto\u00f1o"},"content":{"rendered":"<div style=\"clear: both; text-align: left;\">Ahora es el momento de admitir que ya no es verano, ni siquiera a finales de verano.<\/div>\n<div style=\"clear: both; text-align: left;\"><\/div>\n<div style=\"clear: both; text-align: left;\">Ahora las hojas son marrones \/ amarillas \/ rojas y la escuela tiene su <span style=\"font-size: x-large;\">fiesta de bienvenida<\/span>\u00a1Entonces es oto\u00f1o!<\/div>\n<div style=\"clear: both; text-align: left;\"><\/div>\n<div style=\"clear: both; text-align: left;\">&quot;Celebro&quot; esto con un maquillaje oto\u00f1al :)<\/div>\n<div style=\"clear: both; text-align: center;\"><\/div>\n<div style=\"clear: both; text-align: center;\"><a style=\"margin-left: 1em; margin-right: 1em;\" href=\"http:\/\/2.bp.blogspot.com\/-SkWRpFuliTM\/TnnTI5jLjNI\/AAAAAAAAEN4\/3J67esytKdc\/s1600\/DSCF1662.jpg\"><img loading=\"lazy\" decoding=\"async\" src=\"http:\/\/2.bp.blogspot.com\/-SkWRpFuliTM\/TnnTI5jLjNI\/AAAAAAAAEN4\/3J67esytKdc\/s320\/DSCF1662.jpg\" alt=\"\" width=\"320\" height=\"295\" border=\"0\" \/><\/a><\/div>\n<div style=\"clear: both; text-align: center;\"><em>(Todas las sombras de ojos son de la paleta 180)<\/em><\/div>\n<div style=\"clear: both; text-align: center;\"><\/div>\n<div style=\"clear: both; text-align: center;\"><span style=\"color: #999999; font-size: large;\">Blanco<\/span> sombra de ojos en el interior del p\u00e1rpado.<\/div>\n<div style=\"clear: both; text-align: center;\"><span style=\"color: #f1c232; font-size: large;\"><strong>Amarillo<\/strong><\/span> sombra de ojos en el medio del p\u00e1rpado.<\/div>\n<div style=\"clear: both; text-align: center;\"><span style=\"color: #e69138; font-size: large;\"><strong>naranja<\/strong><\/span> sombra de ojos al final del p\u00e1rpado y <span style=\"text-decoration: underline;\">encima<\/span> globlinjen.<\/div>\n<div style=\"clear: both; text-align: center;\"><span style=\"color: #b45f06; font-size: large;\"><strong>marr\u00f3n<\/strong><\/span> sombra de ojos en la l\u00ednea de las pesta\u00f1as inferiores y a lo largo de la l\u00ednea del globo.<\/div>\n<div style=\"clear: both; text-align: center;\"><\/div>\n<div style=\"clear: both; text-align: center;\"><span style=\"color: #999999; font-size: large;\">Blanco<\/span> iluminador debajo de la ceja y en el rabillo del ojo, <span style=\"color: black;\"><em>Paleta de correctores Wet n Wild Cover All.<\/em><\/span><\/div>\n<div style=\"clear: both; text-align: center;\"><span style=\"color: black;\"><strong><span style=\"font-size: large;\">Negro <\/span><\/strong>delineador de ojos al final de las filas inferior y superior de pesta\u00f1as<em>, H&amp;M<\/em><\/span><\/div>\n<div style=\"clear: both; text-align: center;\"><span style=\"color: black;\"><span style=\"color: #999999; font-size: large;\">Blanco<\/span> delineador de ojos en la l\u00ednea interior de las pesta\u00f1as<em>, H&amp;M.<\/em><\/span><\/div>\n<div style=\"clear: both; text-align: center;\"><\/div>\n<div style=\"clear: both; text-align: center;\"><\/div>\n<div style=\"clear: both; text-align: center;\"><a style=\"margin-left: 1em; margin-right: 1em;\" href=\"http:\/\/2.bp.blogspot.com\/-NB1TecGTwrk\/Tnn3Z745BvI\/AAAAAAAAEOA\/vzFn9o15BvI\/s1600\/DSCF1685.jpg\"><img loading=\"lazy\" decoding=\"async\" src=\"http:\/\/2.bp.blogspot.com\/-NB1TecGTwrk\/Tnn3Z745BvI\/AAAAAAAAEOA\/vzFn9o15BvI\/s400\/DSCF1685.jpg\" alt=\"\" width=\"400\" height=\"360\" border=\"0\" \/><\/a><\/div>\n<div style=\"clear: both; text-align: center;\">\u00a1Combina el maquillaje con un su\u00e9ter en esta bonita tela de oto\u00f1o!<\/div>\n<div style=\"clear: both; text-align: center;\">(<em>No obtuve una foto de atuendo porque estoy solo en este momento)<\/em><\/div>\n<div style=\"clear: both; text-align: center;\"><\/div>\n<p>Desafortunadamente, no hubo ninguno <span style=\"font-size: x-large;\">pantalla completa<\/span> en la cara m\u00e1s bien de d\u00eda. Se siente muy bien en realidad, \u00a1pero este no fue un buen d\u00eda para la fotograf\u00eda!<\/p>\n<p>Ahora realmente no s\u00e9 qu\u00e9 hacer. Ten\u00eda mi tarde reservada con <span style=\"font-size: x-large;\">2<\/span> <span style=\"font-size: x-large;\">maquillaje<\/span> antes de la cena de bienvenida. Pero no parece que vayan a aparecer ...<\/p>\n<p>Tambi\u00e9n es una pena que haya una prohibici\u00f3n del alcohol en la escuela, estoy harto de eso<span style=\"font-size: x-large;\"> vino<\/span>! Entonces no hab\u00eda estado del todo mal con un vaso.<\/p>\n<p>Por cierto, me encanta que tengo 18 a\u00f1os y puedo imprimir ese tipo de cosas en el blog ahora, hacerlo casi un poco solo para;)<\/p>\n<p>Bien.<\/p>\n<div style=\"text-align: center;\"><span style=\"font-size: x-large;\">\u00a1Que tengan todos una maravillosa noche de mi\u00e9rcoles!<\/span><\/div>","protected":false},"excerpt":{"rendered":"<p>Nu \u00e4r det faktiskt\u00a0dags att erk\u00e4nna f\u00f6r sig sj\u00e4lv att det inte l\u00e4ngre \u00e4r sommar, inte ens sensommar. Nu \u00e4r l\u00f6ven brun\/gul\/r\u00f6da och skolan har sin \u00e5rliga v\u00e4lkomstfest, d\u00e5 \u00e4r det h\u00f6st! Detta &#8221;firar&#8221; jag med en h\u00f6stig sminkning :) (Alla \u00f6gonskuggor \u00e4r fr\u00e5n 180 paletten) Vit \u00f6gonskugga innerst p\u00e5 \u00f6gonlocket. Gul \u00f6gonskugga i mitten [&hellip;]<\/p>\n","protected":false},"author":30,"featured_media":0,"comment_status":"open","ping_status":"open","sticky":false,"template":"","format":"standard","meta":{"footnotes":""},"categories":[3],"tags":[],"class_list":["post-1339","post","type-post","status-publish","format-standard","hentry","category-allmant"],"yoast_head":"<!-- This site is optimized with the Yoast SEO Premium plugin v14.9 - https:\/\/yoast.com\/wordpress\/plugins\/seo\/ -->\n<meta name=\"description\" content=\"H\u00f6stsminkning | Helena Amiley - H\u00e4r hittar du senaste infromation om sk\u00f6nhet, livsstil, entrepren\u00f6rskap, makeup &amp; tips.\" \/>\n<meta name=\"robots\" content=\"index, follow, max-snippet:-1, max-image-preview:large, max-video-preview:-1\" \/>\n<link rel=\"canonical\" href=\"https:\/\/www.imakeyousmile.se\/es\/hostsminkning-5\/\" \/>\n<meta property=\"og:locale\" content=\"es_ES\" \/>\n<meta property=\"og:type\" content=\"article\" \/>\n<meta property=\"og:title\" content=\"H\u00f6stsminkning | Imakeyousmile.se\" \/>\n<meta property=\"og:description\" content=\"H\u00f6stsminkning | Helena Amiley - H\u00e4r hittar du senaste infromation om sk\u00f6nhet, livsstil, entrepren\u00f6rskap, makeup &amp; tips.\" \/>\n<meta property=\"og:url\" content=\"https:\/\/www.imakeyousmile.se\/es\/hostsminkning-5\/\" \/>\n<meta property=\"og:site_name\" content=\"Imakeyousmile.se\" \/>\n<meta property=\"article:author\" content=\"https:\/\/www.facebook.com\/imakeyousmile.se\" \/>\n<meta property=\"article:published_time\" content=\"2011-09-21T13:49:00+00:00\" \/>\n<meta property=\"article:modified_time\" content=\"2014-08-16T08:29:15+00:00\" \/>\n<meta property=\"og:image\" content=\"http:\/\/2.bp.blogspot.com\/-SkWRpFuliTM\/TnnTI5jLjNI\/AAAAAAAAEN4\/3J67esytKdc\/s320\/DSCF1662.jpg\" \/>\n<meta name=\"twitter:card\" content=\"summary_large_image\" \/>\n<script type=\"application\/ld+json\" class=\"yoast-schema-graph\">{\"@context\":\"https:\/\/schema.org\",\"@graph\":[{\"@type\":\"Organization\",\"@id\":\"https:\/\/www.imakeyousmile.se\/es\/#organization\",\"name\":\"Imakeyousmile\",\"url\":\"https:\/\/www.imakeyousmile.se\/es\/\",\"sameAs\":[],\"logo\":{\"@type\":\"ImageObject\",\"@id\":\"https:\/\/www.imakeyousmile.se\/es\/#logo\",\"inLanguage\":\"es\",\"url\":\"https:\/\/www.imakeyousmile.se\/wp-content\/uploads\/2020\/10\/HELENA-AMILEY_SVART-1-e1603367975324.png\",\"width\":280,\"height\":93,\"caption\":\"Imakeyousmile\"},\"image\":{\"@id\":\"https:\/\/www.imakeyousmile.se\/es\/#logo\"}},{\"@type\":\"WebSite\",\"@id\":\"https:\/\/www.imakeyousmile.se\/es\/#website\",\"url\":\"https:\/\/www.imakeyousmile.se\/es\/\",\"name\":\"Imakeyousmile.se\",\"description\":\"Helena Amiley - Beauty, Entrepreneur, Lifestyle\",\"publisher\":{\"@id\":\"https:\/\/www.imakeyousmile.se\/es\/#organization\"},\"potentialAction\":[{\"@type\":\"SearchAction\",\"target\":\"https:\/\/www.imakeyousmile.se\/es\/?s={search_term_string}\",\"query-input\":\"required name=search_term_string\"}],\"inLanguage\":\"es\"},{\"@type\":\"ImageObject\",\"@id\":\"https:\/\/www.imakeyousmile.se\/hostsminkning-5\/#primaryimage\",\"inLanguage\":\"es\",\"url\":\"http:\/\/2.bp.blogspot.com\/-SkWRpFuliTM\/TnnTI5jLjNI\/AAAAAAAAEN4\/3J67esytKdc\/s320\/DSCF1662.jpg\"},{\"@type\":\"WebPage\",\"@id\":\"https:\/\/www.imakeyousmile.se\/hostsminkning-5\/#webpage\",\"url\":\"https:\/\/www.imakeyousmile.se\/hostsminkning-5\/\",\"name\":\"H\\u00f6stsminkning | Imakeyousmile.se\",\"isPartOf\":{\"@id\":\"https:\/\/www.imakeyousmile.se\/es\/#website\"},\"primaryImageOfPage\":{\"@id\":\"https:\/\/www.imakeyousmile.se\/hostsminkning-5\/#primaryimage\"},\"datePublished\":\"2011-09-21T13:49:00+00:00\",\"dateModified\":\"2014-08-16T08:29:15+00:00\",\"description\":\"H\\u00f6stsminkning | Helena Amiley - H\\u00e4r hittar du senaste infromation om sk\\u00f6nhet, livsstil, entrepren\\u00f6rskap, makeup & tips.\",\"inLanguage\":\"es\",\"potentialAction\":[{\"@type\":\"ReadAction\",\"target\":[\"https:\/\/www.imakeyousmile.se\/hostsminkning-5\/\"]}]},{\"@type\":\"Article\",\"@id\":\"https:\/\/www.imakeyousmile.se\/hostsminkning-5\/#article\",\"isPartOf\":{\"@id\":\"https:\/\/www.imakeyousmile.se\/hostsminkning-5\/#webpage\"},\"author\":{\"@id\":\"https:\/\/www.imakeyousmile.se\/es\/#\/schema\/person\/b0fd43b1c6bb1c60cfd68bff9b4a10fb\"},\"headline\":\"H\\u00f6stsminkning\",\"datePublished\":\"2011-09-21T13:49:00+00:00\",\"dateModified\":\"2014-08-16T08:29:15+00:00\",\"mainEntityOfPage\":{\"@id\":\"https:\/\/www.imakeyousmile.se\/hostsminkning-5\/#webpage\"},\"commentCount\":0,\"publisher\":{\"@id\":\"https:\/\/www.imakeyousmile.se\/es\/#organization\"},\"image\":{\"@id\":\"https:\/\/www.imakeyousmile.se\/hostsminkning-5\/#primaryimage\"},\"articleSection\":\"\\u00d6vrigt\",\"inLanguage\":\"es\",\"potentialAction\":[{\"@type\":\"CommentAction\",\"name\":\"Comment\",\"target\":[\"https:\/\/www.imakeyousmile.se\/hostsminkning-5\/#respond\"]}]},{\"@type\":\"Person\",\"@id\":\"https:\/\/www.imakeyousmile.se\/es\/#\/schema\/person\/b0fd43b1c6bb1c60cfd68bff9b4a10fb\",\"name\":\"Helena Amiley\",\"image\":{\"@type\":\"ImageObject\",\"@id\":\"https:\/\/www.imakeyousmile.se\/es\/#personlogo\",\"inLanguage\":\"es\",\"url\":\"https:\/\/secure.gravatar.com\/avatar\/5645558e1e355457a23368d7e1b4c904?s=96&d=mm&r=g\",\"caption\":\"Helena Amiley\"},\"description\":\"Jag skriver mest om sk\\u00f6nhet men bjuder \\u00e4ven p\\u00e5 glimtar fr\\u00e5n entrepren\\u00f6rlivet och bygget av v\\u00e5r egen camper van. Vanlife here we come!\",\"sameAs\":[\"https:\/\/www.facebook.com\/imakeyousmile.se\",\"https:\/\/www.instagram.com\/helenaamiley\",\"https:\/\/www.youtube.com\/channel\/UCR5iB6rvpV6Yr8ZjpQfr5mg?view_as=subscriber\"]}]}<\/script>\n<!-- \/ Yoast SEO Premium plugin. -->","_links":{"self":[{"href":"https:\/\/www.imakeyousmile.se\/es\/wp-json\/wp\/v2\/posts\/1339"}],"collection":[{"href":"https:\/\/www.imakeyousmile.se\/es\/wp-json\/wp\/v2\/posts"}],"about":[{"href":"https:\/\/www.imakeyousmile.se\/es\/wp-json\/wp\/v2\/types\/post"}],"author":[{"embeddable":true,"href":"https:\/\/www.imakeyousmile.se\/es\/wp-json\/wp\/v2\/users\/30"}],"replies":[{"embeddable":true,"href":"https:\/\/www.imakeyousmile.se\/es\/wp-json\/wp\/v2\/comments?post=1339"}],"version-history":[{"count":0,"href":"https:\/\/www.imakeyousmile.se\/es\/wp-json\/wp\/v2\/posts\/1339\/revisions"}],"wp:attachment":[{"href":"https:\/\/www.imakeyousmile.se\/es\/wp-json\/wp\/v2\/media?parent=1339"}],"wp:term":[{"taxonomy":"category","embeddable":true,"href":"https:\/\/www.imakeyousmile.se\/es\/wp-json\/wp\/v2\/categories?post=1339"},{"taxonomy":"post_tag","embeddable":true,"href":"https:\/\/www.imakeyousmile.se\/es\/wp-json\/wp\/v2\/tags?post=1339"}],"curies":[{"name":"wp","href":"https:\/\/api.w.org\/{rel}","templated":true}]}}