{"id":1350,"date":"2011-09-15T11:32:00","date_gmt":"2011-09-15T09:32:00","guid":{"rendered":"http:\/\/www.imakeyousmile.se\/bla-gron-lila-och-orange-sminkning\/"},"modified":"2011-09-15T11:32:00","modified_gmt":"2011-09-15T09:32:00","slug":"bla-gron-lila-och-orange-sminkning","status":"publish","type":"post","link":"https:\/\/www.imakeyousmile.se\/es\/bla-verde-morado-y-maquillaje-naranja\/","title":{"rendered":"Maquillaje azul, verde, morado y naranja"},"content":{"rendered":"<div style=\"clear: both; text-align: left;\"><em>\u00a1Qu\u00e9 mezcla de colores!<\/em><\/div>\n<div style=\"clear: both; text-align: left;\"><\/div>\n<div style=\"clear: both; text-align: left;\">Hanna <span style=\"font-size: x-large;\">fotografiado<\/span> hoy antes de su curso de fotograf\u00eda, una foto de maquillaje y una deshecha.<\/div>\n<div style=\"clear: both; text-align: left;\"><\/div>\n<div style=\"clear: both; text-align: left;\">Luego quiso que hiciera un maquillaje muy colorido que realmente parec\u00eda corto. Por cierto, pude hacer lo que quer\u00eda.<\/div>\n<div style=\"clear: both; text-align: left;\"><\/div>\n<div style=\"clear: both; text-align: left;\">\u00a1Este fue el resultado!<\/div>\n<div style=\"clear: both; text-align: center;\"><\/div>\n<div style=\"clear: both; text-align: center;\"><a href=\"http:\/\/4.bp.blogspot.com\/-YtDP1cKlZrk\/TnHRITMvevI\/AAAAAAAAEMw\/GAoliRCze2c\/s1600\/DSC_0567.JPG\" style=\"margin-left: 1em; margin-right: 1em;\"><img decoding=\"async\" border=\"0\" height=\"289px\" rba=\"true\" src=\"http:\/\/4.bp.blogspot.com\/-YtDP1cKlZrk\/TnHRITMvevI\/AAAAAAAAEMw\/GAoliRCze2c\/s320\/DSC_0567.JPG\" width=\"320px\" \/><\/a><\/div>\n<div style=\"clear: both; text-align: center;\"><em>(Todas las sombras de ojos son de H&amp;M, excepto <span style=\"color: #e69138;\"><strong>naranja<\/strong><\/span> que es de la paleta 180)<\/em><\/div>\n<div style=\"clear: both; text-align: center;\"><\/div>\n<div style=\"clear: both; text-align: center;\"><span style=\"color: #a64d79; font-size: large;\"><strong>P\u00farpura <\/strong><\/span>sombra de ojos en el interior del p\u00e1rpado y en la parte inferior de la l\u00ednea de las pesta\u00f1as inferiores.<\/div>\n<div style=\"clear: both; text-align: center;\"><span style=\"color: #6aa84f; font-size: large;\"><strong>Verde<\/strong><\/span> sombra de ojos en el medio del p\u00e1rpado y en el medio de la l\u00ednea de las pesta\u00f1as inferiores.<\/div>\n<div style=\"clear: both; text-align: center;\"><span style=\"color: #e69138; font-size: large;\"><strong>naranja<\/strong><\/span> sombra de ojos al final del p\u00e1rpado.<\/div>\n<div style=\"clear: both; text-align: center;\"><span style=\"color: blue; font-size: large;\"><strong>Azul<\/strong><\/span> sombra de ojos al final de la l\u00ednea de las pesta\u00f1as inferiores y a lo largo de la l\u00ednea del globo.<\/div>\n<div style=\"clear: both; text-align: center;\"><span style=\"color: #999999; font-size: large;\">Blanco<\/span> Sombra de ojos brillante en el rabillo del ojo.<\/div>\n<div style=\"clear: both; text-align: center;\"><\/div>\n<div style=\"clear: both; text-align: center;\"><strong><span style=\"font-size: large;\">Delineador de ojos negro<\/span><\/strong> en la l\u00ednea de las pesta\u00f1as superiores y al final de la l\u00ednea de las pesta\u00f1as inferiores, <em>H&amp;M<\/em>.<\/div>\n<p><\/p>\n<div style=\"clear: both; text-align: center;\"><a href=\"http:\/\/3.bp.blogspot.com\/-EP51eLxOM5U\/TnHRJXW-zKI\/AAAAAAAAEM0\/CuLenVuyixQ\/s1600\/DSC_0563.JPG\" style=\"margin-left: 1em; margin-right: 1em;\"><img decoding=\"async\" border=\"0\" height=\"246px\" rba=\"true\" src=\"http:\/\/3.bp.blogspot.com\/-EP51eLxOM5U\/TnHRJXW-zKI\/AAAAAAAAEM0\/CuLenVuyixQ\/s320\/DSC_0563.JPG\" width=\"320px\" \/><\/a><\/div>\n<div style=\"clear: both; text-align: center;\"><a href=\"http:\/\/4.bp.blogspot.com\/-J4qWd8-R__o\/TnHRL5oXGCI\/AAAAAAAAEM8\/94ZuxGQMZyg\/s1600\/DSC_0595.JPG\" style=\"margin-left: 1em; margin-right: 1em;\"><img decoding=\"async\" border=\"0\" height=\"640px\" rba=\"true\" src=\"http:\/\/4.bp.blogspot.com\/-J4qWd8-R__o\/TnHRL5oXGCI\/AAAAAAAAEM8\/94ZuxGQMZyg\/s640\/DSC_0595.JPG\" width=\"428px\" \/><\/a><\/div>\n<p>Tambi\u00e9n he tenido tiempo <span style=\"font-size: x-large;\">noppa<\/span> Las cejas de Julia hoy. \u00a1Pero te lo mostrar\u00e9 m\u00e1s tarde!<\/p>\n<p>Ahora ir\u00e9 a la clase de matem\u00e1ticas, con el director como suplente. Veremos como termina :)<\/p>\n<div style=\"text-align: center;\"><span style=\"font-size: x-large;\">\u00a1Que tengas un buen d\u00eda!<\/span><\/div>","protected":false},"excerpt":{"rendered":"<p>Vilken f\u00e4rgblandning! Hanna fotograferade mig idag inf\u00f6r sin fotokurs, en sminkad bild och en osminkad. Hon ville d\u00e5 att jag skulle g\u00f6ra en v\u00e4ldigt f\u00e4rgglad sminkning som verkligen syndes p\u00e5 kort.\u00a0F\u00f6r \u00f6vrigt\u00a0fick jag g\u00f6ra som jag ville. Detta blev resultatet! (Alla \u00f6gonskuggor \u00e4r fr\u00e5n H&#038;M, f\u00f6rutom orange som \u00e4r fr\u00e5n 180 paletten) Lila \u00f6gonskugga innerst [&hellip;]<\/p>\n","protected":false},"author":30,"featured_media":0,"comment_status":"open","ping_status":"open","sticky":false,"template":"","format":"standard","meta":{"footnotes":""},"categories":[3],"tags":[],"class_list":["post-1350","post","type-post","status-publish","format-standard","hentry","category-allmant"],"yoast_head":"<!-- This site is optimized with the Yoast SEO Premium plugin v14.9 - https:\/\/yoast.com\/wordpress\/plugins\/seo\/ -->\n<meta name=\"description\" content=\"Bl\u00e5, Gr\u00f6n, Lila och Orange sminkning | Helena Amiley - H\u00e4r hittar du senaste infromation om sk\u00f6nhet, livsstil, entrepren\u00f6rskap, makeup &amp; tips.\" \/>\n<meta name=\"robots\" content=\"index, follow, max-snippet:-1, max-image-preview:large, max-video-preview:-1\" \/>\n<link rel=\"canonical\" href=\"https:\/\/www.imakeyousmile.se\/es\/bla-gron-lila-och-orange-sminkning\/\" \/>\n<meta property=\"og:locale\" content=\"es_ES\" \/>\n<meta property=\"og:type\" content=\"article\" \/>\n<meta property=\"og:title\" content=\"Bl\u00e5, Gr\u00f6n, Lila och Orange sminkning | Imakeyousmile.se\" \/>\n<meta property=\"og:description\" content=\"Bl\u00e5, Gr\u00f6n, Lila och Orange sminkning | Helena Amiley - H\u00e4r hittar du senaste infromation om sk\u00f6nhet, livsstil, entrepren\u00f6rskap, makeup &amp; tips.\" \/>\n<meta property=\"og:url\" content=\"https:\/\/www.imakeyousmile.se\/es\/bla-gron-lila-och-orange-sminkning\/\" \/>\n<meta property=\"og:site_name\" content=\"Imakeyousmile.se\" \/>\n<meta property=\"article:author\" content=\"https:\/\/www.facebook.com\/imakeyousmile.se\" \/>\n<meta property=\"article:published_time\" content=\"2011-09-15T09:32:00+00:00\" \/>\n<meta property=\"og:image\" content=\"http:\/\/4.bp.blogspot.com\/-YtDP1cKlZrk\/TnHRITMvevI\/AAAAAAAAEMw\/GAoliRCze2c\/s320\/DSC_0567.JPG\" \/>\n<meta name=\"twitter:card\" content=\"summary_large_image\" \/>\n<script type=\"application\/ld+json\" class=\"yoast-schema-graph\">{\"@context\":\"https:\/\/schema.org\",\"@graph\":[{\"@type\":\"Organization\",\"@id\":\"https:\/\/www.imakeyousmile.se\/es\/#organization\",\"name\":\"Imakeyousmile\",\"url\":\"https:\/\/www.imakeyousmile.se\/es\/\",\"sameAs\":[],\"logo\":{\"@type\":\"ImageObject\",\"@id\":\"https:\/\/www.imakeyousmile.se\/es\/#logo\",\"inLanguage\":\"es\",\"url\":\"https:\/\/www.imakeyousmile.se\/wp-content\/uploads\/2020\/10\/HELENA-AMILEY_SVART-1-e1603367975324.png\",\"width\":280,\"height\":93,\"caption\":\"Imakeyousmile\"},\"image\":{\"@id\":\"https:\/\/www.imakeyousmile.se\/es\/#logo\"}},{\"@type\":\"WebSite\",\"@id\":\"https:\/\/www.imakeyousmile.se\/es\/#website\",\"url\":\"https:\/\/www.imakeyousmile.se\/es\/\",\"name\":\"Imakeyousmile.se\",\"description\":\"Helena Amiley - Beauty, Entrepreneur, Lifestyle\",\"publisher\":{\"@id\":\"https:\/\/www.imakeyousmile.se\/es\/#organization\"},\"potentialAction\":[{\"@type\":\"SearchAction\",\"target\":\"https:\/\/www.imakeyousmile.se\/es\/?s={search_term_string}\",\"query-input\":\"required name=search_term_string\"}],\"inLanguage\":\"es\"},{\"@type\":\"ImageObject\",\"@id\":\"https:\/\/www.imakeyousmile.se\/bla-gron-lila-och-orange-sminkning\/#primaryimage\",\"inLanguage\":\"es\",\"url\":\"http:\/\/4.bp.blogspot.com\/-YtDP1cKlZrk\/TnHRITMvevI\/AAAAAAAAEMw\/GAoliRCze2c\/s320\/DSC_0567.JPG\"},{\"@type\":\"WebPage\",\"@id\":\"https:\/\/www.imakeyousmile.se\/bla-gron-lila-och-orange-sminkning\/#webpage\",\"url\":\"https:\/\/www.imakeyousmile.se\/bla-gron-lila-och-orange-sminkning\/\",\"name\":\"Bl\\u00e5, Gr\\u00f6n, Lila och Orange sminkning | Imakeyousmile.se\",\"isPartOf\":{\"@id\":\"https:\/\/www.imakeyousmile.se\/es\/#website\"},\"primaryImageOfPage\":{\"@id\":\"https:\/\/www.imakeyousmile.se\/bla-gron-lila-och-orange-sminkning\/#primaryimage\"},\"datePublished\":\"2011-09-15T09:32:00+00:00\",\"dateModified\":\"2011-09-15T09:32:00+00:00\",\"description\":\"Bl\\u00e5, Gr\\u00f6n, Lila och Orange sminkning | Helena Amiley - H\\u00e4r hittar du senaste infromation om sk\\u00f6nhet, livsstil, entrepren\\u00f6rskap, makeup & tips.\",\"inLanguage\":\"es\",\"potentialAction\":[{\"@type\":\"ReadAction\",\"target\":[\"https:\/\/www.imakeyousmile.se\/bla-gron-lila-och-orange-sminkning\/\"]}]},{\"@type\":\"Article\",\"@id\":\"https:\/\/www.imakeyousmile.se\/bla-gron-lila-och-orange-sminkning\/#article\",\"isPartOf\":{\"@id\":\"https:\/\/www.imakeyousmile.se\/bla-gron-lila-och-orange-sminkning\/#webpage\"},\"author\":{\"@id\":\"https:\/\/www.imakeyousmile.se\/es\/#\/schema\/person\/b0fd43b1c6bb1c60cfd68bff9b4a10fb\"},\"headline\":\"Bl\\u00e5, Gr\\u00f6n, Lila och Orange sminkning\",\"datePublished\":\"2011-09-15T09:32:00+00:00\",\"dateModified\":\"2011-09-15T09:32:00+00:00\",\"mainEntityOfPage\":{\"@id\":\"https:\/\/www.imakeyousmile.se\/bla-gron-lila-och-orange-sminkning\/#webpage\"},\"commentCount\":0,\"publisher\":{\"@id\":\"https:\/\/www.imakeyousmile.se\/es\/#organization\"},\"image\":{\"@id\":\"https:\/\/www.imakeyousmile.se\/bla-gron-lila-och-orange-sminkning\/#primaryimage\"},\"articleSection\":\"\\u00d6vrigt\",\"inLanguage\":\"es\",\"potentialAction\":[{\"@type\":\"CommentAction\",\"name\":\"Comment\",\"target\":[\"https:\/\/www.imakeyousmile.se\/bla-gron-lila-och-orange-sminkning\/#respond\"]}]},{\"@type\":\"Person\",\"@id\":\"https:\/\/www.imakeyousmile.se\/es\/#\/schema\/person\/b0fd43b1c6bb1c60cfd68bff9b4a10fb\",\"name\":\"Helena Amiley\",\"image\":{\"@type\":\"ImageObject\",\"@id\":\"https:\/\/www.imakeyousmile.se\/es\/#personlogo\",\"inLanguage\":\"es\",\"url\":\"https:\/\/secure.gravatar.com\/avatar\/5645558e1e355457a23368d7e1b4c904?s=96&d=mm&r=g\",\"caption\":\"Helena Amiley\"},\"description\":\"Jag skriver mest om sk\\u00f6nhet men bjuder \\u00e4ven p\\u00e5 glimtar fr\\u00e5n entrepren\\u00f6rlivet och bygget av v\\u00e5r egen camper van. Vanlife here we come!\",\"sameAs\":[\"https:\/\/www.facebook.com\/imakeyousmile.se\",\"https:\/\/www.instagram.com\/helenaamiley\",\"https:\/\/www.youtube.com\/channel\/UCR5iB6rvpV6Yr8ZjpQfr5mg?view_as=subscriber\"]}]}<\/script>\n<!-- \/ Yoast SEO Premium plugin. -->","_links":{"self":[{"href":"https:\/\/www.imakeyousmile.se\/es\/wp-json\/wp\/v2\/posts\/1350"}],"collection":[{"href":"https:\/\/www.imakeyousmile.se\/es\/wp-json\/wp\/v2\/posts"}],"about":[{"href":"https:\/\/www.imakeyousmile.se\/es\/wp-json\/wp\/v2\/types\/post"}],"author":[{"embeddable":true,"href":"https:\/\/www.imakeyousmile.se\/es\/wp-json\/wp\/v2\/users\/30"}],"replies":[{"embeddable":true,"href":"https:\/\/www.imakeyousmile.se\/es\/wp-json\/wp\/v2\/comments?post=1350"}],"version-history":[{"count":0,"href":"https:\/\/www.imakeyousmile.se\/es\/wp-json\/wp\/v2\/posts\/1350\/revisions"}],"wp:attachment":[{"href":"https:\/\/www.imakeyousmile.se\/es\/wp-json\/wp\/v2\/media?parent=1350"}],"wp:term":[{"taxonomy":"category","embeddable":true,"href":"https:\/\/www.imakeyousmile.se\/es\/wp-json\/wp\/v2\/categories?post=1350"},{"taxonomy":"post_tag","embeddable":true,"href":"https:\/\/www.imakeyousmile.se\/es\/wp-json\/wp\/v2\/tags?post=1350"}],"curies":[{"name":"wp","href":"https:\/\/api.w.org\/{rel}","templated":true}]}}