{"id":1356,"date":"2011-09-12T21:43:00","date_gmt":"2011-09-12T19:43:00","guid":{"rendered":"http:\/\/www.imakeyousmile.se\/fargglad-sminkning-gron-orange-gul\/"},"modified":"2011-09-12T21:43:00","modified_gmt":"2011-09-12T19:43:00","slug":"fargglad-sminkning-gron-orange-gul","status":"publish","type":"post","link":"https:\/\/www.imakeyousmile.se\/es\/maquillaje-colorido-verde-naranja-amarillo\/","title":{"rendered":"Maquillaje colorido: verde, naranja y amarillo"},"content":{"rendered":"<div style=\"clear: both; text-align: left;\">Hoy hice una verdadera ganga, un maquillaje in\u00e9dito, editado y listo !! Con crueldad.<\/div>\n<div style=\"clear: both; text-align: left;\"><\/div>\n<div style=\"clear: both; text-align: left;\">En realidad es bastante antiguo, el 22 de agosto lo ten\u00eda para ser exactos. Meeen quien cuenta como\u2026;)<\/div>\n<div style=\"clear: both; text-align: center;\"><\/div>\n<div style=\"clear: both; text-align: center;\"><a href=\"http:\/\/2.bp.blogspot.com\/-IZMC3_uozG8\/Tm5qHDtuYoI\/AAAAAAAAEMA\/gEhkFpUItig\/s1600\/kamera+1+103.jpg\" style=\"margin-left: 1em; margin-right: 1em;\"><img decoding=\"async\" border=\"0\" height=\"296px\" nba=\"true\" src=\"http:\/\/2.bp.blogspot.com\/-IZMC3_uozG8\/Tm5qHDtuYoI\/AAAAAAAAEMA\/gEhkFpUItig\/s320\/kamera+1+103.jpg\" width=\"320px\" \/><\/a><\/div>\n<div style=\"clear: both; text-align: center;\"><em>(Todas las sombras de ojos son de la paleta 180)<\/em><\/div>\n<div style=\"clear: both; text-align: center;\"><\/div>\n<div style=\"clear: both; text-align: center;\"><strong><span style=\"font-size: large;\"><span style=\"color: #f1c232;\">Amarillo<\/span> <\/span><\/strong>sombra de ojos en la esquina del ojo y en la parte inferior de la l\u00ednea de las pesta\u00f1as inferiores.<\/div>\n<div style=\"clear: both; text-align: center;\"><span style=\"color: #e69138; font-size: large;\"><strong>naranja<\/strong><\/span> sombra de ojos en el interior del p\u00e1rpado.<\/div>\n<div style=\"clear: both; text-align: center;\"><span style=\"color: #6aa84f; font-size: large;\"><strong>Verde<\/strong><\/span> sombra de ojos en el medio del p\u00e1rpado y en el medio de la l\u00ednea de las pesta\u00f1as inferiores.<\/div>\n<div style=\"clear: both; text-align: center;\"><span style=\"color: #38761d; font-size: large;\"><strong>Verde oscuro<\/strong><\/span> sombra de ojos al final de la l\u00ednea de las pesta\u00f1as inferiores y a lo largo de la l\u00ednea del globo.<\/div>\n<div style=\"clear: both; text-align: center;\"><span style=\"color: #ffd966; font-size: large;\"><strong>Amarillo claro<\/strong><\/span> sombra de ojos en el rabillo del ojo.<\/div>\n<p><\/p>\n<div style=\"clear: both; text-align: center;\"><a href=\"http:\/\/2.bp.blogspot.com\/-0FR3MiT-E_g\/Tm5re2uk5bI\/AAAAAAAAEME\/Sl1GjfukYSU\/s1600\/kamera+1+106.jpg\" style=\"margin-left: 1em; margin-right: 1em;\"><img decoding=\"async\" border=\"0\" height=\"640px\" nba=\"true\" src=\"http:\/\/2.bp.blogspot.com\/-0FR3MiT-E_g\/Tm5re2uk5bI\/AAAAAAAAEME\/Sl1GjfukYSU\/s640\/kamera+1+106.jpg\" width=\"428px\" \/><\/a><\/div>\n<div style=\"clear: both; text-align: center;\"><span style=\"color: #ea9999;\"><strong>Rosa claro<\/strong><\/span> brillo de labios, <em>H&amp;M<\/em>.<\/div>\n<div style=\"clear: both; text-align: center;\"><\/div>\n<div style=\"clear: both; text-align: center;\"><\/div>\n<div style=\"clear: both; text-align: left;\">Por cierto, mi d\u00eda ha sido realmente bueno. Pas\u00e9 muchas horas con la familia para celebrar el cumplea\u00f1os de mi hermana Malin. Mucho caf\u00e9 y varias tazas de caf\u00e9 adelgazan. <span style=\"font-size: x-large;\">\u00a1Felicitaciones malin!<\/span> <span style=\"font-size: large;\">:)<\/span><\/div>\n<p>Ahora paso la noche en la habitaci\u00f3n de Nicolin en la escuela. Acabo de hablar muchas cosas sobre el fin de semana que ha sido, y ahora estamos en su cama frente a la computadora del otro.<\/p>\n<p><\/p>\n<div style=\"text-align: center;\"><span style=\"font-size: x-large;\">Un final muy agradable para el d\u00eda.<\/span><span style=\"font-size: x-large;\">!<\/span><\/div>","protected":false},"excerpt":{"rendered":"<p>Idag gjorde jag ett riktigt fynd, en opublicerad sminkning, redigerad och klar!! Grymt. Den \u00e4r faktiskt ganska gammal, 22 augusti hade jag den f\u00f6r att vara exakt. Meeen vem r\u00e4knar liksom&#8230; ;) (Alla \u00f6gonskuggor \u00e4r fr\u00e5n 180 paletten) Gul \u00f6gonskugga\u00a0i \u00f6gonvr\u00e5n\u00a0och innerst p\u00e5 undre fransraden. Orange \u00f6gonskugga innerst p\u00e5 \u00f6gonlocket. Gr\u00f6n \u00f6gonskugga i mitten av [&hellip;]<\/p>\n","protected":false},"author":30,"featured_media":0,"comment_status":"open","ping_status":"open","sticky":false,"template":"","format":"standard","meta":{"footnotes":""},"categories":[3],"tags":[],"class_list":["post-1356","post","type-post","status-publish","format-standard","hentry","category-allmant"],"yoast_head":"<!-- This site is optimized with the Yoast SEO Premium plugin v14.9 - https:\/\/yoast.com\/wordpress\/plugins\/seo\/ -->\n<meta name=\"description\" content=\"F\u00e4rgglad sminkning - Gr\u00f6n, Orange &amp; Gul | Helena Amiley - H\u00e4r hittar du senaste infromation om sk\u00f6nhet, livsstil, entrepren\u00f6rskap, makeup &amp; tips.\" \/>\n<meta name=\"robots\" content=\"index, follow, max-snippet:-1, max-image-preview:large, max-video-preview:-1\" \/>\n<link rel=\"canonical\" href=\"https:\/\/www.imakeyousmile.se\/es\/fargglad-sminkning-gron-orange-gul\/\" \/>\n<meta property=\"og:locale\" content=\"es_ES\" \/>\n<meta property=\"og:type\" content=\"article\" \/>\n<meta property=\"og:title\" content=\"F\u00e4rgglad sminkning - Gr\u00f6n, Orange &amp; Gul | Imakeyousmile.se\" \/>\n<meta property=\"og:description\" content=\"F\u00e4rgglad sminkning - Gr\u00f6n, Orange &amp; Gul | Helena Amiley - H\u00e4r hittar du senaste infromation om sk\u00f6nhet, livsstil, entrepren\u00f6rskap, makeup &amp; tips.\" \/>\n<meta property=\"og:url\" content=\"https:\/\/www.imakeyousmile.se\/es\/fargglad-sminkning-gron-orange-gul\/\" \/>\n<meta property=\"og:site_name\" content=\"Imakeyousmile.se\" \/>\n<meta property=\"article:author\" content=\"https:\/\/www.facebook.com\/imakeyousmile.se\" \/>\n<meta property=\"article:published_time\" content=\"2011-09-12T19:43:00+00:00\" \/>\n<meta property=\"og:image\" content=\"http:\/\/2.bp.blogspot.com\/-IZMC3_uozG8\/Tm5qHDtuYoI\/AAAAAAAAEMA\/gEhkFpUItig\/s320\/kamera+1+103.jpg\" \/>\n<meta name=\"twitter:card\" content=\"summary_large_image\" \/>\n<script type=\"application\/ld+json\" class=\"yoast-schema-graph\">{\"@context\":\"https:\/\/schema.org\",\"@graph\":[{\"@type\":\"Organization\",\"@id\":\"https:\/\/www.imakeyousmile.se\/es\/#organization\",\"name\":\"Imakeyousmile\",\"url\":\"https:\/\/www.imakeyousmile.se\/es\/\",\"sameAs\":[],\"logo\":{\"@type\":\"ImageObject\",\"@id\":\"https:\/\/www.imakeyousmile.se\/es\/#logo\",\"inLanguage\":\"es\",\"url\":\"https:\/\/www.imakeyousmile.se\/wp-content\/uploads\/2020\/10\/HELENA-AMILEY_SVART-1-e1603367975324.png\",\"width\":280,\"height\":93,\"caption\":\"Imakeyousmile\"},\"image\":{\"@id\":\"https:\/\/www.imakeyousmile.se\/es\/#logo\"}},{\"@type\":\"WebSite\",\"@id\":\"https:\/\/www.imakeyousmile.se\/es\/#website\",\"url\":\"https:\/\/www.imakeyousmile.se\/es\/\",\"name\":\"Imakeyousmile.se\",\"description\":\"Helena Amiley - Beauty, Entrepreneur, Lifestyle\",\"publisher\":{\"@id\":\"https:\/\/www.imakeyousmile.se\/es\/#organization\"},\"potentialAction\":[{\"@type\":\"SearchAction\",\"target\":\"https:\/\/www.imakeyousmile.se\/es\/?s={search_term_string}\",\"query-input\":\"required name=search_term_string\"}],\"inLanguage\":\"es\"},{\"@type\":\"ImageObject\",\"@id\":\"https:\/\/www.imakeyousmile.se\/fargglad-sminkning-gron-orange-gul\/#primaryimage\",\"inLanguage\":\"es\",\"url\":\"http:\/\/2.bp.blogspot.com\/-IZMC3_uozG8\/Tm5qHDtuYoI\/AAAAAAAAEMA\/gEhkFpUItig\/s320\/kamera+1+103.jpg\"},{\"@type\":\"WebPage\",\"@id\":\"https:\/\/www.imakeyousmile.se\/fargglad-sminkning-gron-orange-gul\/#webpage\",\"url\":\"https:\/\/www.imakeyousmile.se\/fargglad-sminkning-gron-orange-gul\/\",\"name\":\"F\\u00e4rgglad sminkning - Gr\\u00f6n, Orange & Gul | Imakeyousmile.se\",\"isPartOf\":{\"@id\":\"https:\/\/www.imakeyousmile.se\/es\/#website\"},\"primaryImageOfPage\":{\"@id\":\"https:\/\/www.imakeyousmile.se\/fargglad-sminkning-gron-orange-gul\/#primaryimage\"},\"datePublished\":\"2011-09-12T19:43:00+00:00\",\"dateModified\":\"2011-09-12T19:43:00+00:00\",\"description\":\"F\\u00e4rgglad sminkning - Gr\\u00f6n, Orange & Gul | Helena Amiley - H\\u00e4r hittar du senaste infromation om sk\\u00f6nhet, livsstil, entrepren\\u00f6rskap, makeup & tips.\",\"inLanguage\":\"es\",\"potentialAction\":[{\"@type\":\"ReadAction\",\"target\":[\"https:\/\/www.imakeyousmile.se\/fargglad-sminkning-gron-orange-gul\/\"]}]},{\"@type\":\"Article\",\"@id\":\"https:\/\/www.imakeyousmile.se\/fargglad-sminkning-gron-orange-gul\/#article\",\"isPartOf\":{\"@id\":\"https:\/\/www.imakeyousmile.se\/fargglad-sminkning-gron-orange-gul\/#webpage\"},\"author\":{\"@id\":\"https:\/\/www.imakeyousmile.se\/es\/#\/schema\/person\/b0fd43b1c6bb1c60cfd68bff9b4a10fb\"},\"headline\":\"F\\u00e4rgglad sminkning &#8211; Gr\\u00f6n, Orange &#038; Gul\",\"datePublished\":\"2011-09-12T19:43:00+00:00\",\"dateModified\":\"2011-09-12T19:43:00+00:00\",\"mainEntityOfPage\":{\"@id\":\"https:\/\/www.imakeyousmile.se\/fargglad-sminkning-gron-orange-gul\/#webpage\"},\"commentCount\":0,\"publisher\":{\"@id\":\"https:\/\/www.imakeyousmile.se\/es\/#organization\"},\"image\":{\"@id\":\"https:\/\/www.imakeyousmile.se\/fargglad-sminkning-gron-orange-gul\/#primaryimage\"},\"articleSection\":\"\\u00d6vrigt\",\"inLanguage\":\"es\",\"potentialAction\":[{\"@type\":\"CommentAction\",\"name\":\"Comment\",\"target\":[\"https:\/\/www.imakeyousmile.se\/fargglad-sminkning-gron-orange-gul\/#respond\"]}]},{\"@type\":\"Person\",\"@id\":\"https:\/\/www.imakeyousmile.se\/es\/#\/schema\/person\/b0fd43b1c6bb1c60cfd68bff9b4a10fb\",\"name\":\"Helena Amiley\",\"image\":{\"@type\":\"ImageObject\",\"@id\":\"https:\/\/www.imakeyousmile.se\/es\/#personlogo\",\"inLanguage\":\"es\",\"url\":\"https:\/\/secure.gravatar.com\/avatar\/5645558e1e355457a23368d7e1b4c904?s=96&d=mm&r=g\",\"caption\":\"Helena Amiley\"},\"description\":\"Jag skriver mest om sk\\u00f6nhet men bjuder \\u00e4ven p\\u00e5 glimtar fr\\u00e5n entrepren\\u00f6rlivet och bygget av v\\u00e5r egen camper van. Vanlife here we come!\",\"sameAs\":[\"https:\/\/www.facebook.com\/imakeyousmile.se\",\"https:\/\/www.instagram.com\/helenaamiley\",\"https:\/\/www.youtube.com\/channel\/UCR5iB6rvpV6Yr8ZjpQfr5mg?view_as=subscriber\"]}]}<\/script>\n<!-- \/ Yoast SEO Premium plugin. -->","_links":{"self":[{"href":"https:\/\/www.imakeyousmile.se\/es\/wp-json\/wp\/v2\/posts\/1356"}],"collection":[{"href":"https:\/\/www.imakeyousmile.se\/es\/wp-json\/wp\/v2\/posts"}],"about":[{"href":"https:\/\/www.imakeyousmile.se\/es\/wp-json\/wp\/v2\/types\/post"}],"author":[{"embeddable":true,"href":"https:\/\/www.imakeyousmile.se\/es\/wp-json\/wp\/v2\/users\/30"}],"replies":[{"embeddable":true,"href":"https:\/\/www.imakeyousmile.se\/es\/wp-json\/wp\/v2\/comments?post=1356"}],"version-history":[{"count":0,"href":"https:\/\/www.imakeyousmile.se\/es\/wp-json\/wp\/v2\/posts\/1356\/revisions"}],"wp:attachment":[{"href":"https:\/\/www.imakeyousmile.se\/es\/wp-json\/wp\/v2\/media?parent=1356"}],"wp:term":[{"taxonomy":"category","embeddable":true,"href":"https:\/\/www.imakeyousmile.se\/es\/wp-json\/wp\/v2\/categories?post=1356"},{"taxonomy":"post_tag","embeddable":true,"href":"https:\/\/www.imakeyousmile.se\/es\/wp-json\/wp\/v2\/tags?post=1356"}],"curies":[{"name":"wp","href":"https:\/\/api.w.org\/{rel}","templated":true}]}}