{"id":1374,"date":"2011-08-29T22:58:00","date_gmt":"2011-08-29T20:58:00","guid":{"rendered":"http:\/\/www.imakeyousmile.se\/sa-fel-det-kan-bli\/"},"modified":"2011-08-29T22:58:00","modified_gmt":"2011-08-29T20:58:00","slug":"sa-fel-det-kan-bli","status":"publish","type":"post","link":"https:\/\/www.imakeyousmile.se\/es\/dicho-mal-puede-ser\/","title":{"rendered":"Que mal puede ser"},"content":{"rendered":"<p><strong>Conversaci\u00f3n entre Nicolin y yo, mientras ambos estamos sentados frente a la computadora:<\/strong><\/p>\n<p>YO - <em>\u00a1\u00a1\u00a1OH NO!!! \u00a1Estaba equivocado! \u00a1Atr\u00e1s, atr\u00e1s, atr\u00e1s!<\/em><br \/>Nico - <em>\u00bfTres panaderos?<\/em><br \/>YO - <em>\u00a1Est\u00e1s tan obsesionado con el sexo celestial!<\/em><br \/>Nico - <em>\u00bfQu\u00e9 pensaste que dije?<\/em><br \/>YO - <em>Tres panaderos. \u00bfComo en tres culos?<\/em><br \/>Nico - <em>No. Me refiero a tres piezas que se paran y se hornean, como bollos.<\/em><br \/>YO - <em>Jaha ...<\/em><\/p>\n<div style=\"border-bottom: medium none; border-left: medium none; border-right: medium none; border-top: medium none; text-align: left;\"><span style=\"font-size: x-large;\">\u00bfQuiz\u00e1s estoy un poco obsesionado?<\/span><\/div>\n<div style=\"border-bottom: medium none; border-left: medium none; border-right: medium none; border-top: medium none; text-align: center;\"><\/div>\n<div style=\"border-bottom: medium none; border-left: medium none; border-right: medium none; border-top: medium none; clear: both; text-align: center;\"><a href=\"http:\/\/3.bp.blogspot.com\/-E8Lzp2gAuY4\/TlwK37Jo7nI\/AAAAAAAAEJs\/PWAmqGSECuo\/s1600\/namnl%25C3%25B6s.bmp\" style=\"margin-left: 1em; margin-right: 1em;\"><img decoding=\"async\" border=\"0\" height=\"395px\" qaa=\"true\" src=\"http:\/\/3.bp.blogspot.com\/-E8Lzp2gAuY4\/TlwK37Jo7nI\/AAAAAAAAEJs\/PWAmqGSECuo\/s400\/namnl%25C3%25B6s.bmp\" width=\"400px\" \/><\/a><\/div>","protected":false},"excerpt":{"rendered":"<p>Konversation mellan mig och Nicolin, medan b\u00e5da sitter framf\u00f6r datorn: Jag &#8211; \u00c5HNEJ!!! Jag tr\u00f6ck fel! Tillbaka, tillbaka, tillbaka!!!Nico &#8211; Tre bakar?Jag &#8211; Du \u00e4r s\u00e5 himla sexfixerad!Nico &#8211; Vad trodde du jag sa?Jag &#8211; Tre bakar. Som i tre rumpor?Nico &#8211; Nej. Jag menade tre stycken som st\u00e5r och bakar, typ bullar.Jag &#8211; Jaha&#8230; [&hellip;]<\/p>\n","protected":false},"author":30,"featured_media":0,"comment_status":"open","ping_status":"open","sticky":false,"template":"","format":"standard","meta":{"footnotes":""},"categories":[3],"tags":[],"class_list":["post-1374","post","type-post","status-publish","format-standard","hentry","category-allmant"],"yoast_head":"<!-- This site is optimized with the Yoast SEO Premium plugin v14.9 - https:\/\/yoast.com\/wordpress\/plugins\/seo\/ -->\n<meta name=\"description\" content=\"S\u00e5 fel det kan bli | Helena Amiley - H\u00e4r hittar du senaste infromation om sk\u00f6nhet, livsstil, entrepren\u00f6rskap, makeup &amp; tips.\" \/>\n<meta name=\"robots\" content=\"index, follow, max-snippet:-1, max-image-preview:large, max-video-preview:-1\" \/>\n<link rel=\"canonical\" href=\"https:\/\/www.imakeyousmile.se\/es\/sa-fel-det-kan-bli\/\" \/>\n<meta property=\"og:locale\" content=\"es_ES\" \/>\n<meta property=\"og:type\" content=\"article\" \/>\n<meta property=\"og:title\" content=\"S\u00e5 fel det kan bli | Imakeyousmile.se\" \/>\n<meta property=\"og:description\" content=\"S\u00e5 fel det kan bli | Helena Amiley - H\u00e4r hittar du senaste infromation om sk\u00f6nhet, livsstil, entrepren\u00f6rskap, makeup &amp; tips.\" \/>\n<meta property=\"og:url\" content=\"https:\/\/www.imakeyousmile.se\/es\/sa-fel-det-kan-bli\/\" \/>\n<meta property=\"og:site_name\" content=\"Imakeyousmile.se\" \/>\n<meta property=\"article:author\" content=\"https:\/\/www.facebook.com\/imakeyousmile.se\" \/>\n<meta property=\"article:published_time\" content=\"2011-08-29T20:58:00+00:00\" \/>\n<meta property=\"og:image\" content=\"http:\/\/3.bp.blogspot.com\/-E8Lzp2gAuY4\/TlwK37Jo7nI\/AAAAAAAAEJs\/PWAmqGSECuo\/s400\/namnl%25C3%25B6s.bmp\" \/>\n<meta name=\"twitter:card\" content=\"summary_large_image\" \/>\n<script type=\"application\/ld+json\" class=\"yoast-schema-graph\">{\"@context\":\"https:\/\/schema.org\",\"@graph\":[{\"@type\":\"Organization\",\"@id\":\"https:\/\/www.imakeyousmile.se\/es\/#organization\",\"name\":\"Imakeyousmile\",\"url\":\"https:\/\/www.imakeyousmile.se\/es\/\",\"sameAs\":[],\"logo\":{\"@type\":\"ImageObject\",\"@id\":\"https:\/\/www.imakeyousmile.se\/es\/#logo\",\"inLanguage\":\"es\",\"url\":\"https:\/\/www.imakeyousmile.se\/wp-content\/uploads\/2020\/10\/HELENA-AMILEY_SVART-1-e1603367975324.png\",\"width\":280,\"height\":93,\"caption\":\"Imakeyousmile\"},\"image\":{\"@id\":\"https:\/\/www.imakeyousmile.se\/es\/#logo\"}},{\"@type\":\"WebSite\",\"@id\":\"https:\/\/www.imakeyousmile.se\/es\/#website\",\"url\":\"https:\/\/www.imakeyousmile.se\/es\/\",\"name\":\"Imakeyousmile.se\",\"description\":\"Helena Amiley - Beauty, Entrepreneur, Lifestyle\",\"publisher\":{\"@id\":\"https:\/\/www.imakeyousmile.se\/es\/#organization\"},\"potentialAction\":[{\"@type\":\"SearchAction\",\"target\":\"https:\/\/www.imakeyousmile.se\/es\/?s={search_term_string}\",\"query-input\":\"required name=search_term_string\"}],\"inLanguage\":\"es\"},{\"@type\":\"ImageObject\",\"@id\":\"https:\/\/www.imakeyousmile.se\/sa-fel-det-kan-bli\/#primaryimage\",\"inLanguage\":\"es\",\"url\":\"http:\/\/3.bp.blogspot.com\/-E8Lzp2gAuY4\/TlwK37Jo7nI\/AAAAAAAAEJs\/PWAmqGSECuo\/s400\/namnl%25C3%25B6s.bmp\"},{\"@type\":\"WebPage\",\"@id\":\"https:\/\/www.imakeyousmile.se\/sa-fel-det-kan-bli\/#webpage\",\"url\":\"https:\/\/www.imakeyousmile.se\/sa-fel-det-kan-bli\/\",\"name\":\"S\\u00e5 fel det kan bli | Imakeyousmile.se\",\"isPartOf\":{\"@id\":\"https:\/\/www.imakeyousmile.se\/es\/#website\"},\"primaryImageOfPage\":{\"@id\":\"https:\/\/www.imakeyousmile.se\/sa-fel-det-kan-bli\/#primaryimage\"},\"datePublished\":\"2011-08-29T20:58:00+00:00\",\"dateModified\":\"2011-08-29T20:58:00+00:00\",\"description\":\"S\\u00e5 fel det kan bli | Helena Amiley - H\\u00e4r hittar du senaste infromation om sk\\u00f6nhet, livsstil, entrepren\\u00f6rskap, makeup & tips.\",\"inLanguage\":\"es\",\"potentialAction\":[{\"@type\":\"ReadAction\",\"target\":[\"https:\/\/www.imakeyousmile.se\/sa-fel-det-kan-bli\/\"]}]},{\"@type\":\"Article\",\"@id\":\"https:\/\/www.imakeyousmile.se\/sa-fel-det-kan-bli\/#article\",\"isPartOf\":{\"@id\":\"https:\/\/www.imakeyousmile.se\/sa-fel-det-kan-bli\/#webpage\"},\"author\":{\"@id\":\"https:\/\/www.imakeyousmile.se\/es\/#\/schema\/person\/b0fd43b1c6bb1c60cfd68bff9b4a10fb\"},\"headline\":\"S\\u00e5 fel det kan bli\",\"datePublished\":\"2011-08-29T20:58:00+00:00\",\"dateModified\":\"2011-08-29T20:58:00+00:00\",\"mainEntityOfPage\":{\"@id\":\"https:\/\/www.imakeyousmile.se\/sa-fel-det-kan-bli\/#webpage\"},\"commentCount\":0,\"publisher\":{\"@id\":\"https:\/\/www.imakeyousmile.se\/es\/#organization\"},\"image\":{\"@id\":\"https:\/\/www.imakeyousmile.se\/sa-fel-det-kan-bli\/#primaryimage\"},\"articleSection\":\"\\u00d6vrigt\",\"inLanguage\":\"es\",\"potentialAction\":[{\"@type\":\"CommentAction\",\"name\":\"Comment\",\"target\":[\"https:\/\/www.imakeyousmile.se\/sa-fel-det-kan-bli\/#respond\"]}]},{\"@type\":\"Person\",\"@id\":\"https:\/\/www.imakeyousmile.se\/es\/#\/schema\/person\/b0fd43b1c6bb1c60cfd68bff9b4a10fb\",\"name\":\"Helena Amiley\",\"image\":{\"@type\":\"ImageObject\",\"@id\":\"https:\/\/www.imakeyousmile.se\/es\/#personlogo\",\"inLanguage\":\"es\",\"url\":\"https:\/\/secure.gravatar.com\/avatar\/5645558e1e355457a23368d7e1b4c904?s=96&d=mm&r=g\",\"caption\":\"Helena Amiley\"},\"description\":\"Jag skriver mest om sk\\u00f6nhet men bjuder \\u00e4ven p\\u00e5 glimtar fr\\u00e5n entrepren\\u00f6rlivet och bygget av v\\u00e5r egen camper van. Vanlife here we come!\",\"sameAs\":[\"https:\/\/www.facebook.com\/imakeyousmile.se\",\"https:\/\/www.instagram.com\/helenaamiley\",\"https:\/\/www.youtube.com\/channel\/UCR5iB6rvpV6Yr8ZjpQfr5mg?view_as=subscriber\"]}]}<\/script>\n<!-- \/ Yoast SEO Premium plugin. -->","_links":{"self":[{"href":"https:\/\/www.imakeyousmile.se\/es\/wp-json\/wp\/v2\/posts\/1374"}],"collection":[{"href":"https:\/\/www.imakeyousmile.se\/es\/wp-json\/wp\/v2\/posts"}],"about":[{"href":"https:\/\/www.imakeyousmile.se\/es\/wp-json\/wp\/v2\/types\/post"}],"author":[{"embeddable":true,"href":"https:\/\/www.imakeyousmile.se\/es\/wp-json\/wp\/v2\/users\/30"}],"replies":[{"embeddable":true,"href":"https:\/\/www.imakeyousmile.se\/es\/wp-json\/wp\/v2\/comments?post=1374"}],"version-history":[{"count":0,"href":"https:\/\/www.imakeyousmile.se\/es\/wp-json\/wp\/v2\/posts\/1374\/revisions"}],"wp:attachment":[{"href":"https:\/\/www.imakeyousmile.se\/es\/wp-json\/wp\/v2\/media?parent=1374"}],"wp:term":[{"taxonomy":"category","embeddable":true,"href":"https:\/\/www.imakeyousmile.se\/es\/wp-json\/wp\/v2\/categories?post=1374"},{"taxonomy":"post_tag","embeddable":true,"href":"https:\/\/www.imakeyousmile.se\/es\/wp-json\/wp\/v2\/tags?post=1374"}],"curies":[{"name":"wp","href":"https:\/\/api.w.org\/{rel}","templated":true}]}}