{"id":1380,"date":"2011-08-25T17:50:00","date_gmt":"2011-08-25T15:50:00","guid":{"rendered":"http:\/\/www.imakeyousmile.se\/gul-och-orange-sminkning-2\/"},"modified":"2014-08-16T12:37:39","modified_gmt":"2014-08-16T10:37:39","slug":"gul-och-orange-sminkning-2","status":"publish","type":"post","link":"https:\/\/www.imakeyousmile.se\/es\/maquillaje-amarillo-y-naranja-2\/","title":{"rendered":"Maquillaje amarillo y naranja"},"content":{"rendered":"<div style=\"clear: both; text-align: left;\">\u00a1Oh, oh, aqu\u00ed viene el primer maquillaje en mucho tiempo! Incluso funcion\u00f3 bastante bien con Internet hoy, \u00a1genial!<\/div>\n<div style=\"clear: both; text-align: left;\"><\/div>\n<div style=\"clear: both; text-align: left;\">Todas las sombras de ojos son de <em>180 palets<\/em>. Si tiene curiosidad al respecto, puede mirar dentro<span style=\"color: red;\">\u00a0<\/span><a href=\"https:\/\/go.eleven.se\/t\/t?a=1301482047&#038;as=1548102449&#038;t=2&#038;tk=1&#038;epi=search-replace-elevenpaletter&#038;url=https:\/\/eleven.se\/smink\/makeup-set\/set---paletter\"><span style=\"color: red; font-size: large;\"><strong>aqu\u00ed<\/strong><\/span><\/a><\/div>\n<div style=\"clear: both; text-align: center;\"><\/div>\n<div style=\"clear: both; text-align: center;\"><a style=\"margin-left: 1em; margin-right: 1em;\" href=\"http:\/\/3.bp.blogspot.com\/-lDFBZbnBdQI\/TlZ4bIAJuuI\/AAAAAAAAEI4\/LPmbO-F0zhA\/s1600\/kamera+1+077.jpg\"><img decoding=\"async\" src=\"http:\/\/3.bp.blogspot.com\/-lDFBZbnBdQI\/TlZ4bIAJuuI\/AAAAAAAAEI4\/LPmbO-F0zhA\/s320\/kamera+1+077.jpg\" alt=\"\" width=\"320px\" height=\"278px\" border=\"0\" \/><\/a><\/div>\n<div style=\"clear: both; text-align: center;\"><\/div>\n<div style=\"clear: both; text-align: center;\"><span style=\"color: yellow; font-size: large;\"><strong>Amarillo<\/strong><\/span> sombra de ojos en el interior del p\u00e1rpado y en la parte inferior de la l\u00ednea de las pesta\u00f1as inferiores.<\/div>\n<div style=\"clear: both; text-align: center;\"><span style=\"color: #f6b26b; font-size: large;\"><strong>naranja<\/strong><\/span> sombra de ojos al final del p\u00e1rpado y en el medio de la l\u00ednea de las pesta\u00f1as inferiores.<\/div>\n<div style=\"clear: both; text-align: center;\"><span style=\"color: orange; font-size: large;\"><strong><span style=\"color: #e69138;\">Naranja m\u00e1s oscuro<\/span> <\/strong><\/span>sombra de ojos al final de la l\u00ednea de las pesta\u00f1as inferiores y a lo largo de la l\u00ednea del globo.<\/div>\n<div style=\"clear: both; text-align: center;\"><span style=\"color: #ffd966; font-size: large;\"><strong>Amarillo claro<\/strong><\/span> Sombra de ojos brillante en el rabillo del ojo.<\/div>\n<div style=\"clear: both; text-align: center;\"><span style=\"color: #999999; font-size: large;\">Blanco<\/span> sombra de ojos debajo de la ceja.<\/div>\n<div style=\"clear: both; text-align: center;\"><\/div>\n<div style=\"clear: both; text-align: center;\"><strong><span style=\"font-size: large;\">Negro<\/span><\/strong> delineador de ojos en el interior, un poco en la parte inferior y casi toda la l\u00ednea de las pesta\u00f1as superiores, <em>H&amp;M.<\/em><\/div>\n<div style=\"clear: both; text-align: center;\"><a style=\"margin-left: 1em; margin-right: 1em;\" href=\"http:\/\/2.bp.blogspot.com\/-3Fq6mt_vKUs\/TlZ4cUdwBEI\/AAAAAAAAEI8\/GBydcR-XHic\/s1600\/kamera+1+097.jpg\"><img decoding=\"async\" src=\"http:\/\/2.bp.blogspot.com\/-3Fq6mt_vKUs\/TlZ4cUdwBEI\/AAAAAAAAEI8\/GBydcR-XHic\/s640\/kamera+1+097.jpg\" alt=\"\" width=\"516px\" height=\"640px\" border=\"0\" \/><\/a><\/div>\n<p>Ah\u00ed tienes. Ahora reunir\u00e9 mis fuerzas para arreglar <span style=\"font-size: x-large;\">caf\u00e9 de la tarde <\/span>esta noche. \u00a1Apesta, pero tienes que hacer fila!<\/p>\n<p>As\u00ed que tambi\u00e9n tengo que coquetear con alguien de guardia, para poder conseguir ayuda para poner algunas cosas en la habitaci\u00f3n donde estaba comprando. <span style=\"font-size: x-large;\">IKEA<\/span> ayer.<\/p>\n<p>Nuestro cuidador, que por lo general ayuda de otra manera, est\u00e1 enfermo y yo no soy la herramienta m\u00e1s \u00fatil de la caja, por as\u00ed decirlo. \u00a1Ver\u00e1n im\u00e1genes cuando est\u00e9 lista!<\/p>\n<div style=\"text-align: center;\"><span style=\"font-size: x-large;\">\u00a1Te deseo una buena noche de jueves!<\/span><\/div>","protected":false},"excerpt":{"rendered":"<p>Oj oj h\u00e4r kommer f\u00f6rsta sminkningen p\u00e5 l\u00e4nge! Gick till och med ganska bra med internet idag, sk\u00f6\u00f6nt! Alla \u00f6gonskuggor \u00e4r fr\u00e5n 180 paletten. \u00c4r ni nyfikna p\u00e5 den s\u00e5 kan ni kika in\u00a0h\u00e4r Gul \u00f6gonskugga innerst p\u00e5 \u00f6gonlocket och innerst p\u00e5 undre fransraden. Orange \u00f6gonskugga ytterst p\u00e5 \u00f6gonlocket och i mitten av undre fransraden. [&hellip;]<\/p>\n","protected":false},"author":30,"featured_media":0,"comment_status":"open","ping_status":"open","sticky":false,"template":"","format":"standard","meta":{"footnotes":""},"categories":[3],"tags":[],"class_list":["post-1380","post","type-post","status-publish","format-standard","hentry","category-allmant"],"yoast_head":"<!-- This site is optimized with the Yoast SEO Premium plugin v14.9 - https:\/\/yoast.com\/wordpress\/plugins\/seo\/ -->\n<meta name=\"description\" content=\"Gul och Orange sminkning | Helena Amiley - H\u00e4r hittar du senaste infromation om sk\u00f6nhet, livsstil, entrepren\u00f6rskap, makeup &amp; tips.\" \/>\n<meta name=\"robots\" content=\"index, follow, max-snippet:-1, max-image-preview:large, max-video-preview:-1\" \/>\n<link rel=\"canonical\" href=\"https:\/\/www.imakeyousmile.se\/es\/gul-och-orange-sminkning-2\/\" \/>\n<meta property=\"og:locale\" content=\"es_ES\" \/>\n<meta property=\"og:type\" content=\"article\" \/>\n<meta property=\"og:title\" content=\"Gul och Orange sminkning | Imakeyousmile.se\" \/>\n<meta property=\"og:description\" content=\"Gul och Orange sminkning | Helena Amiley - H\u00e4r hittar du senaste infromation om sk\u00f6nhet, livsstil, entrepren\u00f6rskap, makeup &amp; tips.\" \/>\n<meta property=\"og:url\" content=\"https:\/\/www.imakeyousmile.se\/es\/gul-och-orange-sminkning-2\/\" \/>\n<meta property=\"og:site_name\" content=\"Imakeyousmile.se\" \/>\n<meta property=\"article:author\" content=\"https:\/\/www.facebook.com\/imakeyousmile.se\" \/>\n<meta property=\"article:published_time\" content=\"2011-08-25T15:50:00+00:00\" \/>\n<meta property=\"article:modified_time\" content=\"2014-08-16T10:37:39+00:00\" \/>\n<meta property=\"og:image\" content=\"http:\/\/3.bp.blogspot.com\/-lDFBZbnBdQI\/TlZ4bIAJuuI\/AAAAAAAAEI4\/LPmbO-F0zhA\/s320\/kamera+1+077.jpg\" \/>\n<meta name=\"twitter:card\" content=\"summary_large_image\" \/>\n<script type=\"application\/ld+json\" class=\"yoast-schema-graph\">{\"@context\":\"https:\/\/schema.org\",\"@graph\":[{\"@type\":\"Organization\",\"@id\":\"https:\/\/www.imakeyousmile.se\/es\/#organization\",\"name\":\"Imakeyousmile\",\"url\":\"https:\/\/www.imakeyousmile.se\/es\/\",\"sameAs\":[],\"logo\":{\"@type\":\"ImageObject\",\"@id\":\"https:\/\/www.imakeyousmile.se\/es\/#logo\",\"inLanguage\":\"es\",\"url\":\"https:\/\/www.imakeyousmile.se\/wp-content\/uploads\/2020\/10\/HELENA-AMILEY_SVART-1-e1603367975324.png\",\"width\":280,\"height\":93,\"caption\":\"Imakeyousmile\"},\"image\":{\"@id\":\"https:\/\/www.imakeyousmile.se\/es\/#logo\"}},{\"@type\":\"WebSite\",\"@id\":\"https:\/\/www.imakeyousmile.se\/es\/#website\",\"url\":\"https:\/\/www.imakeyousmile.se\/es\/\",\"name\":\"Imakeyousmile.se\",\"description\":\"Helena Amiley - Beauty, Entrepreneur, Lifestyle\",\"publisher\":{\"@id\":\"https:\/\/www.imakeyousmile.se\/es\/#organization\"},\"potentialAction\":[{\"@type\":\"SearchAction\",\"target\":\"https:\/\/www.imakeyousmile.se\/es\/?s={search_term_string}\",\"query-input\":\"required name=search_term_string\"}],\"inLanguage\":\"es\"},{\"@type\":\"ImageObject\",\"@id\":\"https:\/\/www.imakeyousmile.se\/gul-och-orange-sminkning-2\/#primaryimage\",\"inLanguage\":\"es\",\"url\":\"http:\/\/3.bp.blogspot.com\/-lDFBZbnBdQI\/TlZ4bIAJuuI\/AAAAAAAAEI4\/LPmbO-F0zhA\/s320\/kamera+1+077.jpg\"},{\"@type\":\"WebPage\",\"@id\":\"https:\/\/www.imakeyousmile.se\/gul-och-orange-sminkning-2\/#webpage\",\"url\":\"https:\/\/www.imakeyousmile.se\/gul-och-orange-sminkning-2\/\",\"name\":\"Gul och Orange sminkning | Imakeyousmile.se\",\"isPartOf\":{\"@id\":\"https:\/\/www.imakeyousmile.se\/es\/#website\"},\"primaryImageOfPage\":{\"@id\":\"https:\/\/www.imakeyousmile.se\/gul-och-orange-sminkning-2\/#primaryimage\"},\"datePublished\":\"2011-08-25T15:50:00+00:00\",\"dateModified\":\"2014-08-16T10:37:39+00:00\",\"description\":\"Gul och Orange sminkning | Helena Amiley - H\\u00e4r hittar du senaste infromation om sk\\u00f6nhet, livsstil, entrepren\\u00f6rskap, makeup & tips.\",\"inLanguage\":\"es\",\"potentialAction\":[{\"@type\":\"ReadAction\",\"target\":[\"https:\/\/www.imakeyousmile.se\/gul-och-orange-sminkning-2\/\"]}]},{\"@type\":\"Article\",\"@id\":\"https:\/\/www.imakeyousmile.se\/gul-och-orange-sminkning-2\/#article\",\"isPartOf\":{\"@id\":\"https:\/\/www.imakeyousmile.se\/gul-och-orange-sminkning-2\/#webpage\"},\"author\":{\"@id\":\"https:\/\/www.imakeyousmile.se\/es\/#\/schema\/person\/b0fd43b1c6bb1c60cfd68bff9b4a10fb\"},\"headline\":\"Gul och Orange sminkning\",\"datePublished\":\"2011-08-25T15:50:00+00:00\",\"dateModified\":\"2014-08-16T10:37:39+00:00\",\"mainEntityOfPage\":{\"@id\":\"https:\/\/www.imakeyousmile.se\/gul-och-orange-sminkning-2\/#webpage\"},\"commentCount\":0,\"publisher\":{\"@id\":\"https:\/\/www.imakeyousmile.se\/es\/#organization\"},\"image\":{\"@id\":\"https:\/\/www.imakeyousmile.se\/gul-och-orange-sminkning-2\/#primaryimage\"},\"articleSection\":\"\\u00d6vrigt\",\"inLanguage\":\"es\",\"potentialAction\":[{\"@type\":\"CommentAction\",\"name\":\"Comment\",\"target\":[\"https:\/\/www.imakeyousmile.se\/gul-och-orange-sminkning-2\/#respond\"]}]},{\"@type\":\"Person\",\"@id\":\"https:\/\/www.imakeyousmile.se\/es\/#\/schema\/person\/b0fd43b1c6bb1c60cfd68bff9b4a10fb\",\"name\":\"Helena Amiley\",\"image\":{\"@type\":\"ImageObject\",\"@id\":\"https:\/\/www.imakeyousmile.se\/es\/#personlogo\",\"inLanguage\":\"es\",\"url\":\"https:\/\/secure.gravatar.com\/avatar\/5645558e1e355457a23368d7e1b4c904?s=96&d=mm&r=g\",\"caption\":\"Helena Amiley\"},\"description\":\"Jag skriver mest om sk\\u00f6nhet men bjuder \\u00e4ven p\\u00e5 glimtar fr\\u00e5n entrepren\\u00f6rlivet och bygget av v\\u00e5r egen camper van. Vanlife here we come!\",\"sameAs\":[\"https:\/\/www.facebook.com\/imakeyousmile.se\",\"https:\/\/www.instagram.com\/helenaamiley\",\"https:\/\/www.youtube.com\/channel\/UCR5iB6rvpV6Yr8ZjpQfr5mg?view_as=subscriber\"]}]}<\/script>\n<!-- \/ Yoast SEO Premium plugin. -->","_links":{"self":[{"href":"https:\/\/www.imakeyousmile.se\/es\/wp-json\/wp\/v2\/posts\/1380"}],"collection":[{"href":"https:\/\/www.imakeyousmile.se\/es\/wp-json\/wp\/v2\/posts"}],"about":[{"href":"https:\/\/www.imakeyousmile.se\/es\/wp-json\/wp\/v2\/types\/post"}],"author":[{"embeddable":true,"href":"https:\/\/www.imakeyousmile.se\/es\/wp-json\/wp\/v2\/users\/30"}],"replies":[{"embeddable":true,"href":"https:\/\/www.imakeyousmile.se\/es\/wp-json\/wp\/v2\/comments?post=1380"}],"version-history":[{"count":0,"href":"https:\/\/www.imakeyousmile.se\/es\/wp-json\/wp\/v2\/posts\/1380\/revisions"}],"wp:attachment":[{"href":"https:\/\/www.imakeyousmile.se\/es\/wp-json\/wp\/v2\/media?parent=1380"}],"wp:term":[{"taxonomy":"category","embeddable":true,"href":"https:\/\/www.imakeyousmile.se\/es\/wp-json\/wp\/v2\/categories?post=1380"},{"taxonomy":"post_tag","embeddable":true,"href":"https:\/\/www.imakeyousmile.se\/es\/wp-json\/wp\/v2\/tags?post=1380"}],"curies":[{"name":"wp","href":"https:\/\/api.w.org\/{rel}","templated":true}]}}