{"id":1388,"date":"2011-08-19T13:00:00","date_gmt":"2011-08-19T11:00:00","guid":{"rendered":"http:\/\/www.imakeyousmile.se\/komplex-2\/"},"modified":"2011-08-19T13:00:00","modified_gmt":"2011-08-19T11:00:00","slug":"komplex-2","status":"publish","type":"post","link":"https:\/\/www.imakeyousmile.se\/es\/complejo-2\/","title":{"rendered":"Complejo"},"content":{"rendered":"<p>Escrib\u00ed una publicaci\u00f3n hace unos d\u00edas sobre complejos, algo que casi todo el mundo tiene, \u00a1completamente innecesario!<\/p>\n<p>Luego recib\u00ed un comentario de nada menos que mi hermana mayor Mia, que es una de las personas a las que m\u00e1s admiro.<\/p>\n<p><em><strong>Mia sa\u2026<\/strong> <\/em><br \/><em><\/em><br \/><em><br \/><\/em><br \/><em>Mi cara cuadrada, mi nariz gilipollas, mi cuerpo de chico, mi hueso en la barbilla. \u00bfContin\u00fao? : pags<\/em><\/p>\n<p><\/p>\n<div style=\"clear: both; text-align: center;\"><a href=\"http:\/\/2.bp.blogspot.com\/-g7A_vaFEWbA\/Tk4sgZLFxBI\/AAAAAAAAEHY\/Kugc7VH8ibE\/s1600\/DSC_0016+%25282%2529.JPG\" style=\"margin-left: 1em; margin-right: 1em;\"><img loading=\"lazy\" decoding=\"async\" border=\"0\" height=\"400\" qaa=\"true\" src=\"http:\/\/2.bp.blogspot.com\/-g7A_vaFEWbA\/Tk4sgZLFxBI\/AAAAAAAAEHY\/Kugc7VH8ibE\/s400\/DSC_0016+%25282%2529.JPG\" width=\"305\" \/><\/a><\/div>\n<div style=\"clear: both; text-align: center;\"><\/div>\n<div style=\"clear: both; text-align: center;\"><em>Y Mia, si es que alguien, \u00bfrealmente no deber\u00eda tener complejos por nada?<\/em><\/div>\n<div style=\"clear: both; text-align: center;\"><em>Y puedo prometer que cuando lea esto, seguramente encontrar\u00e1 100 errores en esta impresionante imagen de ella tambi\u00e9n.<\/em><\/div>\n<div style=\"clear: both; text-align: center;\"><\/div>\n<p>\u00a0 <br \/>No necesit\u00e9 mucho m\u00e1s que ese comentario para mostrarte que el complejo es algo tan enorme <span style=\"font-size: x-large;\">innecesariamente<\/span>, \u00a1y muchas veces cosas que otros ni siquiera notaron!<br \/>\u00a0 <br \/>Ahora vayan al espejo y m\u00edrense, y qu\u00e9dense ah\u00ed hasta que piensen: <br \/>\u00a0 <\/p>\n<div style=\"text-align: center;\"><span style=\"font-size: x-large;\"><em>&quot;\u00a1De hecho me veo muy bien!&quot;<\/em><\/span><\/div>","protected":false},"excerpt":{"rendered":"<p>Skrev ju ett inl\u00e4gg f\u00f6r n\u00e5gra dagar sen om komplex &#8211; n\u00e5got som n\u00e4stan alla har, helt i on\u00f6dan! Fick d\u00e5 en kommentar av inte mindre \u00e4n min storasyster Mia, som \u00e4r en av de personer jag ser upp till mest. Mia sa&#8230; Mitt fyrkantiga ansikte, min rumpnissen\u00e4sa, min killkropp, min grop i hakan. Ska [&hellip;]<\/p>\n","protected":false},"author":30,"featured_media":0,"comment_status":"open","ping_status":"open","sticky":false,"template":"","format":"standard","meta":{"footnotes":""},"categories":[3],"tags":[],"class_list":["post-1388","post","type-post","status-publish","format-standard","hentry","category-allmant"],"yoast_head":"<!-- This site is optimized with the Yoast SEO Premium plugin v14.9 - https:\/\/yoast.com\/wordpress\/plugins\/seo\/ -->\n<meta name=\"description\" content=\"Komplex | Helena Amiley - H\u00e4r hittar du senaste infromation om sk\u00f6nhet, livsstil, entrepren\u00f6rskap, makeup &amp; tips.\" \/>\n<meta name=\"robots\" content=\"index, follow, max-snippet:-1, max-image-preview:large, max-video-preview:-1\" \/>\n<link rel=\"canonical\" href=\"https:\/\/www.imakeyousmile.se\/es\/komplex-2\/\" \/>\n<meta property=\"og:locale\" content=\"es_ES\" \/>\n<meta property=\"og:type\" content=\"article\" \/>\n<meta property=\"og:title\" content=\"Komplex | Imakeyousmile.se\" \/>\n<meta property=\"og:description\" content=\"Komplex | Helena Amiley - H\u00e4r hittar du senaste infromation om sk\u00f6nhet, livsstil, entrepren\u00f6rskap, makeup &amp; tips.\" \/>\n<meta property=\"og:url\" content=\"https:\/\/www.imakeyousmile.se\/es\/komplex-2\/\" \/>\n<meta property=\"og:site_name\" content=\"Imakeyousmile.se\" \/>\n<meta property=\"article:author\" content=\"https:\/\/www.facebook.com\/imakeyousmile.se\" \/>\n<meta property=\"article:published_time\" content=\"2011-08-19T11:00:00+00:00\" \/>\n<meta property=\"og:image\" content=\"http:\/\/2.bp.blogspot.com\/-g7A_vaFEWbA\/Tk4sgZLFxBI\/AAAAAAAAEHY\/Kugc7VH8ibE\/s400\/DSC_0016+%25282%2529.JPG\" \/>\n<meta name=\"twitter:card\" content=\"summary_large_image\" \/>\n<script type=\"application\/ld+json\" class=\"yoast-schema-graph\">{\"@context\":\"https:\/\/schema.org\",\"@graph\":[{\"@type\":\"Organization\",\"@id\":\"https:\/\/www.imakeyousmile.se\/es\/#organization\",\"name\":\"Imakeyousmile\",\"url\":\"https:\/\/www.imakeyousmile.se\/es\/\",\"sameAs\":[],\"logo\":{\"@type\":\"ImageObject\",\"@id\":\"https:\/\/www.imakeyousmile.se\/es\/#logo\",\"inLanguage\":\"es\",\"url\":\"https:\/\/www.imakeyousmile.se\/wp-content\/uploads\/2020\/10\/HELENA-AMILEY_SVART-1-e1603367975324.png\",\"width\":280,\"height\":93,\"caption\":\"Imakeyousmile\"},\"image\":{\"@id\":\"https:\/\/www.imakeyousmile.se\/es\/#logo\"}},{\"@type\":\"WebSite\",\"@id\":\"https:\/\/www.imakeyousmile.se\/es\/#website\",\"url\":\"https:\/\/www.imakeyousmile.se\/es\/\",\"name\":\"Imakeyousmile.se\",\"description\":\"Helena Amiley - Beauty, Entrepreneur, Lifestyle\",\"publisher\":{\"@id\":\"https:\/\/www.imakeyousmile.se\/es\/#organization\"},\"potentialAction\":[{\"@type\":\"SearchAction\",\"target\":\"https:\/\/www.imakeyousmile.se\/es\/?s={search_term_string}\",\"query-input\":\"required name=search_term_string\"}],\"inLanguage\":\"es\"},{\"@type\":\"ImageObject\",\"@id\":\"https:\/\/www.imakeyousmile.se\/komplex-2\/#primaryimage\",\"inLanguage\":\"es\",\"url\":\"http:\/\/2.bp.blogspot.com\/-g7A_vaFEWbA\/Tk4sgZLFxBI\/AAAAAAAAEHY\/Kugc7VH8ibE\/s400\/DSC_0016+%25282%2529.JPG\"},{\"@type\":\"WebPage\",\"@id\":\"https:\/\/www.imakeyousmile.se\/komplex-2\/#webpage\",\"url\":\"https:\/\/www.imakeyousmile.se\/komplex-2\/\",\"name\":\"Komplex | Imakeyousmile.se\",\"isPartOf\":{\"@id\":\"https:\/\/www.imakeyousmile.se\/es\/#website\"},\"primaryImageOfPage\":{\"@id\":\"https:\/\/www.imakeyousmile.se\/komplex-2\/#primaryimage\"},\"datePublished\":\"2011-08-19T11:00:00+00:00\",\"dateModified\":\"2011-08-19T11:00:00+00:00\",\"description\":\"Komplex | Helena Amiley - H\\u00e4r hittar du senaste infromation om sk\\u00f6nhet, livsstil, entrepren\\u00f6rskap, makeup & tips.\",\"inLanguage\":\"es\",\"potentialAction\":[{\"@type\":\"ReadAction\",\"target\":[\"https:\/\/www.imakeyousmile.se\/komplex-2\/\"]}]},{\"@type\":\"Article\",\"@id\":\"https:\/\/www.imakeyousmile.se\/komplex-2\/#article\",\"isPartOf\":{\"@id\":\"https:\/\/www.imakeyousmile.se\/komplex-2\/#webpage\"},\"author\":{\"@id\":\"https:\/\/www.imakeyousmile.se\/es\/#\/schema\/person\/b0fd43b1c6bb1c60cfd68bff9b4a10fb\"},\"headline\":\"Komplex\",\"datePublished\":\"2011-08-19T11:00:00+00:00\",\"dateModified\":\"2011-08-19T11:00:00+00:00\",\"mainEntityOfPage\":{\"@id\":\"https:\/\/www.imakeyousmile.se\/komplex-2\/#webpage\"},\"commentCount\":0,\"publisher\":{\"@id\":\"https:\/\/www.imakeyousmile.se\/es\/#organization\"},\"image\":{\"@id\":\"https:\/\/www.imakeyousmile.se\/komplex-2\/#primaryimage\"},\"articleSection\":\"\\u00d6vrigt\",\"inLanguage\":\"es\",\"potentialAction\":[{\"@type\":\"CommentAction\",\"name\":\"Comment\",\"target\":[\"https:\/\/www.imakeyousmile.se\/komplex-2\/#respond\"]}]},{\"@type\":\"Person\",\"@id\":\"https:\/\/www.imakeyousmile.se\/es\/#\/schema\/person\/b0fd43b1c6bb1c60cfd68bff9b4a10fb\",\"name\":\"Helena Amiley\",\"image\":{\"@type\":\"ImageObject\",\"@id\":\"https:\/\/www.imakeyousmile.se\/es\/#personlogo\",\"inLanguage\":\"es\",\"url\":\"https:\/\/secure.gravatar.com\/avatar\/5645558e1e355457a23368d7e1b4c904?s=96&d=mm&r=g\",\"caption\":\"Helena Amiley\"},\"description\":\"Jag skriver mest om sk\\u00f6nhet men bjuder \\u00e4ven p\\u00e5 glimtar fr\\u00e5n entrepren\\u00f6rlivet och bygget av v\\u00e5r egen camper van. Vanlife here we come!\",\"sameAs\":[\"https:\/\/www.facebook.com\/imakeyousmile.se\",\"https:\/\/www.instagram.com\/helenaamiley\",\"https:\/\/www.youtube.com\/channel\/UCR5iB6rvpV6Yr8ZjpQfr5mg?view_as=subscriber\"]}]}<\/script>\n<!-- \/ Yoast SEO Premium plugin. -->","_links":{"self":[{"href":"https:\/\/www.imakeyousmile.se\/es\/wp-json\/wp\/v2\/posts\/1388"}],"collection":[{"href":"https:\/\/www.imakeyousmile.se\/es\/wp-json\/wp\/v2\/posts"}],"about":[{"href":"https:\/\/www.imakeyousmile.se\/es\/wp-json\/wp\/v2\/types\/post"}],"author":[{"embeddable":true,"href":"https:\/\/www.imakeyousmile.se\/es\/wp-json\/wp\/v2\/users\/30"}],"replies":[{"embeddable":true,"href":"https:\/\/www.imakeyousmile.se\/es\/wp-json\/wp\/v2\/comments?post=1388"}],"version-history":[{"count":0,"href":"https:\/\/www.imakeyousmile.se\/es\/wp-json\/wp\/v2\/posts\/1388\/revisions"}],"wp:attachment":[{"href":"https:\/\/www.imakeyousmile.se\/es\/wp-json\/wp\/v2\/media?parent=1388"}],"wp:term":[{"taxonomy":"category","embeddable":true,"href":"https:\/\/www.imakeyousmile.se\/es\/wp-json\/wp\/v2\/categories?post=1388"},{"taxonomy":"post_tag","embeddable":true,"href":"https:\/\/www.imakeyousmile.se\/es\/wp-json\/wp\/v2\/tags?post=1388"}],"curies":[{"name":"wp","href":"https:\/\/api.w.org\/{rel}","templated":true}]}}