{"id":1390,"date":"2011-08-14T14:21:00","date_gmt":"2011-08-14T12:21:00","guid":{"rendered":"http:\/\/www.imakeyousmile.se\/jag-har-det-bra\/"},"modified":"2011-08-14T14:21:00","modified_gmt":"2011-08-14T12:21:00","slug":"jag-har-det-bra","status":"publish","type":"post","link":"https:\/\/www.imakeyousmile.se\/es\/estoy-bien\/","title":{"rendered":"\u00a1Estoy bien!"},"content":{"rendered":"<h6 data-ft=\"{\"type\":1}\" style=\"font-weight: normal;\">\n<div data-ft=\"{\"type\":2}\"><span style=\"font-size: small;\">Pueden pasar muchas cosas dos tonificaciones en Alemania, pero nos cuidamos unos a otros. <u>Y divi\u00e9rtete malditamente<\/u>!! :)<\/span><\/div>\n<div data-ft=\"{\"type\":2}\"><span style=\"font-size: small;\">\u00a0<\/span><\/div>\n<div data-ft=\"{\"type\":2}\"><span style=\"font-size: small;\"><br \/><\/span><\/div>\n<div data-ft=\"{\"type\":2}\"><span style=\"font-size: small;\"><b>Conversaci\u00f3n entre mi hermana y yo en Facebook:<\/b><\/span><\/div>\n<div data-ft=\"{\"type\":2}\"><span style=\"font-size: small;\">\u00a0<\/span><\/div>\n<p><span style=\"font-size: small;\"> <span data-ft=\"{\"type\":3}\"><span style=\"font-size: large;\">Desaparecido en combate<\/span> <span style=\"font-size: large;\">&#8211;<\/span> <i>\u00a1Espero que te cuides all\u00ed en Alemania! Abrazos de una hermana mayor preocupada;)<\/i><\/span><\/span><\/h6>\n<h6 data-ft=\"{\"type\":1}\"><span style=\"font-size: small; font-weight: normal;\"><br \/><span data-js><span style=\"font-size: large;\">YO -<\/span><i> Jaja, s\u00ed me cuido! El viernes pasado festejamos en Reeperbahn (conocido en todo el mundo por todas las prostitutas y sex shops) y ahora vamos a comprar muchas bayas alemanas y \u00a1\u00a1\u00a1vamos a hacer una cata de cerveza !!! : D Abrazo abrazo :)<\/i><\/span><\/span><span data-ft=\"{\"type\":3}\"><i><span style=\"font-size: small; font-weight: normal;\"> <\/span><\/i><\/span><\/h6>\n<h6 data-ft=\"{\"type\":1}\" style=\"text-align: center;\"><span data-ft=\"{\"type\":3}\"><span style=\"font-size: x-large;\">\u00bfNo te est\u00e1s poniendo un poco celoso?<\/span><\/span><\/h6>","protected":false},"excerpt":{"rendered":"<p>Mycket kan h\u00e4nda tva tonaringar i Tyskland, men vi sk\u00f6ter oss och tar hand om varandra. Och har ruskigt j\u00e4kla roligt!! :) \u00a0 Konversation mellan mig och syrran pa Facebook: \u00a0 Mia &#8211; Hoppas du sk\u00f6ter dig d\u00e4r borta i tyskland! Kramar fr\u00e5n en orolig storasyster ;) Jag &#8211; Haha, ja jag sk\u00f6ter mig! I [&hellip;]<\/p>\n","protected":false},"author":30,"featured_media":0,"comment_status":"open","ping_status":"open","sticky":false,"template":"","format":"standard","meta":{"footnotes":""},"categories":[3],"tags":[],"class_list":["post-1390","post","type-post","status-publish","format-standard","hentry","category-allmant"],"yoast_head":"<!-- This site is optimized with the Yoast SEO Premium plugin v14.9 - https:\/\/yoast.com\/wordpress\/plugins\/seo\/ -->\n<meta name=\"description\" content=\"Jag har det bra! | Helena Amiley - H\u00e4r hittar du senaste infromation om sk\u00f6nhet, livsstil, entrepren\u00f6rskap, makeup &amp; tips.\" \/>\n<meta name=\"robots\" content=\"index, follow, max-snippet:-1, max-image-preview:large, max-video-preview:-1\" \/>\n<link rel=\"canonical\" href=\"https:\/\/www.imakeyousmile.se\/es\/jag-har-det-bra\/\" \/>\n<meta property=\"og:locale\" content=\"es_ES\" \/>\n<meta property=\"og:type\" content=\"article\" \/>\n<meta property=\"og:title\" content=\"Jag har det bra! | Imakeyousmile.se\" \/>\n<meta property=\"og:description\" content=\"Jag har det bra! | Helena Amiley - H\u00e4r hittar du senaste infromation om sk\u00f6nhet, livsstil, entrepren\u00f6rskap, makeup &amp; tips.\" \/>\n<meta property=\"og:url\" content=\"https:\/\/www.imakeyousmile.se\/es\/jag-har-det-bra\/\" \/>\n<meta property=\"og:site_name\" content=\"Imakeyousmile.se\" \/>\n<meta property=\"article:author\" content=\"https:\/\/www.facebook.com\/imakeyousmile.se\" \/>\n<meta property=\"article:published_time\" content=\"2011-08-14T12:21:00+00:00\" \/>\n<meta name=\"twitter:card\" content=\"summary_large_image\" \/>\n<script type=\"application\/ld+json\" class=\"yoast-schema-graph\">{\"@context\":\"https:\/\/schema.org\",\"@graph\":[{\"@type\":\"Organization\",\"@id\":\"https:\/\/www.imakeyousmile.se\/es\/#organization\",\"name\":\"Imakeyousmile\",\"url\":\"https:\/\/www.imakeyousmile.se\/es\/\",\"sameAs\":[],\"logo\":{\"@type\":\"ImageObject\",\"@id\":\"https:\/\/www.imakeyousmile.se\/es\/#logo\",\"inLanguage\":\"es\",\"url\":\"https:\/\/www.imakeyousmile.se\/wp-content\/uploads\/2020\/10\/HELENA-AMILEY_SVART-1-e1603367975324.png\",\"width\":280,\"height\":93,\"caption\":\"Imakeyousmile\"},\"image\":{\"@id\":\"https:\/\/www.imakeyousmile.se\/es\/#logo\"}},{\"@type\":\"WebSite\",\"@id\":\"https:\/\/www.imakeyousmile.se\/es\/#website\",\"url\":\"https:\/\/www.imakeyousmile.se\/es\/\",\"name\":\"Imakeyousmile.se\",\"description\":\"Helena Amiley - Beauty, Entrepreneur, Lifestyle\",\"publisher\":{\"@id\":\"https:\/\/www.imakeyousmile.se\/es\/#organization\"},\"potentialAction\":[{\"@type\":\"SearchAction\",\"target\":\"https:\/\/www.imakeyousmile.se\/es\/?s={search_term_string}\",\"query-input\":\"required name=search_term_string\"}],\"inLanguage\":\"es\"},{\"@type\":\"WebPage\",\"@id\":\"https:\/\/www.imakeyousmile.se\/jag-har-det-bra\/#webpage\",\"url\":\"https:\/\/www.imakeyousmile.se\/jag-har-det-bra\/\",\"name\":\"Jag har det bra! | Imakeyousmile.se\",\"isPartOf\":{\"@id\":\"https:\/\/www.imakeyousmile.se\/es\/#website\"},\"datePublished\":\"2011-08-14T12:21:00+00:00\",\"dateModified\":\"2011-08-14T12:21:00+00:00\",\"description\":\"Jag har det bra! | Helena Amiley - H\\u00e4r hittar du senaste infromation om sk\\u00f6nhet, livsstil, entrepren\\u00f6rskap, makeup & tips.\",\"inLanguage\":\"es\",\"potentialAction\":[{\"@type\":\"ReadAction\",\"target\":[\"https:\/\/www.imakeyousmile.se\/jag-har-det-bra\/\"]}]},{\"@type\":\"Article\",\"@id\":\"https:\/\/www.imakeyousmile.se\/jag-har-det-bra\/#article\",\"isPartOf\":{\"@id\":\"https:\/\/www.imakeyousmile.se\/jag-har-det-bra\/#webpage\"},\"author\":{\"@id\":\"https:\/\/www.imakeyousmile.se\/es\/#\/schema\/person\/b0fd43b1c6bb1c60cfd68bff9b4a10fb\"},\"headline\":\"Jag har det bra!\",\"datePublished\":\"2011-08-14T12:21:00+00:00\",\"dateModified\":\"2011-08-14T12:21:00+00:00\",\"mainEntityOfPage\":{\"@id\":\"https:\/\/www.imakeyousmile.se\/jag-har-det-bra\/#webpage\"},\"commentCount\":0,\"publisher\":{\"@id\":\"https:\/\/www.imakeyousmile.se\/es\/#organization\"},\"articleSection\":\"\\u00d6vrigt\",\"inLanguage\":\"es\",\"potentialAction\":[{\"@type\":\"CommentAction\",\"name\":\"Comment\",\"target\":[\"https:\/\/www.imakeyousmile.se\/jag-har-det-bra\/#respond\"]}]},{\"@type\":\"Person\",\"@id\":\"https:\/\/www.imakeyousmile.se\/es\/#\/schema\/person\/b0fd43b1c6bb1c60cfd68bff9b4a10fb\",\"name\":\"Helena Amiley\",\"image\":{\"@type\":\"ImageObject\",\"@id\":\"https:\/\/www.imakeyousmile.se\/es\/#personlogo\",\"inLanguage\":\"es\",\"url\":\"https:\/\/secure.gravatar.com\/avatar\/5645558e1e355457a23368d7e1b4c904?s=96&d=mm&r=g\",\"caption\":\"Helena Amiley\"},\"description\":\"Jag skriver mest om sk\\u00f6nhet men bjuder \\u00e4ven p\\u00e5 glimtar fr\\u00e5n entrepren\\u00f6rlivet och bygget av v\\u00e5r egen camper van. Vanlife here we come!\",\"sameAs\":[\"https:\/\/www.facebook.com\/imakeyousmile.se\",\"https:\/\/www.instagram.com\/helenaamiley\",\"https:\/\/www.youtube.com\/channel\/UCR5iB6rvpV6Yr8ZjpQfr5mg?view_as=subscriber\"]}]}<\/script>\n<!-- \/ Yoast SEO Premium plugin. -->","_links":{"self":[{"href":"https:\/\/www.imakeyousmile.se\/es\/wp-json\/wp\/v2\/posts\/1390"}],"collection":[{"href":"https:\/\/www.imakeyousmile.se\/es\/wp-json\/wp\/v2\/posts"}],"about":[{"href":"https:\/\/www.imakeyousmile.se\/es\/wp-json\/wp\/v2\/types\/post"}],"author":[{"embeddable":true,"href":"https:\/\/www.imakeyousmile.se\/es\/wp-json\/wp\/v2\/users\/30"}],"replies":[{"embeddable":true,"href":"https:\/\/www.imakeyousmile.se\/es\/wp-json\/wp\/v2\/comments?post=1390"}],"version-history":[{"count":0,"href":"https:\/\/www.imakeyousmile.se\/es\/wp-json\/wp\/v2\/posts\/1390\/revisions"}],"wp:attachment":[{"href":"https:\/\/www.imakeyousmile.se\/es\/wp-json\/wp\/v2\/media?parent=1390"}],"wp:term":[{"taxonomy":"category","embeddable":true,"href":"https:\/\/www.imakeyousmile.se\/es\/wp-json\/wp\/v2\/categories?post=1390"},{"taxonomy":"post_tag","embeddable":true,"href":"https:\/\/www.imakeyousmile.se\/es\/wp-json\/wp\/v2\/tags?post=1390"}],"curies":[{"name":"wp","href":"https:\/\/api.w.org\/{rel}","templated":true}]}}