{"id":1391,"date":"2011-08-14T09:00:00","date_gmt":"2011-08-14T07:00:00","guid":{"rendered":"http:\/\/www.imakeyousmile.se\/inte-tid-att-duscha\/"},"modified":"2020-10-22T11:11:56","modified_gmt":"2020-10-22T09:11:56","slug":"inte-tid-att-duscha","status":"publish","type":"post","link":"https:\/\/www.imakeyousmile.se\/es\/no-es-hora-de-ducharse\/","title":{"rendered":"\u00bfNo tienes tiempo para ducharte?"},"content":{"rendered":"<p>Creo que la mayor\u00eda de la gente se ha quedado dormida una o dos ma\u00f1anas y necesitaba salir corriendo sin tener tiempo para las rutinas matutinas. Y luego te sientes rancio todo el d\u00eda porque <span style=\"font-size: x-large;\">cabello limpio<\/span>.<\/p>\n<p>\u00bfO hay m\u00e1s que yo que trato de acostumbrarme a ba\u00f1arme el cabello con demasiada frecuencia, porque se desgasta mucho?<\/p>\n<p>He sugerido 2 champ\u00fas secos diferentes antes. Pero ambos se agotan con bastante rapidez, y es cuando m\u00e1s lo necesita cuando se ha olvidado de comprar uno nuevo.<\/p>\n<p>Entonces, en cambio, tengo mucho m\u00e1s <span style=\"font-size: x-large;\">econ\u00f3micamente<\/span> propina <em>(y probablemente tambi\u00e9n m\u00e1s ecol\u00f3gico<\/em>)<\/p>\n<div style=\"text-align: center;\"><strong><span style=\"font-size: x-large;\">No.1<\/span><\/strong><\/div>\n<p><\/p>\n<div style=\"clear: both; text-align: center;\"><a href=\"http:\/\/4.bp.blogspot.com\/-N3AFmesYRYs\/TkEMNiJF2RI\/AAAAAAAAEHA\/Ks-z-oMARz0\/s1600\/potatismj%25C3%25B6l.jpg\" style=\"margin-left: 1em; margin-right: 1em;\"><img loading=\"lazy\" decoding=\"async\" border=\"0\" height=\"320\" naa=\"true\" src=\"http:\/\/4.bp.blogspot.com\/-N3AFmesYRYs\/TkEMNiJF2RI\/AAAAAAAAEHA\/Ks-z-oMARz0\/s320\/potatismj%25C3%25B6l.jpg\" width=\"207\" \/><\/a><\/div>\n<div style=\"clear: both; text-align: center;\"><em>\u00a1Harina de patata corriente!<\/em><\/div>\n<div style=\"clear: both; text-align: center;\"><\/div>\n<div style=\"clear: both; text-align: center;\">Probablemente ya tenga muchos en casa. Sumerja los dedos y &quot;masajee&quot; el polvo en el cuero cabelludo.<\/div>\n<div style=\"clear: both; text-align: center;\"><\/div>\n<div style=\"clear: both; text-align: center;\">Tampoco se siente repugnante despu\u00e9s, como pueden hacer algunos champ\u00fas secos.<\/div>\n<div style=\"clear: both; text-align: center;\"><\/div>\n<div style=\"clear: both; text-align: center;\"><\/div>\n<div style=\"clear: both; text-align: center;\"><strong><span style=\"font-size: x-large;\">No 2<\/span><\/strong><\/div>\n<div style=\"clear: both; text-align: center;\"><a href=\"http:\/\/3.bp.blogspot.com\/-Tb79ZdUYx1s\/TkEMPxXQiVI\/AAAAAAAAEHE\/kRnYhXknZ7s\/s1600\/kroppspuder.jpg\" style=\"margin-left: 1em; margin-right: 1em;\"><img loading=\"lazy\" decoding=\"async\" border=\"0\" height=\"320\" naa=\"true\" src=\"http:\/\/3.bp.blogspot.com\/-Tb79ZdUYx1s\/TkEMPxXQiVI\/AAAAAAAAEHE\/kRnYhXknZ7s\/s320\/kroppspuder.jpg\" width=\"320\" \/><\/a><\/div>\n<div style=\"clear: both; text-align: center;\"><em>\u00a1Almohadas para el cuerpo!<\/em><\/div>\n<div style=\"clear: both; text-align: center;\"><\/div>\n<div style=\"clear: both; text-align: center;\">Disponible para comprar en una tienda ICA habitual o similar. No he probado esto yo mismo, pero mi hermana (<em>quien lo compr\u00f3 para su beb\u00e9<\/em>) lo prob\u00e9 en mi cabello, \u00a1y creo que funciona muy bien!<\/div>\n<div style=\"clear: both; text-align: center;\"><\/div>\n<div style=\"clear: both; text-align: center;\"><span style=\"font-size: x-large;\">\u00bfTienes m\u00e1s consejos?<\/span><\/div>","protected":false},"excerpt":{"rendered":"<p>Jag tror att de flesta har f\u00f6rsovit sig en och annan\u00a0morgon, och beh\u00f6vt rusa iv\u00e4g utan att hinna med morgonrutinerna. Och sen\u00a0k\u00e4nner man sig ofr\u00e4sch hela dagen p.g.a flottigt h\u00e5r. Eller \u00e4r det fler \u00e4n jag som f\u00f6rs\u00f6ker v\u00e4nja mig av vid att duscha h\u00e5ret f\u00f6r ofta, eftersom det sliter s\u00e5 mycket? Jag har tipsat [&hellip;]<\/p>\n","protected":false},"author":30,"featured_media":0,"comment_status":"open","ping_status":"open","sticky":false,"template":"","format":"standard","meta":{"footnotes":""},"categories":[2862,59],"tags":[],"class_list":["post-1391","post","type-post","status-publish","format-standard","hentry","category-har","category-recensioner-produkttips"],"yoast_head":"<!-- This site is optimized with the Yoast SEO Premium plugin v14.9 - https:\/\/yoast.com\/wordpress\/plugins\/seo\/ -->\n<meta name=\"description\" content=\"Inte tid att duscha? | Helena Amiley - H\u00e4r hittar du senaste infromation om sk\u00f6nhet, livsstil, entrepren\u00f6rskap, makeup &amp; tips.\" \/>\n<meta name=\"robots\" content=\"index, follow, max-snippet:-1, max-image-preview:large, max-video-preview:-1\" \/>\n<link rel=\"canonical\" href=\"https:\/\/www.imakeyousmile.se\/es\/inte-tid-att-duscha\/\" \/>\n<meta property=\"og:locale\" content=\"es_ES\" \/>\n<meta property=\"og:type\" content=\"article\" \/>\n<meta property=\"og:title\" content=\"Inte tid att duscha? | Imakeyousmile.se\" \/>\n<meta property=\"og:description\" content=\"Inte tid att duscha? | Helena Amiley - H\u00e4r hittar du senaste infromation om sk\u00f6nhet, livsstil, entrepren\u00f6rskap, makeup &amp; tips.\" \/>\n<meta property=\"og:url\" content=\"https:\/\/www.imakeyousmile.se\/es\/inte-tid-att-duscha\/\" \/>\n<meta property=\"og:site_name\" content=\"Imakeyousmile.se\" \/>\n<meta property=\"article:author\" content=\"https:\/\/www.facebook.com\/imakeyousmile.se\" \/>\n<meta property=\"article:published_time\" content=\"2011-08-14T07:00:00+00:00\" \/>\n<meta property=\"article:modified_time\" content=\"2020-10-22T09:11:56+00:00\" \/>\n<meta property=\"og:image\" content=\"http:\/\/4.bp.blogspot.com\/-N3AFmesYRYs\/TkEMNiJF2RI\/AAAAAAAAEHA\/Ks-z-oMARz0\/s320\/potatismj%25C3%25B6l.jpg\" \/>\n<meta name=\"twitter:card\" content=\"summary_large_image\" \/>\n<script type=\"application\/ld+json\" class=\"yoast-schema-graph\">{\"@context\":\"https:\/\/schema.org\",\"@graph\":[{\"@type\":\"Organization\",\"@id\":\"https:\/\/www.imakeyousmile.se\/es\/#organization\",\"name\":\"Imakeyousmile\",\"url\":\"https:\/\/www.imakeyousmile.se\/es\/\",\"sameAs\":[],\"logo\":{\"@type\":\"ImageObject\",\"@id\":\"https:\/\/www.imakeyousmile.se\/es\/#logo\",\"inLanguage\":\"es\",\"url\":\"https:\/\/www.imakeyousmile.se\/wp-content\/uploads\/2020\/10\/HELENA-AMILEY_SVART-1-e1603367975324.png\",\"width\":280,\"height\":93,\"caption\":\"Imakeyousmile\"},\"image\":{\"@id\":\"https:\/\/www.imakeyousmile.se\/es\/#logo\"}},{\"@type\":\"WebSite\",\"@id\":\"https:\/\/www.imakeyousmile.se\/es\/#website\",\"url\":\"https:\/\/www.imakeyousmile.se\/es\/\",\"name\":\"Imakeyousmile.se\",\"description\":\"Helena Amiley - Beauty, Entrepreneur, Lifestyle\",\"publisher\":{\"@id\":\"https:\/\/www.imakeyousmile.se\/es\/#organization\"},\"potentialAction\":[{\"@type\":\"SearchAction\",\"target\":\"https:\/\/www.imakeyousmile.se\/es\/?s={search_term_string}\",\"query-input\":\"required name=search_term_string\"}],\"inLanguage\":\"es\"},{\"@type\":\"ImageObject\",\"@id\":\"https:\/\/www.imakeyousmile.se\/inte-tid-att-duscha\/#primaryimage\",\"inLanguage\":\"es\",\"url\":\"http:\/\/4.bp.blogspot.com\/-N3AFmesYRYs\/TkEMNiJF2RI\/AAAAAAAAEHA\/Ks-z-oMARz0\/s320\/potatismj%25C3%25B6l.jpg\"},{\"@type\":\"WebPage\",\"@id\":\"https:\/\/www.imakeyousmile.se\/inte-tid-att-duscha\/#webpage\",\"url\":\"https:\/\/www.imakeyousmile.se\/inte-tid-att-duscha\/\",\"name\":\"Inte tid att duscha? | Imakeyousmile.se\",\"isPartOf\":{\"@id\":\"https:\/\/www.imakeyousmile.se\/es\/#website\"},\"primaryImageOfPage\":{\"@id\":\"https:\/\/www.imakeyousmile.se\/inte-tid-att-duscha\/#primaryimage\"},\"datePublished\":\"2011-08-14T07:00:00+00:00\",\"dateModified\":\"2020-10-22T09:11:56+00:00\",\"description\":\"Inte tid att duscha? | Helena Amiley - H\\u00e4r hittar du senaste infromation om sk\\u00f6nhet, livsstil, entrepren\\u00f6rskap, makeup & tips.\",\"inLanguage\":\"es\",\"potentialAction\":[{\"@type\":\"ReadAction\",\"target\":[\"https:\/\/www.imakeyousmile.se\/inte-tid-att-duscha\/\"]}]},{\"@type\":\"Article\",\"@id\":\"https:\/\/www.imakeyousmile.se\/inte-tid-att-duscha\/#article\",\"isPartOf\":{\"@id\":\"https:\/\/www.imakeyousmile.se\/inte-tid-att-duscha\/#webpage\"},\"author\":{\"@id\":\"https:\/\/www.imakeyousmile.se\/es\/#\/schema\/person\/b0fd43b1c6bb1c60cfd68bff9b4a10fb\"},\"headline\":\"Inte tid att duscha?\",\"datePublished\":\"2011-08-14T07:00:00+00:00\",\"dateModified\":\"2020-10-22T09:11:56+00:00\",\"mainEntityOfPage\":{\"@id\":\"https:\/\/www.imakeyousmile.se\/inte-tid-att-duscha\/#webpage\"},\"commentCount\":0,\"publisher\":{\"@id\":\"https:\/\/www.imakeyousmile.se\/es\/#organization\"},\"image\":{\"@id\":\"https:\/\/www.imakeyousmile.se\/inte-tid-att-duscha\/#primaryimage\"},\"articleSection\":\"H\\u00e5r,Recensioner &amp; Produkttips\",\"inLanguage\":\"es\",\"potentialAction\":[{\"@type\":\"CommentAction\",\"name\":\"Comment\",\"target\":[\"https:\/\/www.imakeyousmile.se\/inte-tid-att-duscha\/#respond\"]}]},{\"@type\":\"Person\",\"@id\":\"https:\/\/www.imakeyousmile.se\/es\/#\/schema\/person\/b0fd43b1c6bb1c60cfd68bff9b4a10fb\",\"name\":\"Helena Amiley\",\"image\":{\"@type\":\"ImageObject\",\"@id\":\"https:\/\/www.imakeyousmile.se\/es\/#personlogo\",\"inLanguage\":\"es\",\"url\":\"https:\/\/secure.gravatar.com\/avatar\/5645558e1e355457a23368d7e1b4c904?s=96&d=mm&r=g\",\"caption\":\"Helena Amiley\"},\"description\":\"Jag skriver mest om sk\\u00f6nhet men bjuder \\u00e4ven p\\u00e5 glimtar fr\\u00e5n entrepren\\u00f6rlivet och bygget av v\\u00e5r egen camper van. Vanlife here we come!\",\"sameAs\":[\"https:\/\/www.facebook.com\/imakeyousmile.se\",\"https:\/\/www.instagram.com\/helenaamiley\",\"https:\/\/www.youtube.com\/channel\/UCR5iB6rvpV6Yr8ZjpQfr5mg?view_as=subscriber\"]}]}<\/script>\n<!-- \/ Yoast SEO Premium plugin. -->","_links":{"self":[{"href":"https:\/\/www.imakeyousmile.se\/es\/wp-json\/wp\/v2\/posts\/1391"}],"collection":[{"href":"https:\/\/www.imakeyousmile.se\/es\/wp-json\/wp\/v2\/posts"}],"about":[{"href":"https:\/\/www.imakeyousmile.se\/es\/wp-json\/wp\/v2\/types\/post"}],"author":[{"embeddable":true,"href":"https:\/\/www.imakeyousmile.se\/es\/wp-json\/wp\/v2\/users\/30"}],"replies":[{"embeddable":true,"href":"https:\/\/www.imakeyousmile.se\/es\/wp-json\/wp\/v2\/comments?post=1391"}],"version-history":[{"count":1,"href":"https:\/\/www.imakeyousmile.se\/es\/wp-json\/wp\/v2\/posts\/1391\/revisions"}],"predecessor-version":[{"id":37240,"href":"https:\/\/www.imakeyousmile.se\/es\/wp-json\/wp\/v2\/posts\/1391\/revisions\/37240"}],"wp:attachment":[{"href":"https:\/\/www.imakeyousmile.se\/es\/wp-json\/wp\/v2\/media?parent=1391"}],"wp:term":[{"taxonomy":"category","embeddable":true,"href":"https:\/\/www.imakeyousmile.se\/es\/wp-json\/wp\/v2\/categories?post=1391"},{"taxonomy":"post_tag","embeddable":true,"href":"https:\/\/www.imakeyousmile.se\/es\/wp-json\/wp\/v2\/tags?post=1391"}],"curies":[{"name":"wp","href":"https:\/\/api.w.org\/{rel}","templated":true}]}}