{"id":1392,"date":"2011-08-13T08:00:00","date_gmt":"2011-08-13T06:00:00","guid":{"rendered":"http:\/\/www.imakeyousmile.se\/komplex-3\/"},"modified":"2011-08-13T08:00:00","modified_gmt":"2011-08-13T06:00:00","slug":"komplex-3","status":"publish","type":"post","link":"https:\/\/www.imakeyousmile.se\/es\/complejo-3\/","title":{"rendered":"Complejo"},"content":{"rendered":"<div style=\"clear: both; text-align: left;\">Creo que es tan aburrido que tantas personas, casi todas, tienen complejos. Algunos m\u00e1s que otros.<\/div>\n<div style=\"clear: both; text-align: left;\"><\/div>\n<div style=\"clear: both; text-align: left;\">Por supuesto, yo tambi\u00e9n tengo debilidades, ya que solo quiero cambiar mi apariencia con alguien o acostarme en la mesa de operaciones.<\/div>\n<div style=\"clear: both; text-align: left;\"><\/div>\n<div style=\"clear: both; text-align: left;\">\u00a1Pero eso est\u00e1 mal! No deber\u00edas tener que sentirte as\u00ed. La mayor\u00eda de las cosas que usted ve como complejas, otros las ven como <span style=\"font-size: x-large;\">encantador<\/span>. \u00a1Y la mayor\u00eda de las veces no lo ven en absoluto!<\/div>\n<div style=\"clear: both; text-align: left;\"><\/div>\n<div style=\"clear: both; text-align: left;\"><strong>Si crees que eres guapo, \u00a1los dem\u00e1s tambi\u00e9n!<\/strong><\/div>\n<div style=\"clear: both; text-align: left;\"><\/div>\n<div style=\"clear: both; text-align: left;\">Y el &quot;nuevo complejo&quot; de que los muslos no deben ir juntos. De hecho, creo que es tan rid\u00edculo que no es un complejo para m\u00ed, aunque mis muslos s\u00ed. Esa es la forma en que est\u00e1 <span style=\"font-size: x-large;\">conformado<\/span>\u00a1No tiene nada que ver con si eres gordo o delgado!<\/div>\n<div style=\"clear: both; text-align: left;\"><\/div>\n<div style=\"clear: both; text-align: left;\">Mi mayor complejo siempre ha sido m\u00edo<span style=\"font-size: x-large;\"> nariz<\/span>. Que tengo como una &quot;gota&quot; en la parte delantera. Muchas veces he tenido planes de operarme cuando sea mayor.<\/div>\n<div style=\"clear: both; text-align: left;\"><\/div>\n<div style=\"clear: both; text-align: left;\">Pero realmente, \u00bfqu\u00e9 diferencia hay? <span style=\"font-size: x-large;\">\u00a1Nadie!<\/span><\/div>\n<div style=\"clear: both; text-align: center;\"><\/div>\n<div style=\"clear: both; text-align: center;\"><a href=\"http:\/\/2.bp.blogspot.com\/-sdojA8vBQ3E\/TkBTAuS70II\/AAAAAAAAEG4\/VO_AU7p2AqM\/s1600\/DSC_0037.JPG\" style=\"margin-left: 1em; margin-right: 1em;\"><img loading=\"lazy\" decoding=\"async\" border=\"0\" height=\"640\" naa=\"true\" src=\"http:\/\/2.bp.blogspot.com\/-sdojA8vBQ3E\/TkBTAuS70II\/AAAAAAAAEG4\/VO_AU7p2AqM\/s640\/DSC_0037.JPG\" width=\"432\" \/><\/a><\/div>\n<div style=\"clear: both; text-align: center;\"><em>Tiene un complejo especial en este \u00e1ngulo, ya que casi parece que se ha quedado atascado en el labio.<\/em><\/div>\n<div style=\"clear: both; text-align: center;\"><\/div>\n<p>Probablemente mucha gente piense ahora que me siento mal por mi nariz de forma completamente innecesaria, que ninguno de ustedes lo hubiera pensado si no lo hubiera dicho,<em>?<\/em> \u00a1Probablemente sea lo mismo con sus complejos!<\/p>\n<p>\u00bfNo puedes escribir y<span style=\"font-size: x-large;\"> contar<\/span> que complejo tienes Y mas que feliz tambien<span style=\"font-size: x-large;\"> maila<\/span> <span style=\"font-size: x-large;\">im\u00e1genes<\/span> \u00a1a mi! \u00a1Entonces puedo publicarlo en una publicaci\u00f3n m\u00e1s tarde, para mostrar a todos los dem\u00e1s con complejos lo peque\u00f1o que es realmente el problema!<\/p>\n<p><\/p>\n<div style=\"text-align: center;\"><span style=\"font-size: x-large;\">Nunca olvides que tu<\/span><\/div>\n<div style=\"text-align: center;\"><span style=\"font-size: x-large;\">es guapo como tu!<\/span><\/div>","protected":false},"excerpt":{"rendered":"<p>Tycker det \u00e4r s\u00e5 himla tr\u00e5kigt att s\u00e5 m\u00e5nga, n\u00e4stan alla m\u00e4nniskor har komplex. Vissa fler \u00e4n andra. Jag sj\u00e4lv har s\u00e5klart ocks\u00e5 svackor, d\u00e5\u00a0jag bara vill byta utseende med n\u00e5gon eller l\u00e4gga mig p\u00e5\u00a0operationsbordet. Men det \u00e4r fel! Man ska inte beh\u00f6va k\u00e4nna s\u00e5. De flesta sakerna som man sj\u00e4lv ser som komplex, ser [&hellip;]<\/p>\n","protected":false},"author":30,"featured_media":0,"comment_status":"open","ping_status":"open","sticky":false,"template":"","format":"standard","meta":{"footnotes":""},"categories":[3],"tags":[],"class_list":["post-1392","post","type-post","status-publish","format-standard","hentry","category-allmant"],"yoast_head":"<!-- This site is optimized with the Yoast SEO Premium plugin v14.9 - https:\/\/yoast.com\/wordpress\/plugins\/seo\/ -->\n<meta name=\"description\" content=\"Komplex | Helena Amiley - H\u00e4r hittar du senaste infromation om sk\u00f6nhet, livsstil, entrepren\u00f6rskap, makeup &amp; tips.\" \/>\n<meta name=\"robots\" content=\"index, follow, max-snippet:-1, max-image-preview:large, max-video-preview:-1\" \/>\n<link rel=\"canonical\" href=\"https:\/\/www.imakeyousmile.se\/es\/komplex-3\/\" \/>\n<meta property=\"og:locale\" content=\"es_ES\" \/>\n<meta property=\"og:type\" content=\"article\" \/>\n<meta property=\"og:title\" content=\"Komplex | Imakeyousmile.se\" \/>\n<meta property=\"og:description\" content=\"Komplex | Helena Amiley - H\u00e4r hittar du senaste infromation om sk\u00f6nhet, livsstil, entrepren\u00f6rskap, makeup &amp; tips.\" \/>\n<meta property=\"og:url\" content=\"https:\/\/www.imakeyousmile.se\/es\/komplex-3\/\" \/>\n<meta property=\"og:site_name\" content=\"Imakeyousmile.se\" \/>\n<meta property=\"article:author\" content=\"https:\/\/www.facebook.com\/imakeyousmile.se\" \/>\n<meta property=\"article:published_time\" content=\"2011-08-13T06:00:00+00:00\" \/>\n<meta property=\"og:image\" content=\"http:\/\/2.bp.blogspot.com\/-sdojA8vBQ3E\/TkBTAuS70II\/AAAAAAAAEG4\/VO_AU7p2AqM\/s640\/DSC_0037.JPG\" \/>\n<meta name=\"twitter:card\" content=\"summary_large_image\" \/>\n<script type=\"application\/ld+json\" class=\"yoast-schema-graph\">{\"@context\":\"https:\/\/schema.org\",\"@graph\":[{\"@type\":\"Organization\",\"@id\":\"https:\/\/www.imakeyousmile.se\/es\/#organization\",\"name\":\"Imakeyousmile\",\"url\":\"https:\/\/www.imakeyousmile.se\/es\/\",\"sameAs\":[],\"logo\":{\"@type\":\"ImageObject\",\"@id\":\"https:\/\/www.imakeyousmile.se\/es\/#logo\",\"inLanguage\":\"es\",\"url\":\"https:\/\/www.imakeyousmile.se\/wp-content\/uploads\/2020\/10\/HELENA-AMILEY_SVART-1-e1603367975324.png\",\"width\":280,\"height\":93,\"caption\":\"Imakeyousmile\"},\"image\":{\"@id\":\"https:\/\/www.imakeyousmile.se\/es\/#logo\"}},{\"@type\":\"WebSite\",\"@id\":\"https:\/\/www.imakeyousmile.se\/es\/#website\",\"url\":\"https:\/\/www.imakeyousmile.se\/es\/\",\"name\":\"Imakeyousmile.se\",\"description\":\"Helena Amiley - Beauty, Entrepreneur, Lifestyle\",\"publisher\":{\"@id\":\"https:\/\/www.imakeyousmile.se\/es\/#organization\"},\"potentialAction\":[{\"@type\":\"SearchAction\",\"target\":\"https:\/\/www.imakeyousmile.se\/es\/?s={search_term_string}\",\"query-input\":\"required name=search_term_string\"}],\"inLanguage\":\"es\"},{\"@type\":\"ImageObject\",\"@id\":\"https:\/\/www.imakeyousmile.se\/komplex-3\/#primaryimage\",\"inLanguage\":\"es\",\"url\":\"http:\/\/2.bp.blogspot.com\/-sdojA8vBQ3E\/TkBTAuS70II\/AAAAAAAAEG4\/VO_AU7p2AqM\/s640\/DSC_0037.JPG\"},{\"@type\":\"WebPage\",\"@id\":\"https:\/\/www.imakeyousmile.se\/komplex-3\/#webpage\",\"url\":\"https:\/\/www.imakeyousmile.se\/komplex-3\/\",\"name\":\"Komplex | Imakeyousmile.se\",\"isPartOf\":{\"@id\":\"https:\/\/www.imakeyousmile.se\/es\/#website\"},\"primaryImageOfPage\":{\"@id\":\"https:\/\/www.imakeyousmile.se\/komplex-3\/#primaryimage\"},\"datePublished\":\"2011-08-13T06:00:00+00:00\",\"dateModified\":\"2011-08-13T06:00:00+00:00\",\"description\":\"Komplex | Helena Amiley - H\\u00e4r hittar du senaste infromation om sk\\u00f6nhet, livsstil, entrepren\\u00f6rskap, makeup & tips.\",\"inLanguage\":\"es\",\"potentialAction\":[{\"@type\":\"ReadAction\",\"target\":[\"https:\/\/www.imakeyousmile.se\/komplex-3\/\"]}]},{\"@type\":\"Article\",\"@id\":\"https:\/\/www.imakeyousmile.se\/komplex-3\/#article\",\"isPartOf\":{\"@id\":\"https:\/\/www.imakeyousmile.se\/komplex-3\/#webpage\"},\"author\":{\"@id\":\"https:\/\/www.imakeyousmile.se\/es\/#\/schema\/person\/b0fd43b1c6bb1c60cfd68bff9b4a10fb\"},\"headline\":\"Komplex\",\"datePublished\":\"2011-08-13T06:00:00+00:00\",\"dateModified\":\"2011-08-13T06:00:00+00:00\",\"mainEntityOfPage\":{\"@id\":\"https:\/\/www.imakeyousmile.se\/komplex-3\/#webpage\"},\"commentCount\":0,\"publisher\":{\"@id\":\"https:\/\/www.imakeyousmile.se\/es\/#organization\"},\"image\":{\"@id\":\"https:\/\/www.imakeyousmile.se\/komplex-3\/#primaryimage\"},\"articleSection\":\"\\u00d6vrigt\",\"inLanguage\":\"es\",\"potentialAction\":[{\"@type\":\"CommentAction\",\"name\":\"Comment\",\"target\":[\"https:\/\/www.imakeyousmile.se\/komplex-3\/#respond\"]}]},{\"@type\":\"Person\",\"@id\":\"https:\/\/www.imakeyousmile.se\/es\/#\/schema\/person\/b0fd43b1c6bb1c60cfd68bff9b4a10fb\",\"name\":\"Helena Amiley\",\"image\":{\"@type\":\"ImageObject\",\"@id\":\"https:\/\/www.imakeyousmile.se\/es\/#personlogo\",\"inLanguage\":\"es\",\"url\":\"https:\/\/secure.gravatar.com\/avatar\/5645558e1e355457a23368d7e1b4c904?s=96&d=mm&r=g\",\"caption\":\"Helena Amiley\"},\"description\":\"Jag skriver mest om sk\\u00f6nhet men bjuder \\u00e4ven p\\u00e5 glimtar fr\\u00e5n entrepren\\u00f6rlivet och bygget av v\\u00e5r egen camper van. Vanlife here we come!\",\"sameAs\":[\"https:\/\/www.facebook.com\/imakeyousmile.se\",\"https:\/\/www.instagram.com\/helenaamiley\",\"https:\/\/www.youtube.com\/channel\/UCR5iB6rvpV6Yr8ZjpQfr5mg?view_as=subscriber\"]}]}<\/script>\n<!-- \/ Yoast SEO Premium plugin. -->","_links":{"self":[{"href":"https:\/\/www.imakeyousmile.se\/es\/wp-json\/wp\/v2\/posts\/1392"}],"collection":[{"href":"https:\/\/www.imakeyousmile.se\/es\/wp-json\/wp\/v2\/posts"}],"about":[{"href":"https:\/\/www.imakeyousmile.se\/es\/wp-json\/wp\/v2\/types\/post"}],"author":[{"embeddable":true,"href":"https:\/\/www.imakeyousmile.se\/es\/wp-json\/wp\/v2\/users\/30"}],"replies":[{"embeddable":true,"href":"https:\/\/www.imakeyousmile.se\/es\/wp-json\/wp\/v2\/comments?post=1392"}],"version-history":[{"count":0,"href":"https:\/\/www.imakeyousmile.se\/es\/wp-json\/wp\/v2\/posts\/1392\/revisions"}],"wp:attachment":[{"href":"https:\/\/www.imakeyousmile.se\/es\/wp-json\/wp\/v2\/media?parent=1392"}],"wp:term":[{"taxonomy":"category","embeddable":true,"href":"https:\/\/www.imakeyousmile.se\/es\/wp-json\/wp\/v2\/categories?post=1392"},{"taxonomy":"post_tag","embeddable":true,"href":"https:\/\/www.imakeyousmile.se\/es\/wp-json\/wp\/v2\/tags?post=1392"}],"curies":[{"name":"wp","href":"https:\/\/api.w.org\/{rel}","templated":true}]}}