{"id":1406,"date":"2011-07-29T19:00:00","date_gmt":"2011-07-29T17:00:00","guid":{"rendered":"http:\/\/www.imakeyousmile.se\/hm-4-palett-rosa-och-brun-sminkning\/"},"modified":"2014-08-16T13:01:34","modified_gmt":"2014-08-16T11:01:34","slug":"hm-4-palett-rosa-och-brun-sminkning","status":"publish","type":"post","link":"https:\/\/www.imakeyousmile.se\/es\/hm-4-paleta-de-maquillaje-rosa-y-marron\/","title":{"rendered":"Paleta H&amp;M 4 - Maquillaje rosa y marr\u00f3n"},"content":{"rendered":"<div style=\"clear: both; text-align: left;\">Ha pasado mucho tiempo desde que se actualiz\u00f3 el blog.<\/div>\n<div style=\"clear: both; text-align: left;\"><\/div>\n<div style=\"clear: both; text-align: left;\">\u00a1Espero que no me hayas extra\u00f1ado demasiado! O s\u00ed, eso espero;)<\/div>\n<div style=\"clear: both; text-align: left;\"><\/div>\n<div style=\"clear: both; text-align: left;\">Cuenta todas las travesuras que he tenido por m\u00ed desde entonces. Pero empieza mostrando un maquillaje m\u00e1s con la paleta 4 de <em>H&amp;M<\/em>!<\/div>\n<div style=\"clear: both; text-align: center;\"><\/div>\n<div style=\"clear: both; text-align: center;\"><a style=\"margin-left: 1em; margin-right: 1em;\" href=\"http:\/\/2.bp.blogspot.com\/-H-Xl2ohl14M\/TjLvDdb7N-I\/AAAAAAAAEFQ\/GIeQdjQzCJs\/s1600\/DSC_0202.JPG\"><img loading=\"lazy\" decoding=\"async\" src=\"http:\/\/2.bp.blogspot.com\/-H-Xl2ohl14M\/TjLvDdb7N-I\/AAAAAAAAEFQ\/GIeQdjQzCJs\/s320\/DSC_0202.JPG\" alt=\"\" width=\"320\" height=\"309\" border=\"0\" \/><\/a><\/div>\n<div style=\"clear: both; text-align: center;\"><span style=\"color: #ea9999; font-size: large;\"><strong>Rosado<\/strong><\/span> sombra de ojos en la parte m\u00e1s interna del p\u00e1rpado, en la esquina del ojo y en la parte m\u00e1s interna de la l\u00ednea de las pesta\u00f1as inferiores.<\/div>\n<div style=\"clear: both; text-align: center;\"><span style=\"color: #b45f06; font-size: large;\"><strong>Marr\u00f3n claro<\/strong><\/span> sombra de ojos al final de la l\u00ednea de las pesta\u00f1as inferiores, el resto del p\u00e1rpado y a lo largo de la l\u00ednea del globo.<\/div>\n<div style=\"clear: both; text-align: center;\"><\/div>\n<div style=\"clear: both; text-align: center;\"><span style=\"color: #999999; font-size: large;\">Blanco<\/span> sombra de ojos brillante en el rabillo del ojo,<em> Isadora 35 Perlas.<\/em><\/div>\n<div style=\"clear: both; text-align: center;\"><strong><span style=\"font-size: large;\">Negro<\/span><\/strong> delineador de ojos l\u00edquido a lo largo de la l\u00ednea de las pesta\u00f1as superiores, <em>H&amp;M.<\/em><\/div>\n<div style=\"clear: both; text-align: center;\"><a style=\"margin-left: 1em; margin-right: 1em;\" href=\"http:\/\/1.bp.blogspot.com\/-SWG1tVnYbGo\/TjLvFhQIRBI\/AAAAAAAAEFU\/2EjOKhSUTAw\/s1600\/DSC_0196.JPG\"><img loading=\"lazy\" decoding=\"async\" src=\"http:\/\/1.bp.blogspot.com\/-SWG1tVnYbGo\/TjLvFhQIRBI\/AAAAAAAAEFU\/2EjOKhSUTAw\/s640\/DSC_0196.JPG\" alt=\"\" width=\"462\" height=\"640\" border=\"0\" \/><\/a><\/div>\n<div style=\"clear: both; text-align: center;\">tambi\u00e9n <span style=\"color: #e06666;\"><strong>el brillo de labios<\/strong><\/span> es desde <em>H&amp;M.<\/em><\/div>\n<div style=\"clear: both; text-align: left;\">Se convirti\u00f3 en uno real <span style=\"font-size: x-large;\">maquillaje de presupuesto<\/span> esto, \u00a1casi todo es de H&amp;M!<\/div>\n<div style=\"clear: both; text-align: left;\"><\/div>\n<div style=\"clear: both; text-align: left;\">Y por cierto, mi opini\u00f3n es que vale m\u00e1s la pena gastar el dinero en uno <span style=\"font-size: x-large;\">buena base<\/span>, como base e imprimaci\u00f3n.<\/div>\n<div style=\"clear: both; text-align: left;\"><\/div>\n<div style=\"clear: both; text-align: left;\">Porque si tienes una base realmente buena, puedes usar sombras de ojos muy baratas y similares, \u00a1y de todos modos te queda bien!<\/div>\n<div style=\"text-align: center;\"><span style=\"font-size: x-large;\">O que dices? <\/span><span style=\"font-size: large;\">:)<\/span><\/div>","protected":false},"excerpt":{"rendered":"<p>Nu \u00e4r det bra l\u00e4nge sen bloggen uppdaterades. Hoppas ni inte saknat mig allt f\u00f6r mycket! Eller jo, det hoppas jag visst ;) Ber\u00e4ttar\u00a0om allt bus jag har haft f\u00f6r mig sen. Men b\u00f6rjar med att visa en till sminkning med 4-paletten fr\u00e5n H&amp;M! Rosa \u00f6gonskugga innerst p\u00e5 \u00f6gonlocket,\u00a0i \u00f6gonvr\u00e5n och innerst p\u00e5 undre fransraden. [&hellip;]<\/p>\n","protected":false},"author":30,"featured_media":0,"comment_status":"open","ping_status":"open","sticky":false,"template":"","format":"standard","meta":{"footnotes":""},"categories":[3],"tags":[],"class_list":["post-1406","post","type-post","status-publish","format-standard","hentry","category-allmant"],"yoast_head":"<!-- This site is optimized with the Yoast SEO Premium plugin v14.9 - https:\/\/yoast.com\/wordpress\/plugins\/seo\/ -->\n<meta name=\"description\" content=\"H&amp;M 4-palett - Rosa och brun sminkning | Helena Amiley - H\u00e4r hittar du senaste infromation om sk\u00f6nhet, livsstil, entrepren\u00f6rskap, makeup &amp; tips.\" \/>\n<meta name=\"robots\" content=\"index, follow, max-snippet:-1, max-image-preview:large, max-video-preview:-1\" \/>\n<link rel=\"canonical\" href=\"https:\/\/www.imakeyousmile.se\/es\/hm-4-palett-rosa-och-brun-sminkning\/\" \/>\n<meta property=\"og:locale\" content=\"es_ES\" \/>\n<meta property=\"og:type\" content=\"article\" \/>\n<meta property=\"og:title\" content=\"H&amp;M 4-palett - Rosa och brun sminkning | Imakeyousmile.se\" \/>\n<meta property=\"og:description\" content=\"H&amp;M 4-palett - Rosa och brun sminkning | Helena Amiley - H\u00e4r hittar du senaste infromation om sk\u00f6nhet, livsstil, entrepren\u00f6rskap, makeup &amp; tips.\" \/>\n<meta property=\"og:url\" content=\"https:\/\/www.imakeyousmile.se\/es\/hm-4-palett-rosa-och-brun-sminkning\/\" \/>\n<meta property=\"og:site_name\" content=\"Imakeyousmile.se\" \/>\n<meta property=\"article:author\" content=\"https:\/\/www.facebook.com\/imakeyousmile.se\" \/>\n<meta property=\"article:published_time\" content=\"2011-07-29T17:00:00+00:00\" \/>\n<meta property=\"article:modified_time\" content=\"2014-08-16T11:01:34+00:00\" \/>\n<meta property=\"og:image\" content=\"http:\/\/2.bp.blogspot.com\/-H-Xl2ohl14M\/TjLvDdb7N-I\/AAAAAAAAEFQ\/GIeQdjQzCJs\/s320\/DSC_0202.JPG\" \/>\n<meta name=\"twitter:card\" content=\"summary_large_image\" \/>\n<script type=\"application\/ld+json\" class=\"yoast-schema-graph\">{\"@context\":\"https:\/\/schema.org\",\"@graph\":[{\"@type\":\"Organization\",\"@id\":\"https:\/\/www.imakeyousmile.se\/es\/#organization\",\"name\":\"Imakeyousmile\",\"url\":\"https:\/\/www.imakeyousmile.se\/es\/\",\"sameAs\":[],\"logo\":{\"@type\":\"ImageObject\",\"@id\":\"https:\/\/www.imakeyousmile.se\/es\/#logo\",\"inLanguage\":\"es\",\"url\":\"https:\/\/www.imakeyousmile.se\/wp-content\/uploads\/2020\/10\/HELENA-AMILEY_SVART-1-e1603367975324.png\",\"width\":280,\"height\":93,\"caption\":\"Imakeyousmile\"},\"image\":{\"@id\":\"https:\/\/www.imakeyousmile.se\/es\/#logo\"}},{\"@type\":\"WebSite\",\"@id\":\"https:\/\/www.imakeyousmile.se\/es\/#website\",\"url\":\"https:\/\/www.imakeyousmile.se\/es\/\",\"name\":\"Imakeyousmile.se\",\"description\":\"Helena Amiley - Beauty, Entrepreneur, Lifestyle\",\"publisher\":{\"@id\":\"https:\/\/www.imakeyousmile.se\/es\/#organization\"},\"potentialAction\":[{\"@type\":\"SearchAction\",\"target\":\"https:\/\/www.imakeyousmile.se\/es\/?s={search_term_string}\",\"query-input\":\"required name=search_term_string\"}],\"inLanguage\":\"es\"},{\"@type\":\"ImageObject\",\"@id\":\"https:\/\/www.imakeyousmile.se\/hm-4-palett-rosa-och-brun-sminkning\/#primaryimage\",\"inLanguage\":\"es\",\"url\":\"http:\/\/2.bp.blogspot.com\/-H-Xl2ohl14M\/TjLvDdb7N-I\/AAAAAAAAEFQ\/GIeQdjQzCJs\/s320\/DSC_0202.JPG\"},{\"@type\":\"WebPage\",\"@id\":\"https:\/\/www.imakeyousmile.se\/hm-4-palett-rosa-och-brun-sminkning\/#webpage\",\"url\":\"https:\/\/www.imakeyousmile.se\/hm-4-palett-rosa-och-brun-sminkning\/\",\"name\":\"H&M 4-palett - Rosa och brun sminkning | Imakeyousmile.se\",\"isPartOf\":{\"@id\":\"https:\/\/www.imakeyousmile.se\/es\/#website\"},\"primaryImageOfPage\":{\"@id\":\"https:\/\/www.imakeyousmile.se\/hm-4-palett-rosa-och-brun-sminkning\/#primaryimage\"},\"datePublished\":\"2011-07-29T17:00:00+00:00\",\"dateModified\":\"2014-08-16T11:01:34+00:00\",\"description\":\"H&M 4-palett - Rosa och brun sminkning | Helena Amiley - H\\u00e4r hittar du senaste infromation om sk\\u00f6nhet, livsstil, entrepren\\u00f6rskap, makeup & tips.\",\"inLanguage\":\"es\",\"potentialAction\":[{\"@type\":\"ReadAction\",\"target\":[\"https:\/\/www.imakeyousmile.se\/hm-4-palett-rosa-och-brun-sminkning\/\"]}]},{\"@type\":\"Article\",\"@id\":\"https:\/\/www.imakeyousmile.se\/hm-4-palett-rosa-och-brun-sminkning\/#article\",\"isPartOf\":{\"@id\":\"https:\/\/www.imakeyousmile.se\/hm-4-palett-rosa-och-brun-sminkning\/#webpage\"},\"author\":{\"@id\":\"https:\/\/www.imakeyousmile.se\/es\/#\/schema\/person\/b0fd43b1c6bb1c60cfd68bff9b4a10fb\"},\"headline\":\"H&#038;M 4-palett &#8211; Rosa och brun sminkning\",\"datePublished\":\"2011-07-29T17:00:00+00:00\",\"dateModified\":\"2014-08-16T11:01:34+00:00\",\"mainEntityOfPage\":{\"@id\":\"https:\/\/www.imakeyousmile.se\/hm-4-palett-rosa-och-brun-sminkning\/#webpage\"},\"commentCount\":0,\"publisher\":{\"@id\":\"https:\/\/www.imakeyousmile.se\/es\/#organization\"},\"image\":{\"@id\":\"https:\/\/www.imakeyousmile.se\/hm-4-palett-rosa-och-brun-sminkning\/#primaryimage\"},\"articleSection\":\"\\u00d6vrigt\",\"inLanguage\":\"es\",\"potentialAction\":[{\"@type\":\"CommentAction\",\"name\":\"Comment\",\"target\":[\"https:\/\/www.imakeyousmile.se\/hm-4-palett-rosa-och-brun-sminkning\/#respond\"]}]},{\"@type\":\"Person\",\"@id\":\"https:\/\/www.imakeyousmile.se\/es\/#\/schema\/person\/b0fd43b1c6bb1c60cfd68bff9b4a10fb\",\"name\":\"Helena Amiley\",\"image\":{\"@type\":\"ImageObject\",\"@id\":\"https:\/\/www.imakeyousmile.se\/es\/#personlogo\",\"inLanguage\":\"es\",\"url\":\"https:\/\/secure.gravatar.com\/avatar\/5645558e1e355457a23368d7e1b4c904?s=96&d=mm&r=g\",\"caption\":\"Helena Amiley\"},\"description\":\"Jag skriver mest om sk\\u00f6nhet men bjuder \\u00e4ven p\\u00e5 glimtar fr\\u00e5n entrepren\\u00f6rlivet och bygget av v\\u00e5r egen camper van. Vanlife here we come!\",\"sameAs\":[\"https:\/\/www.facebook.com\/imakeyousmile.se\",\"https:\/\/www.instagram.com\/helenaamiley\",\"https:\/\/www.youtube.com\/channel\/UCR5iB6rvpV6Yr8ZjpQfr5mg?view_as=subscriber\"]}]}<\/script>\n<!-- \/ Yoast SEO Premium plugin. -->","_links":{"self":[{"href":"https:\/\/www.imakeyousmile.se\/es\/wp-json\/wp\/v2\/posts\/1406"}],"collection":[{"href":"https:\/\/www.imakeyousmile.se\/es\/wp-json\/wp\/v2\/posts"}],"about":[{"href":"https:\/\/www.imakeyousmile.se\/es\/wp-json\/wp\/v2\/types\/post"}],"author":[{"embeddable":true,"href":"https:\/\/www.imakeyousmile.se\/es\/wp-json\/wp\/v2\/users\/30"}],"replies":[{"embeddable":true,"href":"https:\/\/www.imakeyousmile.se\/es\/wp-json\/wp\/v2\/comments?post=1406"}],"version-history":[{"count":0,"href":"https:\/\/www.imakeyousmile.se\/es\/wp-json\/wp\/v2\/posts\/1406\/revisions"}],"wp:attachment":[{"href":"https:\/\/www.imakeyousmile.se\/es\/wp-json\/wp\/v2\/media?parent=1406"}],"wp:term":[{"taxonomy":"category","embeddable":true,"href":"https:\/\/www.imakeyousmile.se\/es\/wp-json\/wp\/v2\/categories?post=1406"},{"taxonomy":"post_tag","embeddable":true,"href":"https:\/\/www.imakeyousmile.se\/es\/wp-json\/wp\/v2\/tags?post=1406"}],"curies":[{"name":"wp","href":"https:\/\/api.w.org\/{rel}","templated":true}]}}