{"id":1412,"date":"2011-07-21T13:00:00","date_gmt":"2011-07-21T11:00:00","guid":{"rendered":"http:\/\/www.imakeyousmile.se\/fargglad-partysminkning-7\/"},"modified":"2014-08-11T20:47:04","modified_gmt":"2014-08-11T18:47:04","slug":"fargglad-partysminkning-7","status":"publish","type":"post","link":"https:\/\/www.imakeyousmile.se\/es\/maquillaje-de-fiesta-de-colores-7\/","title":{"rendered":"Maquillaje de fiesta colorido"},"content":{"rendered":"<div style=\"clear: both; text-align: left;\">Frida se recuper\u00f3 la semana pasada cuando cumpl\u00ed un a\u00f1o. Ejecutar\u00edamos mi primer debut legal en un restaurante;)<\/div>\n<div style=\"clear: both; text-align: left;\"><\/div>\n<div style=\"clear: both; text-align: left;\">Su ojo derecho ve mucho <span style=\"font-size: x-large;\">mas oscuro<\/span> en la imagen, pero solo la luz lo hace. Se ha roto un poco<span style=\"font-size: x-large;\"> torcido<\/span> :)<\/div>\n<div style=\"clear: both; text-align: center;\"><\/div>\n<div style=\"clear: both; text-align: center;\"><img loading=\"lazy\" decoding=\"async\" src=\"http:\/\/2.bp.blogspot.com\/-U_ERFtv5r0E\/TifYy0K_RuI\/AAAAAAAAED8\/4giKCM7blSg\/s400\/DSC_0024.JPG\" alt=\"\" width=\"400\" height=\"206\" border=\"0\" \/><\/div>\n<div style=\"clear: both; text-align: center;\"><em>Todas las sombras de ojos son de la paleta 180.<\/em><\/div>\n<div style=\"clear: both; text-align: center;\"><\/div>\n<div style=\"clear: both; text-align: center;\"><span style=\"color: #073763; font-size: large;\"><strong>Azul gris\u00e1ceo<\/strong><\/span> sombra de ojos a lo largo de la l\u00ednea del globo.<\/div>\n<div style=\"clear: both; text-align: center;\"><span style=\"color: #ffd966;\"><span style=\"font-size: large;\"><strong>Amarillo claro<\/strong><\/span> <\/span>sombra de ojos en el interior del p\u00e1rpado.<\/div>\n<div style=\"clear: both; text-align: center;\"><span style=\"color: #e06666; font-size: large;\"><strong>Rosado <\/strong><\/span>sombra de ojos en el resto del p\u00e1rpado.<\/div>\n<div style=\"clear: both; text-align: center;\"><\/div>\n<div style=\"clear: both; text-align: center;\">Luego tambi\u00e9n fum\u00e9 el gris azulado en la l\u00ednea de las pesta\u00f1as inferiores.<\/div>\n<div style=\"clear: both; text-align: center;\"><img loading=\"lazy\" decoding=\"async\" src=\"http:\/\/1.bp.blogspot.com\/-zRFemxpRRl0\/TifY03iT0wI\/AAAAAAAAEEA\/kJfPWmcpywA\/s640\/DSC_0031.JPG\" alt=\"\" width=\"428\" height=\"640\" border=\"0\" \/><\/div>\n<div style=\"clear: both; text-align: center;\"><\/div>\n<div style=\"clear: both; text-align: center;\"><span style=\"font-size: x-large;\">Listo para el rock <\/span><span style=\"font-size: large;\">;)<\/span><\/div>","protected":false},"excerpt":{"rendered":"<p>Sminkade Frida f\u00f6rra veckan n\u00e4r jag fyllde \u00e5r. Vi skulle ju k\u00f6ra min f\u00f6rsta lagliga krogdebut ;) Hennes h\u00f6gra \u00f6ga ser mycket m\u00f6rkare ut p\u00e5 bilden, men det \u00e4r bara ljuset som g\u00f6r s\u00e5. Har kn\u00e4ppt lite snett :) Alla \u00f6gonskuggor \u00e4r fr\u00e5n 180 paletten. Gr\u00e5bl\u00e5 \u00f6gonskugga l\u00e4ngs globlinjen. Ljusgul \u00f6gonskugga innerst p\u00e5 \u00f6gonlocket. Rosa [&hellip;]<\/p>\n","protected":false},"author":30,"featured_media":0,"comment_status":"open","ping_status":"open","sticky":false,"template":"","format":"standard","meta":{"footnotes":""},"categories":[3],"tags":[],"class_list":["post-1412","post","type-post","status-publish","format-standard","hentry","category-allmant"],"yoast_head":"<!-- This site is optimized with the Yoast SEO Premium plugin v14.9 - https:\/\/yoast.com\/wordpress\/plugins\/seo\/ -->\n<meta name=\"description\" content=\"F\u00e4rgglad partysminkning | Helena Amiley - H\u00e4r hittar du senaste infromation om sk\u00f6nhet, livsstil, entrepren\u00f6rskap, makeup &amp; tips.\" \/>\n<meta name=\"robots\" content=\"index, follow, max-snippet:-1, max-image-preview:large, max-video-preview:-1\" \/>\n<link rel=\"canonical\" href=\"https:\/\/www.imakeyousmile.se\/es\/fargglad-partysminkning-7\/\" \/>\n<meta property=\"og:locale\" content=\"es_ES\" \/>\n<meta property=\"og:type\" content=\"article\" \/>\n<meta property=\"og:title\" content=\"F\u00e4rgglad partysminkning | Imakeyousmile.se\" \/>\n<meta property=\"og:description\" content=\"F\u00e4rgglad partysminkning | Helena Amiley - H\u00e4r hittar du senaste infromation om sk\u00f6nhet, livsstil, entrepren\u00f6rskap, makeup &amp; tips.\" \/>\n<meta property=\"og:url\" content=\"https:\/\/www.imakeyousmile.se\/es\/fargglad-partysminkning-7\/\" \/>\n<meta property=\"og:site_name\" content=\"Imakeyousmile.se\" \/>\n<meta property=\"article:author\" content=\"https:\/\/www.facebook.com\/imakeyousmile.se\" \/>\n<meta property=\"article:published_time\" content=\"2011-07-21T11:00:00+00:00\" \/>\n<meta property=\"article:modified_time\" content=\"2014-08-11T18:47:04+00:00\" \/>\n<meta property=\"og:image\" content=\"http:\/\/2.bp.blogspot.com\/-U_ERFtv5r0E\/TifYy0K_RuI\/AAAAAAAAED8\/4giKCM7blSg\/s400\/DSC_0024.JPG\" \/>\n<meta name=\"twitter:card\" content=\"summary_large_image\" \/>\n<script type=\"application\/ld+json\" class=\"yoast-schema-graph\">{\"@context\":\"https:\/\/schema.org\",\"@graph\":[{\"@type\":\"Organization\",\"@id\":\"https:\/\/www.imakeyousmile.se\/es\/#organization\",\"name\":\"Imakeyousmile\",\"url\":\"https:\/\/www.imakeyousmile.se\/es\/\",\"sameAs\":[],\"logo\":{\"@type\":\"ImageObject\",\"@id\":\"https:\/\/www.imakeyousmile.se\/es\/#logo\",\"inLanguage\":\"es\",\"url\":\"https:\/\/www.imakeyousmile.se\/wp-content\/uploads\/2020\/10\/HELENA-AMILEY_SVART-1-e1603367975324.png\",\"width\":280,\"height\":93,\"caption\":\"Imakeyousmile\"},\"image\":{\"@id\":\"https:\/\/www.imakeyousmile.se\/es\/#logo\"}},{\"@type\":\"WebSite\",\"@id\":\"https:\/\/www.imakeyousmile.se\/es\/#website\",\"url\":\"https:\/\/www.imakeyousmile.se\/es\/\",\"name\":\"Imakeyousmile.se\",\"description\":\"Helena Amiley - Beauty, Entrepreneur, Lifestyle\",\"publisher\":{\"@id\":\"https:\/\/www.imakeyousmile.se\/es\/#organization\"},\"potentialAction\":[{\"@type\":\"SearchAction\",\"target\":\"https:\/\/www.imakeyousmile.se\/es\/?s={search_term_string}\",\"query-input\":\"required name=search_term_string\"}],\"inLanguage\":\"es\"},{\"@type\":\"ImageObject\",\"@id\":\"https:\/\/www.imakeyousmile.se\/fargglad-partysminkning-7\/#primaryimage\",\"inLanguage\":\"es\",\"url\":\"http:\/\/2.bp.blogspot.com\/-U_ERFtv5r0E\/TifYy0K_RuI\/AAAAAAAAED8\/4giKCM7blSg\/s400\/DSC_0024.JPG\"},{\"@type\":\"WebPage\",\"@id\":\"https:\/\/www.imakeyousmile.se\/fargglad-partysminkning-7\/#webpage\",\"url\":\"https:\/\/www.imakeyousmile.se\/fargglad-partysminkning-7\/\",\"name\":\"F\\u00e4rgglad partysminkning | Imakeyousmile.se\",\"isPartOf\":{\"@id\":\"https:\/\/www.imakeyousmile.se\/es\/#website\"},\"primaryImageOfPage\":{\"@id\":\"https:\/\/www.imakeyousmile.se\/fargglad-partysminkning-7\/#primaryimage\"},\"datePublished\":\"2011-07-21T11:00:00+00:00\",\"dateModified\":\"2014-08-11T18:47:04+00:00\",\"description\":\"F\\u00e4rgglad partysminkning | Helena Amiley - H\\u00e4r hittar du senaste infromation om sk\\u00f6nhet, livsstil, entrepren\\u00f6rskap, makeup & tips.\",\"inLanguage\":\"es\",\"potentialAction\":[{\"@type\":\"ReadAction\",\"target\":[\"https:\/\/www.imakeyousmile.se\/fargglad-partysminkning-7\/\"]}]},{\"@type\":\"Article\",\"@id\":\"https:\/\/www.imakeyousmile.se\/fargglad-partysminkning-7\/#article\",\"isPartOf\":{\"@id\":\"https:\/\/www.imakeyousmile.se\/fargglad-partysminkning-7\/#webpage\"},\"author\":{\"@id\":\"https:\/\/www.imakeyousmile.se\/es\/#\/schema\/person\/b0fd43b1c6bb1c60cfd68bff9b4a10fb\"},\"headline\":\"F\\u00e4rgglad partysminkning\",\"datePublished\":\"2011-07-21T11:00:00+00:00\",\"dateModified\":\"2014-08-11T18:47:04+00:00\",\"mainEntityOfPage\":{\"@id\":\"https:\/\/www.imakeyousmile.se\/fargglad-partysminkning-7\/#webpage\"},\"commentCount\":0,\"publisher\":{\"@id\":\"https:\/\/www.imakeyousmile.se\/es\/#organization\"},\"image\":{\"@id\":\"https:\/\/www.imakeyousmile.se\/fargglad-partysminkning-7\/#primaryimage\"},\"articleSection\":\"\\u00d6vrigt\",\"inLanguage\":\"es\",\"potentialAction\":[{\"@type\":\"CommentAction\",\"name\":\"Comment\",\"target\":[\"https:\/\/www.imakeyousmile.se\/fargglad-partysminkning-7\/#respond\"]}]},{\"@type\":\"Person\",\"@id\":\"https:\/\/www.imakeyousmile.se\/es\/#\/schema\/person\/b0fd43b1c6bb1c60cfd68bff9b4a10fb\",\"name\":\"Helena Amiley\",\"image\":{\"@type\":\"ImageObject\",\"@id\":\"https:\/\/www.imakeyousmile.se\/es\/#personlogo\",\"inLanguage\":\"es\",\"url\":\"https:\/\/secure.gravatar.com\/avatar\/5645558e1e355457a23368d7e1b4c904?s=96&d=mm&r=g\",\"caption\":\"Helena Amiley\"},\"description\":\"Jag skriver mest om sk\\u00f6nhet men bjuder \\u00e4ven p\\u00e5 glimtar fr\\u00e5n entrepren\\u00f6rlivet och bygget av v\\u00e5r egen camper van. Vanlife here we come!\",\"sameAs\":[\"https:\/\/www.facebook.com\/imakeyousmile.se\",\"https:\/\/www.instagram.com\/helenaamiley\",\"https:\/\/www.youtube.com\/channel\/UCR5iB6rvpV6Yr8ZjpQfr5mg?view_as=subscriber\"]}]}<\/script>\n<!-- \/ Yoast SEO Premium plugin. -->","_links":{"self":[{"href":"https:\/\/www.imakeyousmile.se\/es\/wp-json\/wp\/v2\/posts\/1412"}],"collection":[{"href":"https:\/\/www.imakeyousmile.se\/es\/wp-json\/wp\/v2\/posts"}],"about":[{"href":"https:\/\/www.imakeyousmile.se\/es\/wp-json\/wp\/v2\/types\/post"}],"author":[{"embeddable":true,"href":"https:\/\/www.imakeyousmile.se\/es\/wp-json\/wp\/v2\/users\/30"}],"replies":[{"embeddable":true,"href":"https:\/\/www.imakeyousmile.se\/es\/wp-json\/wp\/v2\/comments?post=1412"}],"version-history":[{"count":0,"href":"https:\/\/www.imakeyousmile.se\/es\/wp-json\/wp\/v2\/posts\/1412\/revisions"}],"wp:attachment":[{"href":"https:\/\/www.imakeyousmile.se\/es\/wp-json\/wp\/v2\/media?parent=1412"}],"wp:term":[{"taxonomy":"category","embeddable":true,"href":"https:\/\/www.imakeyousmile.se\/es\/wp-json\/wp\/v2\/categories?post=1412"},{"taxonomy":"post_tag","embeddable":true,"href":"https:\/\/www.imakeyousmile.se\/es\/wp-json\/wp\/v2\/tags?post=1412"}],"curies":[{"name":"wp","href":"https:\/\/api.w.org\/{rel}","templated":true}]}}