{"id":1426,"date":"2011-07-05T06:43:00","date_gmt":"2011-07-05T04:43:00","guid":{"rendered":"http:\/\/www.imakeyousmile.se\/guldig-sminkning-5\/"},"modified":"2014-08-16T13:19:25","modified_gmt":"2014-08-16T11:19:25","slug":"guldig-sminkning-5","status":"publish","type":"post","link":"https:\/\/www.imakeyousmile.se\/es\/maquillaje-dorado-5\/","title":{"rendered":"Maquillaje dorado"},"content":{"rendered":"<div style=\"clear: both; text-align: left;\"><em>\u00a1Buenos d\u00edas a todos!<\/em><\/div>\n<div style=\"clear: both; text-align: left;\"><\/div>\n<div style=\"clear: both; text-align: left;\">Ahora el per\u00edodo de trabajo ha comenzado en su totalidad. Luego viene el siguiente problema, \u00bfc\u00f3mo diablos se supone que debes maquillarte en el trabajo?<\/div>\n<div style=\"clear: both; text-align: left;\"><\/div>\n<div style=\"clear: both; text-align: left;\">Apuesto bastante\u00a0<span style=\"font-size: x-large;\">simple<\/span> maquillaje, que puede que no siempre se considere natural, pero que a\u00fan no atrae todas las miradas de la tienda.<\/div>\n<div style=\"clear: both; text-align: left;\"><\/div>\n<div style=\"clear: both; text-align: left;\">Aqu\u00ed est\u00e1n los de ayer:<\/div>\n<div style=\"clear: both; text-align: center;\"><\/div>\n<div style=\"clear: both; text-align: center;\"><a style=\"margin-left: 1em; margin-right: 1em;\" href=\"http:\/\/1.bp.blogspot.com\/-O78lk0wbhAs\/ThKhIAv1WfI\/AAAAAAAAEBw\/iZ6kZ9mLqjA\/s1600\/DSC_0004.JPG\"><img decoding=\"async\" src=\"http:\/\/1.bp.blogspot.com\/-O78lk0wbhAs\/ThKhIAv1WfI\/AAAAAAAAEBw\/iZ6kZ9mLqjA\/s320\/DSC_0004.JPG\" alt=\"\" width=\"315px\" height=\"320px\" border=\"0\" \/><\/a><\/div>\n<div style=\"clear: both; text-align: center;\">Las sombras de ojos son de <em>180 palets.<\/em><\/div>\n<div style=\"clear: both; text-align: center;\"><\/div>\n<div style=\"clear: both; text-align: center;\"><span style=\"color: #e69138; font-size: large;\"><strong>V\u00e1lido<\/strong><\/span> sombra de ojos en el p\u00e1rpado y en la parte inferior de la l\u00ednea de las pesta\u00f1as inferiores.<\/div>\n<div style=\"clear: both; text-align: center;\"><span style=\"color: #b45f06; font-size: large;\"><strong>Dorado m\u00e1s oscuro<\/strong><\/span> sombra de ojos al final de la l\u00ednea de las pesta\u00f1as inferiores y a lo largo de la l\u00ednea del globo.<\/div>\n<div style=\"clear: both; text-align: center;\"><span style=\"color: #999999; font-size: large;\">Blanco<\/span> sombra de ojos debajo de la ceja y en el rabillo del ojo.<\/div>\n<div style=\"clear: both; text-align: center;\"><\/div>\n<div style=\"clear: both; text-align: center;\">Delineador de ojos blanco en la l\u00ednea interior de las pesta\u00f1as. <em>H&amp;M.<\/em><\/div>\n<div style=\"clear: both; text-align: center;\">Delineador de ojos negro en toda la l\u00ednea de las pesta\u00f1as superiores y al final de la l\u00ednea de las pesta\u00f1as inferiores, <em>H&amp;M.<br \/>\n<\/em><\/div>\n<div style=\"clear: both; text-align: center;\"><\/div>\n<div style=\"clear: both; text-align: left;\">Tiene uno <span style=\"font-size: x-large;\">apurado <\/span>por la ma\u00f1ana, que suelo tener, son doradas (<em>y preferiblemente brillante<\/em>) sombras de ojos una muy buena idea.<\/div>\n<div style=\"clear: both; text-align: center;\"><\/div>\n<div style=\"clear: both; text-align: left;\">Es para diferentes tonos de oro. <span style=\"font-size: x-large;\">se derrite juntos<\/span> tan f\u00e1ciles entre s\u00ed, para que no tengan que difuminar mucho en absoluto.<\/div>\n<div style=\"clear: both; text-align: center;\"><a style=\"margin-left: 1em; margin-right: 1em;\" href=\"http:\/\/1.bp.blogspot.com\/-L3N0NNqCcY4\/ThKhOSOqoMI\/AAAAAAAAEB0\/t5Hma0PPMLM\/s1600\/DSC_0007.JPG\"><img decoding=\"async\" src=\"http:\/\/1.bp.blogspot.com\/-L3N0NNqCcY4\/ThKhOSOqoMI\/AAAAAAAAEB0\/t5Hma0PPMLM\/s640\/DSC_0007.JPG\" alt=\"\" width=\"456px\" height=\"640px\" border=\"0\" \/><\/a><\/div>\n<div style=\"clear: both; text-align: center;\"><em>Mi trabajo fue ayer en ICA.<\/em><\/div>\n<div style=\"text-align: center;\"><span style=\"font-size: x-large;\">\u00a1Ahora tengo que correr hacia el autob\u00fas!<\/span><\/div>","protected":false},"excerpt":{"rendered":"<p>Godmorgon allihopa! Nu har jobbperioden b\u00f6rjat f\u00f6r fullt. D\u00e5 kommer n\u00e4sta\u00a0problem, hur tusan ska man vara sminkad p\u00e5 jobbet? Jag satsar p\u00e5 ganska\u00a0enkla sminkningar, som kanske inte alltid r\u00e4knas som naturliga men som \u00e4nd\u00e5 inte drar till sig alla blickar i butiken. H\u00e4r \u00e4r g\u00e5rdagens: \u00d6gonskuggorna \u00e4r fr\u00e5n 180 paletten. Guldig \u00f6gonskugga p\u00e5 \u00f6gonlocket och [&hellip;]<\/p>\n","protected":false},"author":30,"featured_media":0,"comment_status":"open","ping_status":"open","sticky":false,"template":"","format":"standard","meta":{"footnotes":""},"categories":[3],"tags":[],"class_list":["post-1426","post","type-post","status-publish","format-standard","hentry","category-allmant"],"yoast_head":"<!-- This site is optimized with the Yoast SEO Premium plugin v14.9 - https:\/\/yoast.com\/wordpress\/plugins\/seo\/ -->\n<meta name=\"description\" content=\"Guldig sminkning | Helena Amiley - H\u00e4r hittar du senaste infromation om sk\u00f6nhet, livsstil, entrepren\u00f6rskap, makeup &amp; tips.\" \/>\n<meta name=\"robots\" content=\"index, follow, max-snippet:-1, max-image-preview:large, max-video-preview:-1\" \/>\n<link rel=\"canonical\" href=\"https:\/\/www.imakeyousmile.se\/es\/guldig-sminkning-5\/\" \/>\n<meta property=\"og:locale\" content=\"es_ES\" \/>\n<meta property=\"og:type\" content=\"article\" \/>\n<meta property=\"og:title\" content=\"Guldig sminkning | Imakeyousmile.se\" \/>\n<meta property=\"og:description\" content=\"Guldig sminkning | Helena Amiley - H\u00e4r hittar du senaste infromation om sk\u00f6nhet, livsstil, entrepren\u00f6rskap, makeup &amp; tips.\" \/>\n<meta property=\"og:url\" content=\"https:\/\/www.imakeyousmile.se\/es\/guldig-sminkning-5\/\" \/>\n<meta property=\"og:site_name\" content=\"Imakeyousmile.se\" \/>\n<meta property=\"article:author\" content=\"https:\/\/www.facebook.com\/imakeyousmile.se\" \/>\n<meta property=\"article:published_time\" content=\"2011-07-05T04:43:00+00:00\" \/>\n<meta property=\"article:modified_time\" content=\"2014-08-16T11:19:25+00:00\" \/>\n<meta property=\"og:image\" content=\"http:\/\/1.bp.blogspot.com\/-O78lk0wbhAs\/ThKhIAv1WfI\/AAAAAAAAEBw\/iZ6kZ9mLqjA\/s320\/DSC_0004.JPG\" \/>\n<meta name=\"twitter:card\" content=\"summary_large_image\" \/>\n<script type=\"application\/ld+json\" class=\"yoast-schema-graph\">{\"@context\":\"https:\/\/schema.org\",\"@graph\":[{\"@type\":\"Organization\",\"@id\":\"https:\/\/www.imakeyousmile.se\/es\/#organization\",\"name\":\"Imakeyousmile\",\"url\":\"https:\/\/www.imakeyousmile.se\/es\/\",\"sameAs\":[],\"logo\":{\"@type\":\"ImageObject\",\"@id\":\"https:\/\/www.imakeyousmile.se\/es\/#logo\",\"inLanguage\":\"es\",\"url\":\"https:\/\/www.imakeyousmile.se\/wp-content\/uploads\/2020\/10\/HELENA-AMILEY_SVART-1-e1603367975324.png\",\"width\":280,\"height\":93,\"caption\":\"Imakeyousmile\"},\"image\":{\"@id\":\"https:\/\/www.imakeyousmile.se\/es\/#logo\"}},{\"@type\":\"WebSite\",\"@id\":\"https:\/\/www.imakeyousmile.se\/es\/#website\",\"url\":\"https:\/\/www.imakeyousmile.se\/es\/\",\"name\":\"Imakeyousmile.se\",\"description\":\"Helena Amiley - Beauty, Entrepreneur, Lifestyle\",\"publisher\":{\"@id\":\"https:\/\/www.imakeyousmile.se\/es\/#organization\"},\"potentialAction\":[{\"@type\":\"SearchAction\",\"target\":\"https:\/\/www.imakeyousmile.se\/es\/?s={search_term_string}\",\"query-input\":\"required name=search_term_string\"}],\"inLanguage\":\"es\"},{\"@type\":\"ImageObject\",\"@id\":\"https:\/\/www.imakeyousmile.se\/guldig-sminkning-5\/#primaryimage\",\"inLanguage\":\"es\",\"url\":\"http:\/\/1.bp.blogspot.com\/-O78lk0wbhAs\/ThKhIAv1WfI\/AAAAAAAAEBw\/iZ6kZ9mLqjA\/s320\/DSC_0004.JPG\"},{\"@type\":\"WebPage\",\"@id\":\"https:\/\/www.imakeyousmile.se\/guldig-sminkning-5\/#webpage\",\"url\":\"https:\/\/www.imakeyousmile.se\/guldig-sminkning-5\/\",\"name\":\"Guldig sminkning | Imakeyousmile.se\",\"isPartOf\":{\"@id\":\"https:\/\/www.imakeyousmile.se\/es\/#website\"},\"primaryImageOfPage\":{\"@id\":\"https:\/\/www.imakeyousmile.se\/guldig-sminkning-5\/#primaryimage\"},\"datePublished\":\"2011-07-05T04:43:00+00:00\",\"dateModified\":\"2014-08-16T11:19:25+00:00\",\"description\":\"Guldig sminkning | Helena Amiley - H\\u00e4r hittar du senaste infromation om sk\\u00f6nhet, livsstil, entrepren\\u00f6rskap, makeup & tips.\",\"inLanguage\":\"es\",\"potentialAction\":[{\"@type\":\"ReadAction\",\"target\":[\"https:\/\/www.imakeyousmile.se\/guldig-sminkning-5\/\"]}]},{\"@type\":\"Article\",\"@id\":\"https:\/\/www.imakeyousmile.se\/guldig-sminkning-5\/#article\",\"isPartOf\":{\"@id\":\"https:\/\/www.imakeyousmile.se\/guldig-sminkning-5\/#webpage\"},\"author\":{\"@id\":\"https:\/\/www.imakeyousmile.se\/es\/#\/schema\/person\/b0fd43b1c6bb1c60cfd68bff9b4a10fb\"},\"headline\":\"Guldig sminkning\",\"datePublished\":\"2011-07-05T04:43:00+00:00\",\"dateModified\":\"2014-08-16T11:19:25+00:00\",\"mainEntityOfPage\":{\"@id\":\"https:\/\/www.imakeyousmile.se\/guldig-sminkning-5\/#webpage\"},\"commentCount\":0,\"publisher\":{\"@id\":\"https:\/\/www.imakeyousmile.se\/es\/#organization\"},\"image\":{\"@id\":\"https:\/\/www.imakeyousmile.se\/guldig-sminkning-5\/#primaryimage\"},\"articleSection\":\"\\u00d6vrigt\",\"inLanguage\":\"es\",\"potentialAction\":[{\"@type\":\"CommentAction\",\"name\":\"Comment\",\"target\":[\"https:\/\/www.imakeyousmile.se\/guldig-sminkning-5\/#respond\"]}]},{\"@type\":\"Person\",\"@id\":\"https:\/\/www.imakeyousmile.se\/es\/#\/schema\/person\/b0fd43b1c6bb1c60cfd68bff9b4a10fb\",\"name\":\"Helena Amiley\",\"image\":{\"@type\":\"ImageObject\",\"@id\":\"https:\/\/www.imakeyousmile.se\/es\/#personlogo\",\"inLanguage\":\"es\",\"url\":\"https:\/\/secure.gravatar.com\/avatar\/5645558e1e355457a23368d7e1b4c904?s=96&d=mm&r=g\",\"caption\":\"Helena Amiley\"},\"description\":\"Jag skriver mest om sk\\u00f6nhet men bjuder \\u00e4ven p\\u00e5 glimtar fr\\u00e5n entrepren\\u00f6rlivet och bygget av v\\u00e5r egen camper van. Vanlife here we come!\",\"sameAs\":[\"https:\/\/www.facebook.com\/imakeyousmile.se\",\"https:\/\/www.instagram.com\/helenaamiley\",\"https:\/\/www.youtube.com\/channel\/UCR5iB6rvpV6Yr8ZjpQfr5mg?view_as=subscriber\"]}]}<\/script>\n<!-- \/ Yoast SEO Premium plugin. -->","_links":{"self":[{"href":"https:\/\/www.imakeyousmile.se\/es\/wp-json\/wp\/v2\/posts\/1426"}],"collection":[{"href":"https:\/\/www.imakeyousmile.se\/es\/wp-json\/wp\/v2\/posts"}],"about":[{"href":"https:\/\/www.imakeyousmile.se\/es\/wp-json\/wp\/v2\/types\/post"}],"author":[{"embeddable":true,"href":"https:\/\/www.imakeyousmile.se\/es\/wp-json\/wp\/v2\/users\/30"}],"replies":[{"embeddable":true,"href":"https:\/\/www.imakeyousmile.se\/es\/wp-json\/wp\/v2\/comments?post=1426"}],"version-history":[{"count":0,"href":"https:\/\/www.imakeyousmile.se\/es\/wp-json\/wp\/v2\/posts\/1426\/revisions"}],"wp:attachment":[{"href":"https:\/\/www.imakeyousmile.se\/es\/wp-json\/wp\/v2\/media?parent=1426"}],"wp:term":[{"taxonomy":"category","embeddable":true,"href":"https:\/\/www.imakeyousmile.se\/es\/wp-json\/wp\/v2\/categories?post=1426"},{"taxonomy":"post_tag","embeddable":true,"href":"https:\/\/www.imakeyousmile.se\/es\/wp-json\/wp\/v2\/tags?post=1426"}],"curies":[{"name":"wp","href":"https:\/\/api.w.org\/{rel}","templated":true}]}}