{"id":1435,"date":"2011-06-30T13:03:00","date_gmt":"2011-06-30T11:03:00","guid":{"rendered":"http:\/\/www.imakeyousmile.se\/brunrod-sminkning\/"},"modified":"2014-08-12T19:41:03","modified_gmt":"2014-08-12T17:41:03","slug":"brunrod-sminkning","status":"publish","type":"post","link":"https:\/\/www.imakeyousmile.se\/es\/maquillaje-de-raiz-marron\/","title":{"rendered":"Maquillaje marr\u00f3n rojizo"},"content":{"rendered":"<div style=\"clear: both; text-align: left;\">Aqu\u00ed viene el maquillaje de hoy, de color bastante neutro, pero todav\u00eda no.<\/div>\n<div style=\"clear: both; text-align: center;\"><\/div>\n<div style=\"clear: both; text-align: center;\"><a style=\"margin-left: 1em; margin-right: 1em;\" href=\"http:\/\/1.bp.blogspot.com\/-tfPcG-eKgGg\/Tgxjqz5ZogI\/AAAAAAAAEAU\/0EGUAXEYiBQ\/s1600\/DSC_0176.JPG\"><img decoding=\"async\" src=\"http:\/\/1.bp.blogspot.com\/-tfPcG-eKgGg\/Tgxjqz5ZogI\/AAAAAAAAEAU\/0EGUAXEYiBQ\/s320\/DSC_0176.JPG\" alt=\"\" width=\"320px\" height=\"293px\" border=\"0\" \/><\/a><\/div>\n<div style=\"clear: both; text-align: center;\"><em>Todas las sombras de ojos son de la paleta 180<\/em>.<\/div>\n<div style=\"clear: both; text-align: center;\"><\/div>\n<div style=\"clear: both; text-align: center;\"><span style=\"color: red; font-size: large;\"><strong>ROJO<\/strong><\/span> sombra de ojos en la l\u00ednea de las pesta\u00f1as superiores.<\/div>\n<div style=\"clear: both; text-align: center;\"><span style=\"color: #990000; font-size: large;\"><strong>rojo marr\u00f3n<\/strong><\/span> sombra de ojos al final del p\u00e1rpado y a lo largo de la l\u00ednea del pliegue, y un poco hacia abajo en la l\u00ednea de las pesta\u00f1as inferiores.<\/div>\n<div style=\"clear: both; text-align: center;\"><span style=\"color: #b45f06; font-size: large;\"><strong>Marr\u00f3n claro<\/strong><\/span> sombra de ojos en el resto del p\u00e1rpado.<\/div>\n<div style=\"clear: both; text-align: center;\"><span style=\"color: #999999; font-size: large;\">Blanco<\/span> sombra de ojos en la l\u00ednea de las pesta\u00f1as inferiores.<\/div>\n<div style=\"clear: both; text-align: center;\"><\/div>\n<div style=\"clear: both; text-align: center;\"><span style=\"color: #999999; font-size: large;\">Blanco <\/span>delineador de ojos en la l\u00ednea interior de las pesta\u00f1as y en la esquina del ojo, <em>H&amp;M.<\/em><\/div>\n<div style=\"clear: both; text-align: center;\"><strong><span style=\"font-size: large;\">Negro <\/span><\/strong>delineador de ojos al final de la l\u00ednea de pesta\u00f1as superior e inferior, <em>H&amp;M.<\/em><\/div>\n<div style=\"clear: both; text-align: center;\"><\/div>\n<div style=\"clear: both; text-align: center;\"><a style=\"margin-left: 1em; margin-right: 1em;\" href=\"http:\/\/4.bp.blogspot.com\/-f6YOuRpUo7E\/TgxjxbH8JxI\/AAAAAAAAEAY\/DgV5he_gYq8\/s1600\/DSC_0185.JPG\"><img decoding=\"async\" src=\"http:\/\/4.bp.blogspot.com\/-f6YOuRpUo7E\/TgxjxbH8JxI\/AAAAAAAAEAY\/DgV5he_gYq8\/s640\/DSC_0185.JPG\" alt=\"\" width=\"464px\" height=\"640px\" border=\"0\" \/><\/a><\/div>\n<div style=\"clear: both; text-align: center;\"><em>De lo contrario, un aspecto bastante natural.<\/em><\/div>\n<p>\u00bfVes que finalmente me pongo un poco moreno de nuevo? :) Despu\u00e9s de un comienzo de verano muy lluvioso tambi\u00e9n.<\/p>\n<p>Pero no podr\u00e9 tomar el sol<span style=\"font-size: x-large;\"> la parte de atr\u00e1s <\/span>m\u00e1s, porque mi tatuaje est\u00e1 all\u00ed.<\/p>\n<p>Entonces ser\u00e1 un poco irregular, pero me encanta tomar el sol en el frente.<\/p>\n<div style=\"text-align: center;\"><span style=\"font-size: x-large;\">\u00a1Por lo que no importa!<\/span> <span style=\"font-size: large;\">:)<\/span><\/div>","protected":false},"excerpt":{"rendered":"<p>H\u00e4r kommer dagens sminkning, ganska neutral i f\u00e4rgen me \u00e4nd\u00e5 inte. Alla \u00f6gonskuggor \u00e4r fr\u00e5n 180 paletten. R\u00f6d \u00f6gonskugga p\u00e5 \u00f6vre fransraden. Brunr\u00f6d \u00f6gonskugga ytterst p\u00e5 \u00f6gonlocket och l\u00e4ngs globlinjen, och lite ner p\u00e5 undre fransraden. Ljusbrun \u00f6gonskugga p\u00e5 resten av \u00f6gonlocket. Vit \u00f6gonskugga p\u00e5 undre fransraden. Vit kajalpenna p\u00e5 inre fransraden och i \u00f6gonvr\u00e5n, [&hellip;]<\/p>\n","protected":false},"author":30,"featured_media":0,"comment_status":"open","ping_status":"open","sticky":false,"template":"","format":"standard","meta":{"footnotes":""},"categories":[3],"tags":[],"class_list":["post-1435","post","type-post","status-publish","format-standard","hentry","category-allmant"],"yoast_head":"<!-- This site is optimized with the Yoast SEO Premium plugin v14.9 - https:\/\/yoast.com\/wordpress\/plugins\/seo\/ -->\n<meta name=\"description\" content=\"Brunr\u00f6d sminkning | Helena Amiley - H\u00e4r hittar du senaste infromation om sk\u00f6nhet, livsstil, entrepren\u00f6rskap, makeup &amp; tips.\" \/>\n<meta name=\"robots\" content=\"index, follow, max-snippet:-1, max-image-preview:large, max-video-preview:-1\" \/>\n<link rel=\"canonical\" href=\"https:\/\/www.imakeyousmile.se\/es\/brunrod-sminkning\/\" \/>\n<meta property=\"og:locale\" content=\"es_ES\" \/>\n<meta property=\"og:type\" content=\"article\" \/>\n<meta property=\"og:title\" content=\"Brunr\u00f6d sminkning | Imakeyousmile.se\" \/>\n<meta property=\"og:description\" content=\"Brunr\u00f6d sminkning | Helena Amiley - H\u00e4r hittar du senaste infromation om sk\u00f6nhet, livsstil, entrepren\u00f6rskap, makeup &amp; tips.\" \/>\n<meta property=\"og:url\" content=\"https:\/\/www.imakeyousmile.se\/es\/brunrod-sminkning\/\" \/>\n<meta property=\"og:site_name\" content=\"Imakeyousmile.se\" \/>\n<meta property=\"article:author\" content=\"https:\/\/www.facebook.com\/imakeyousmile.se\" \/>\n<meta property=\"article:published_time\" content=\"2011-06-30T11:03:00+00:00\" \/>\n<meta property=\"article:modified_time\" content=\"2014-08-12T17:41:03+00:00\" \/>\n<meta property=\"og:image\" content=\"http:\/\/1.bp.blogspot.com\/-tfPcG-eKgGg\/Tgxjqz5ZogI\/AAAAAAAAEAU\/0EGUAXEYiBQ\/s320\/DSC_0176.JPG\" \/>\n<meta name=\"twitter:card\" content=\"summary_large_image\" \/>\n<script type=\"application\/ld+json\" class=\"yoast-schema-graph\">{\"@context\":\"https:\/\/schema.org\",\"@graph\":[{\"@type\":\"Organization\",\"@id\":\"https:\/\/www.imakeyousmile.se\/es\/#organization\",\"name\":\"Imakeyousmile\",\"url\":\"https:\/\/www.imakeyousmile.se\/es\/\",\"sameAs\":[],\"logo\":{\"@type\":\"ImageObject\",\"@id\":\"https:\/\/www.imakeyousmile.se\/es\/#logo\",\"inLanguage\":\"es\",\"url\":\"https:\/\/www.imakeyousmile.se\/wp-content\/uploads\/2020\/10\/HELENA-AMILEY_SVART-1-e1603367975324.png\",\"width\":280,\"height\":93,\"caption\":\"Imakeyousmile\"},\"image\":{\"@id\":\"https:\/\/www.imakeyousmile.se\/es\/#logo\"}},{\"@type\":\"WebSite\",\"@id\":\"https:\/\/www.imakeyousmile.se\/es\/#website\",\"url\":\"https:\/\/www.imakeyousmile.se\/es\/\",\"name\":\"Imakeyousmile.se\",\"description\":\"Helena Amiley - Beauty, Entrepreneur, Lifestyle\",\"publisher\":{\"@id\":\"https:\/\/www.imakeyousmile.se\/es\/#organization\"},\"potentialAction\":[{\"@type\":\"SearchAction\",\"target\":\"https:\/\/www.imakeyousmile.se\/es\/?s={search_term_string}\",\"query-input\":\"required name=search_term_string\"}],\"inLanguage\":\"es\"},{\"@type\":\"ImageObject\",\"@id\":\"https:\/\/www.imakeyousmile.se\/brunrod-sminkning\/#primaryimage\",\"inLanguage\":\"es\",\"url\":\"http:\/\/1.bp.blogspot.com\/-tfPcG-eKgGg\/Tgxjqz5ZogI\/AAAAAAAAEAU\/0EGUAXEYiBQ\/s320\/DSC_0176.JPG\"},{\"@type\":\"WebPage\",\"@id\":\"https:\/\/www.imakeyousmile.se\/brunrod-sminkning\/#webpage\",\"url\":\"https:\/\/www.imakeyousmile.se\/brunrod-sminkning\/\",\"name\":\"Brunr\\u00f6d sminkning | Imakeyousmile.se\",\"isPartOf\":{\"@id\":\"https:\/\/www.imakeyousmile.se\/es\/#website\"},\"primaryImageOfPage\":{\"@id\":\"https:\/\/www.imakeyousmile.se\/brunrod-sminkning\/#primaryimage\"},\"datePublished\":\"2011-06-30T11:03:00+00:00\",\"dateModified\":\"2014-08-12T17:41:03+00:00\",\"description\":\"Brunr\\u00f6d sminkning | Helena Amiley - H\\u00e4r hittar du senaste infromation om sk\\u00f6nhet, livsstil, entrepren\\u00f6rskap, makeup & tips.\",\"inLanguage\":\"es\",\"potentialAction\":[{\"@type\":\"ReadAction\",\"target\":[\"https:\/\/www.imakeyousmile.se\/brunrod-sminkning\/\"]}]},{\"@type\":\"Article\",\"@id\":\"https:\/\/www.imakeyousmile.se\/brunrod-sminkning\/#article\",\"isPartOf\":{\"@id\":\"https:\/\/www.imakeyousmile.se\/brunrod-sminkning\/#webpage\"},\"author\":{\"@id\":\"https:\/\/www.imakeyousmile.se\/es\/#\/schema\/person\/b0fd43b1c6bb1c60cfd68bff9b4a10fb\"},\"headline\":\"Brunr\\u00f6d sminkning\",\"datePublished\":\"2011-06-30T11:03:00+00:00\",\"dateModified\":\"2014-08-12T17:41:03+00:00\",\"mainEntityOfPage\":{\"@id\":\"https:\/\/www.imakeyousmile.se\/brunrod-sminkning\/#webpage\"},\"commentCount\":0,\"publisher\":{\"@id\":\"https:\/\/www.imakeyousmile.se\/es\/#organization\"},\"image\":{\"@id\":\"https:\/\/www.imakeyousmile.se\/brunrod-sminkning\/#primaryimage\"},\"articleSection\":\"\\u00d6vrigt\",\"inLanguage\":\"es\",\"potentialAction\":[{\"@type\":\"CommentAction\",\"name\":\"Comment\",\"target\":[\"https:\/\/www.imakeyousmile.se\/brunrod-sminkning\/#respond\"]}]},{\"@type\":\"Person\",\"@id\":\"https:\/\/www.imakeyousmile.se\/es\/#\/schema\/person\/b0fd43b1c6bb1c60cfd68bff9b4a10fb\",\"name\":\"Helena Amiley\",\"image\":{\"@type\":\"ImageObject\",\"@id\":\"https:\/\/www.imakeyousmile.se\/es\/#personlogo\",\"inLanguage\":\"es\",\"url\":\"https:\/\/secure.gravatar.com\/avatar\/5645558e1e355457a23368d7e1b4c904?s=96&d=mm&r=g\",\"caption\":\"Helena Amiley\"},\"description\":\"Jag skriver mest om sk\\u00f6nhet men bjuder \\u00e4ven p\\u00e5 glimtar fr\\u00e5n entrepren\\u00f6rlivet och bygget av v\\u00e5r egen camper van. Vanlife here we come!\",\"sameAs\":[\"https:\/\/www.facebook.com\/imakeyousmile.se\",\"https:\/\/www.instagram.com\/helenaamiley\",\"https:\/\/www.youtube.com\/channel\/UCR5iB6rvpV6Yr8ZjpQfr5mg?view_as=subscriber\"]}]}<\/script>\n<!-- \/ Yoast SEO Premium plugin. -->","_links":{"self":[{"href":"https:\/\/www.imakeyousmile.se\/es\/wp-json\/wp\/v2\/posts\/1435"}],"collection":[{"href":"https:\/\/www.imakeyousmile.se\/es\/wp-json\/wp\/v2\/posts"}],"about":[{"href":"https:\/\/www.imakeyousmile.se\/es\/wp-json\/wp\/v2\/types\/post"}],"author":[{"embeddable":true,"href":"https:\/\/www.imakeyousmile.se\/es\/wp-json\/wp\/v2\/users\/30"}],"replies":[{"embeddable":true,"href":"https:\/\/www.imakeyousmile.se\/es\/wp-json\/wp\/v2\/comments?post=1435"}],"version-history":[{"count":0,"href":"https:\/\/www.imakeyousmile.se\/es\/wp-json\/wp\/v2\/posts\/1435\/revisions"}],"wp:attachment":[{"href":"https:\/\/www.imakeyousmile.se\/es\/wp-json\/wp\/v2\/media?parent=1435"}],"wp:term":[{"taxonomy":"category","embeddable":true,"href":"https:\/\/www.imakeyousmile.se\/es\/wp-json\/wp\/v2\/categories?post=1435"},{"taxonomy":"post_tag","embeddable":true,"href":"https:\/\/www.imakeyousmile.se\/es\/wp-json\/wp\/v2\/tags?post=1435"}],"curies":[{"name":"wp","href":"https:\/\/api.w.org\/{rel}","templated":true}]}}