{"id":1438,"date":"2011-06-28T10:43:00","date_gmt":"2011-06-28T08:43:00","guid":{"rendered":"http:\/\/www.imakeyousmile.se\/somrig-sminkning-gron-bla\/"},"modified":"2011-06-28T10:43:00","modified_gmt":"2011-06-28T08:43:00","slug":"somrig-sminkning-gron-bla","status":"publish","type":"post","link":"https:\/\/www.imakeyousmile.se\/es\/maquillaje-veraniego-verde-bla\/","title":{"rendered":"Maquillaje de verano - Verde y Azul"},"content":{"rendered":"<div style=\"clear: both; text-align: left;\">Me apego al principio de no tener maquillaje cuando tomo el sol.<\/div>\n<div style=\"clear: both; text-align: center;\"><\/div>\n<div style=\"clear: both; text-align: left;\">Por eso, para que el blog no sufra demasiado, me he maquillado y <span style=\"font-size: x-large;\">lavado<\/span> justo despu\u00e9s! <\/div>\n<div style=\"clear: both; text-align: left;\"><\/div>\n<div style=\"clear: both; text-align: left;\">La ambici\u00f3n es de primera;)<\/div>\n<div style=\"clear: both; text-align: center;\"><\/div>\n<div style=\"clear: both; text-align: center;\"><a href=\"http:\/\/1.bp.blogspot.com\/-OznLnbpt2Ww\/TgmeoYfj7JI\/AAAAAAAAD_4\/lTnN0kq3mmM\/s1600\/DSC_0120.JPG\" style=\"margin-left: 1em; margin-right: 1em;\"><img loading=\"lazy\" decoding=\"async\" border=\"0\" height=\"320\" i$=\"true\" src=\"http:\/\/1.bp.blogspot.com\/-OznLnbpt2Ww\/TgmeoYfj7JI\/AAAAAAAAD_4\/lTnN0kq3mmM\/s320\/DSC_0120.JPG\" width=\"320\" \/><\/a><\/div>\n<div style=\"clear: both; text-align: center;\"><em>Todas las sombras de ojos son de la paleta 88.<\/em><\/div>\n<div style=\"clear: both; text-align: center;\"><\/div>\n<div style=\"clear: both; text-align: center;\"><strong><span style=\"font-size: large;\"><span style=\"color: #b6d7a8;\">Verde claro<\/span> <\/span><\/strong>sombra (<em>es de color verde claro aunque parece <span style=\"color: #f1c232;\"><strong>amarillo<\/strong> <\/span>en la foto<\/em>) m\u00e1s interno en el p\u00e1rpado y m\u00e1s interno en la l\u00ednea de las pesta\u00f1as inferiores.<\/div>\n<div style=\"clear: both; text-align: center;\"><span style=\"color: #93c47d; font-size: large;\"><strong>T<span style=\"color: #76a5af;\">tu<\/span>r<span style=\"color: #76a5af;\">k<\/span>O<span style=\"color: #76a5af;\">s<\/span>gramo<span style=\"color: #76a5af;\">r<\/span>isla<span style=\"color: #76a5af;\">norte<\/span><\/strong><\/span> sombra de ojos junto al verde claro en el p\u00e1rpado y la l\u00ednea de las pesta\u00f1as inferiores.<\/div>\n<div style=\"clear: both; text-align: center;\"><span style=\"color: #6aa84f; font-size: large;\"><strong>Verde<\/strong><\/span> sombra de ojos junto al verde turquesa en el p\u00e1rpado y en la l\u00ednea de las pesta\u00f1as inferiores.<\/div>\n<div style=\"clear: both; text-align: center;\"><span style=\"color: #3d85c6; font-size: large;\"><strong>Azul<\/strong><\/span> sombra de ojos al final del p\u00e1rpado y la l\u00ednea de las pesta\u00f1as inferiores, ya lo largo de la l\u00ednea del globo.<\/div>\n<div style=\"clear: both; text-align: center;\"><span style=\"color: #6fa8dc; font-size: large;\"><strong>Azul claro<\/strong><\/span> sombra de ojos sobre la l\u00ednea del globo.<\/div>\n<div style=\"clear: both; text-align: center;\"><span style=\"color: #999999; font-size: large;\">Blanco<\/span> sombra de ojos debajo de la ceja.<\/div>\n<div style=\"clear: both; text-align: center;\"><\/div>\n<div style=\"clear: both; text-align: center;\"><span style=\"color: #999999; font-size: large;\">Blanco <\/span>l\u00e1piz delineador de ojos en la l\u00ednea interior de las pesta\u00f1as, <em>H&amp;M.<\/em><\/div>\n<div style=\"clear: both; text-align: center;\"><span style=\"color: #76a5af;\"><strong><span style=\"color: #45818e; font-size: large;\">Turquesa<\/span><\/strong> <\/span>delineador de ojos en la l\u00ednea de las pesta\u00f1as superior e inferior, <em>L\u00e1piz de ojos resistente al agua Yves Rocher.<\/em><\/div>\n<div style=\"clear: both; text-align: center;\"><\/div>\n<div style=\"clear: both; text-align: center;\">Y finalmente, 3 piezas <span style=\"font-size: x-large;\">pedrer\u00eda<\/span> debajo del ojo!<\/div>\n<p>\u00a0 <\/p>\n<div style=\"clear: both; text-align: center;\"><a href=\"http:\/\/2.bp.blogspot.com\/-EV4PXT15XB8\/TgmeuKeXo8I\/AAAAAAAAD_8\/-zIxbQh6QU4\/s1600\/DSC_0139.JPG\" style=\"margin-left: 1em; margin-right: 1em;\"><img loading=\"lazy\" decoding=\"async\" border=\"0\" height=\"640\" i$=\"true\" src=\"http:\/\/2.bp.blogspot.com\/-EV4PXT15XB8\/TgmeuKeXo8I\/AAAAAAAAD_8\/-zIxbQh6QU4\/s640\/DSC_0139.JPG\" width=\"438\" \/><\/a><\/div>\n<div style=\"clear: both; text-align: center;\">Lapiz labial. <em>Nivea.<\/em><\/div>\n<div style=\"clear: both; text-align: center;\"><\/div>\n<div style=\"clear: both; text-align: left;\">\u00a1Ahora me ir\u00e9 con la hermana Mia y hablar\u00e9 mierda con ella bajo el sol!<\/div>\n<p><\/p>\n<div style=\"text-align: center;\"><span style=\"font-size: x-large;\">\u00a1Tengan todos un buen d\u00eda!<\/span><\/div>","protected":false},"excerpt":{"rendered":"<p>Jag h\u00e5ller fast vid principen att vara sminkfri n\u00e4r man solar. D\u00e4rf\u00f6r har jag, f\u00f6r\u00a0att inte bloggen ska lida allt f\u00f6r mycket, sminkat mig och tv\u00e4ttat bort det direkt efter! Ambitionen \u00e4r p\u00e5 topp ;) Alla \u00f6goskuggor \u00e4r fr\u00e5n 88 paletten. Ljusgr\u00f6n \u00f6gonskugga (den \u00e4r ljusgr\u00f6n fast den ser gul ut p\u00e5 bilden) innerst p\u00e5 [&hellip;]<\/p>\n","protected":false},"author":30,"featured_media":0,"comment_status":"open","ping_status":"open","sticky":false,"template":"","format":"standard","meta":{"footnotes":""},"categories":[3],"tags":[],"class_list":["post-1438","post","type-post","status-publish","format-standard","hentry","category-allmant"],"yoast_head":"<!-- This site is optimized with the Yoast SEO Premium plugin v14.9 - https:\/\/yoast.com\/wordpress\/plugins\/seo\/ -->\n<meta name=\"description\" content=\"Somrig sminkning - Gr\u00f6n &amp; Bl\u00e5 | Helena Amiley - H\u00e4r hittar du senaste infromation om sk\u00f6nhet, livsstil, entrepren\u00f6rskap, makeup &amp; tips.\" \/>\n<meta name=\"robots\" content=\"index, follow, max-snippet:-1, max-image-preview:large, max-video-preview:-1\" \/>\n<link rel=\"canonical\" href=\"https:\/\/www.imakeyousmile.se\/es\/somrig-sminkning-gron-bla\/\" \/>\n<meta property=\"og:locale\" content=\"es_ES\" \/>\n<meta property=\"og:type\" content=\"article\" \/>\n<meta property=\"og:title\" content=\"Somrig sminkning - Gr\u00f6n &amp; Bl\u00e5 | Imakeyousmile.se\" \/>\n<meta property=\"og:description\" content=\"Somrig sminkning - Gr\u00f6n &amp; Bl\u00e5 | Helena Amiley - H\u00e4r hittar du senaste infromation om sk\u00f6nhet, livsstil, entrepren\u00f6rskap, makeup &amp; tips.\" \/>\n<meta property=\"og:url\" content=\"https:\/\/www.imakeyousmile.se\/es\/somrig-sminkning-gron-bla\/\" \/>\n<meta property=\"og:site_name\" content=\"Imakeyousmile.se\" \/>\n<meta property=\"article:author\" content=\"https:\/\/www.facebook.com\/imakeyousmile.se\" \/>\n<meta property=\"article:published_time\" content=\"2011-06-28T08:43:00+00:00\" \/>\n<meta property=\"og:image\" content=\"http:\/\/1.bp.blogspot.com\/-OznLnbpt2Ww\/TgmeoYfj7JI\/AAAAAAAAD_4\/lTnN0kq3mmM\/s320\/DSC_0120.JPG\" \/>\n<meta name=\"twitter:card\" content=\"summary_large_image\" \/>\n<script type=\"application\/ld+json\" class=\"yoast-schema-graph\">{\"@context\":\"https:\/\/schema.org\",\"@graph\":[{\"@type\":\"Organization\",\"@id\":\"https:\/\/www.imakeyousmile.se\/es\/#organization\",\"name\":\"Imakeyousmile\",\"url\":\"https:\/\/www.imakeyousmile.se\/es\/\",\"sameAs\":[],\"logo\":{\"@type\":\"ImageObject\",\"@id\":\"https:\/\/www.imakeyousmile.se\/es\/#logo\",\"inLanguage\":\"es\",\"url\":\"https:\/\/www.imakeyousmile.se\/wp-content\/uploads\/2020\/10\/HELENA-AMILEY_SVART-1-e1603367975324.png\",\"width\":280,\"height\":93,\"caption\":\"Imakeyousmile\"},\"image\":{\"@id\":\"https:\/\/www.imakeyousmile.se\/es\/#logo\"}},{\"@type\":\"WebSite\",\"@id\":\"https:\/\/www.imakeyousmile.se\/es\/#website\",\"url\":\"https:\/\/www.imakeyousmile.se\/es\/\",\"name\":\"Imakeyousmile.se\",\"description\":\"Helena Amiley - Beauty, Entrepreneur, Lifestyle\",\"publisher\":{\"@id\":\"https:\/\/www.imakeyousmile.se\/es\/#organization\"},\"potentialAction\":[{\"@type\":\"SearchAction\",\"target\":\"https:\/\/www.imakeyousmile.se\/es\/?s={search_term_string}\",\"query-input\":\"required name=search_term_string\"}],\"inLanguage\":\"es\"},{\"@type\":\"ImageObject\",\"@id\":\"https:\/\/www.imakeyousmile.se\/somrig-sminkning-gron-bla\/#primaryimage\",\"inLanguage\":\"es\",\"url\":\"http:\/\/1.bp.blogspot.com\/-OznLnbpt2Ww\/TgmeoYfj7JI\/AAAAAAAAD_4\/lTnN0kq3mmM\/s320\/DSC_0120.JPG\"},{\"@type\":\"WebPage\",\"@id\":\"https:\/\/www.imakeyousmile.se\/somrig-sminkning-gron-bla\/#webpage\",\"url\":\"https:\/\/www.imakeyousmile.se\/somrig-sminkning-gron-bla\/\",\"name\":\"Somrig sminkning - Gr\\u00f6n & Bl\\u00e5 | Imakeyousmile.se\",\"isPartOf\":{\"@id\":\"https:\/\/www.imakeyousmile.se\/es\/#website\"},\"primaryImageOfPage\":{\"@id\":\"https:\/\/www.imakeyousmile.se\/somrig-sminkning-gron-bla\/#primaryimage\"},\"datePublished\":\"2011-06-28T08:43:00+00:00\",\"dateModified\":\"2011-06-28T08:43:00+00:00\",\"description\":\"Somrig sminkning - Gr\\u00f6n & Bl\\u00e5 | Helena Amiley - H\\u00e4r hittar du senaste infromation om sk\\u00f6nhet, livsstil, entrepren\\u00f6rskap, makeup & tips.\",\"inLanguage\":\"es\",\"potentialAction\":[{\"@type\":\"ReadAction\",\"target\":[\"https:\/\/www.imakeyousmile.se\/somrig-sminkning-gron-bla\/\"]}]},{\"@type\":\"Article\",\"@id\":\"https:\/\/www.imakeyousmile.se\/somrig-sminkning-gron-bla\/#article\",\"isPartOf\":{\"@id\":\"https:\/\/www.imakeyousmile.se\/somrig-sminkning-gron-bla\/#webpage\"},\"author\":{\"@id\":\"https:\/\/www.imakeyousmile.se\/es\/#\/schema\/person\/b0fd43b1c6bb1c60cfd68bff9b4a10fb\"},\"headline\":\"Somrig sminkning &#8211; Gr\\u00f6n &#038; Bl\\u00e5\",\"datePublished\":\"2011-06-28T08:43:00+00:00\",\"dateModified\":\"2011-06-28T08:43:00+00:00\",\"mainEntityOfPage\":{\"@id\":\"https:\/\/www.imakeyousmile.se\/somrig-sminkning-gron-bla\/#webpage\"},\"commentCount\":0,\"publisher\":{\"@id\":\"https:\/\/www.imakeyousmile.se\/es\/#organization\"},\"image\":{\"@id\":\"https:\/\/www.imakeyousmile.se\/somrig-sminkning-gron-bla\/#primaryimage\"},\"articleSection\":\"\\u00d6vrigt\",\"inLanguage\":\"es\",\"potentialAction\":[{\"@type\":\"CommentAction\",\"name\":\"Comment\",\"target\":[\"https:\/\/www.imakeyousmile.se\/somrig-sminkning-gron-bla\/#respond\"]}]},{\"@type\":\"Person\",\"@id\":\"https:\/\/www.imakeyousmile.se\/es\/#\/schema\/person\/b0fd43b1c6bb1c60cfd68bff9b4a10fb\",\"name\":\"Helena Amiley\",\"image\":{\"@type\":\"ImageObject\",\"@id\":\"https:\/\/www.imakeyousmile.se\/es\/#personlogo\",\"inLanguage\":\"es\",\"url\":\"https:\/\/secure.gravatar.com\/avatar\/5645558e1e355457a23368d7e1b4c904?s=96&d=mm&r=g\",\"caption\":\"Helena Amiley\"},\"description\":\"Jag skriver mest om sk\\u00f6nhet men bjuder \\u00e4ven p\\u00e5 glimtar fr\\u00e5n entrepren\\u00f6rlivet och bygget av v\\u00e5r egen camper van. Vanlife here we come!\",\"sameAs\":[\"https:\/\/www.facebook.com\/imakeyousmile.se\",\"https:\/\/www.instagram.com\/helenaamiley\",\"https:\/\/www.youtube.com\/channel\/UCR5iB6rvpV6Yr8ZjpQfr5mg?view_as=subscriber\"]}]}<\/script>\n<!-- \/ Yoast SEO Premium plugin. -->","_links":{"self":[{"href":"https:\/\/www.imakeyousmile.se\/es\/wp-json\/wp\/v2\/posts\/1438"}],"collection":[{"href":"https:\/\/www.imakeyousmile.se\/es\/wp-json\/wp\/v2\/posts"}],"about":[{"href":"https:\/\/www.imakeyousmile.se\/es\/wp-json\/wp\/v2\/types\/post"}],"author":[{"embeddable":true,"href":"https:\/\/www.imakeyousmile.se\/es\/wp-json\/wp\/v2\/users\/30"}],"replies":[{"embeddable":true,"href":"https:\/\/www.imakeyousmile.se\/es\/wp-json\/wp\/v2\/comments?post=1438"}],"version-history":[{"count":0,"href":"https:\/\/www.imakeyousmile.se\/es\/wp-json\/wp\/v2\/posts\/1438\/revisions"}],"wp:attachment":[{"href":"https:\/\/www.imakeyousmile.se\/es\/wp-json\/wp\/v2\/media?parent=1438"}],"wp:term":[{"taxonomy":"category","embeddable":true,"href":"https:\/\/www.imakeyousmile.se\/es\/wp-json\/wp\/v2\/categories?post=1438"},{"taxonomy":"post_tag","embeddable":true,"href":"https:\/\/www.imakeyousmile.se\/es\/wp-json\/wp\/v2\/tags?post=1438"}],"curies":[{"name":"wp","href":"https:\/\/api.w.org\/{rel}","templated":true}]}}