{"id":14388,"date":"2014-06-23T10:16:48","date_gmt":"2014-06-23T08:16:48","guid":{"rendered":"http:\/\/www.imakeyousmile.se\/?p=14388"},"modified":"2014-06-23T10:16:48","modified_gmt":"2014-06-23T08:16:48","slug":"midsommarhelgen","status":"publish","type":"post","link":"https:\/\/www.imakeyousmile.se\/es\/fin-de-semana-de-verano\/","title":{"rendered":"Fin de semana de verano"},"content":{"rendered":"<p>\u00a1Oh, qu\u00e9 fin de semana ha sido a la vuelta de la esquina!<\/p>\n<p>La noche de verano se celebr\u00f3 en casa de la abuela en el campo, luego, el d\u00eda de verano, mis amigas de la escuela secundaria vinieron aqu\u00ed y en la cocina en \u00d6regrund :) Ayer se fueron a casa y hoy es hora de volver a las viejas rutinas.<\/p>\n<p>Y mezclado con la preparaci\u00f3n y la fiesta, mi blog tambi\u00e9n comenz\u00f3 a fallar, el servidor lo cerr\u00f3 debido a un problema de spam. Despu\u00e9s de muchos si y peros, Miska logr\u00f3 que lo abrieran nuevamente, \u00a1\u00a1pero ahora TODOS los comentarios se han ido !! Creo que es s\u00faper aburrido, tienes que ser diligente y rellenar para que no te sientas tan solo aqu\u00ed;)<\/p>\n<p>Olvid\u00e9 tomar primeros planos de mi maquillaje tanto el viernes pasado como el s\u00e1bado (\u00a1por lo general!) Pero de todos modos ofrezco algunas fotos de la v\u00edspera del solsticio de verano, para que puedan ver c\u00f3mo me ve\u00eda entonces :) Tengo m\u00e1s de 500 fotos del viernes pasado, pero solo las publico sobre m\u00ed y Miska ya que no s\u00e9 qui\u00e9n accede a ser visto aqu\u00ed en el blog :)<\/p>\n<p><a href=\"http:\/\/www.imakeyousmile.se\/wp-content\/uploads\/2014\/06\/IMG_0731-kopia.jpg\"><img loading=\"lazy\" decoding=\"async\" alt=\"IMG_0731 - copiar\" src=\"http:\/\/www.imakeyousmile.se\/wp-content\/uploads\/2014\/06\/IMG_0731-kopia-668x1024.jpg\" width=\"668\" height=\"1024\" \/><\/a><\/p>\n<p>Sombra de ojos rosa ahumada en el p\u00e1rpado, delineador de ojos azul a lo largo de la l\u00ednea de las pesta\u00f1as inferiores y labios rojos y sombrero rojo para ello :)<\/p>\n<p><a href=\"http:\/\/www.imakeyousmile.se\/wp-content\/uploads\/2014\/06\/IMG_0652.jpg\"><img loading=\"lazy\" decoding=\"async\" class=\"alignnone size-large wp-image-14389\" alt=\"IMG_0652\" src=\"http:\/\/www.imakeyousmile.se\/wp-content\/uploads\/2014\/06\/IMG_0652-720x1024.jpg\" width=\"720\" height=\"1024\" srcset=\"https:\/\/www.imakeyousmile.se\/wp-content\/uploads\/2014\/06\/IMG_0652-720x1024.jpg 720w, https:\/\/www.imakeyousmile.se\/wp-content\/uploads\/2014\/06\/IMG_0652-211x300.jpg 211w, https:\/\/www.imakeyousmile.se\/wp-content\/uploads\/2014\/06\/IMG_0652.jpg 1801w\" sizes=\"(max-width: 720px) 100vw, 720px\" \/><\/a><\/p>\n<p>El clima no era el m\u00e1s c\u00e1lido, as\u00ed que era entonces. <a href=\"http:\/\/creativemakeup.se\/produkt\/denim-huvkappa\/\" target=\"_blank\">este abrigo con capucha<\/a> de creativemakeup.se perfect! Abajo tengo <a href=\"http:\/\/creativemakeup.se\/produkt\/blus-2\/\" target=\"_blank\">esta blusa blanca <\/a>que tambi\u00e9n est\u00e1 disponible en la tienda web.<\/p>\n<p><a href=\"http:\/\/www.imakeyousmile.se\/wp-content\/uploads\/2014\/06\/IMG_0696.jpg\"><img loading=\"lazy\" decoding=\"async\" class=\"alignnone size-large wp-image-14390\" alt=\"IMG_0696\" src=\"http:\/\/www.imakeyousmile.se\/wp-content\/uploads\/2014\/06\/IMG_0696-787x1024.jpg\" width=\"787\" height=\"1024\" srcset=\"https:\/\/www.imakeyousmile.se\/wp-content\/uploads\/2014\/06\/IMG_0696-787x1024.jpg 787w, https:\/\/www.imakeyousmile.se\/wp-content\/uploads\/2014\/06\/IMG_0696-230x300.jpg 230w, https:\/\/www.imakeyousmile.se\/wp-content\/uploads\/2014\/06\/IMG_0696.jpg 1969w\" sizes=\"(max-width: 787px) 100vw, 787px\" \/><\/a><\/p>\n<p>\u00a1Las pajitas son lo mejor que hay cuando tienes un l\u00e1piz labial colorido! De esta forma evitar\u00e1s ensuciar el borde donde vas a beber.<\/p>\n<p><a href=\"http:\/\/www.imakeyousmile.se\/wp-content\/uploads\/2014\/06\/IMG_0715.jpg\"><img loading=\"lazy\" decoding=\"async\" class=\"alignnone size-large wp-image-14391\" alt=\"IMG_0715\" src=\"http:\/\/www.imakeyousmile.se\/wp-content\/uploads\/2014\/06\/IMG_0715-1024x899.jpg\" width=\"1024\" height=\"899\" srcset=\"https:\/\/www.imakeyousmile.se\/wp-content\/uploads\/2014\/06\/IMG_0715-1024x899.jpg 1024w, https:\/\/www.imakeyousmile.se\/wp-content\/uploads\/2014\/06\/IMG_0715-300x263.jpg 300w\" sizes=\"(max-width: 1024px) 100vw, 1024px\" \/><\/a><\/p>\n<p>La perra de la abuela, Tinka, ha comenzado a quererme desde que hice las extensiones de u\u00f1as, siempre viene a m\u00ed y quiere que le hagan cosquillas :)<\/p>\n<p><a href=\"http:\/\/www.imakeyousmile.se\/wp-content\/uploads\/2014\/06\/IMG_0732.jpg\"><img loading=\"lazy\" decoding=\"async\" class=\"alignnone size-large wp-image-14393\" alt=\"IMG_0732\" src=\"http:\/\/www.imakeyousmile.se\/wp-content\/uploads\/2014\/06\/IMG_0732-1024x956.jpg\" width=\"1024\" height=\"956\" srcset=\"https:\/\/www.imakeyousmile.se\/wp-content\/uploads\/2014\/06\/IMG_0732-1024x956.jpg 1024w, https:\/\/www.imakeyousmile.se\/wp-content\/uploads\/2014\/06\/IMG_0732-300x280.jpg 300w\" sizes=\"(max-width: 1024px) 100vw, 1024px\" \/><\/a><\/p>\n<p>Yo y mi bebe :)<\/p>\n<p><a href=\"http:\/\/www.imakeyousmile.se\/wp-content\/uploads\/2014\/06\/IMG_0733.jpg\"><img loading=\"lazy\" decoding=\"async\" class=\"alignnone size-large wp-image-14394\" alt=\"IMG_0733\" src=\"http:\/\/www.imakeyousmile.se\/wp-content\/uploads\/2014\/06\/IMG_0733-868x1024.jpg\" width=\"868\" height=\"1024\" srcset=\"https:\/\/www.imakeyousmile.se\/wp-content\/uploads\/2014\/06\/IMG_0733-868x1024.jpg 868w, https:\/\/www.imakeyousmile.se\/wp-content\/uploads\/2014\/06\/IMG_0733-254x300.jpg 254w\" sizes=\"(max-width: 868px) 100vw, 868px\" \/><\/a><\/p>\n<p>BESO<\/p>\n<p><a href=\"http:\/\/www.imakeyousmile.se\/wp-content\/uploads\/2014\/06\/IMG_0735.jpg\"><img loading=\"lazy\" decoding=\"async\" class=\"alignnone size-large wp-image-14395\" alt=\"IMG_0735\" src=\"http:\/\/www.imakeyousmile.se\/wp-content\/uploads\/2014\/06\/IMG_0735-1024x996.jpg\" width=\"1024\" height=\"996\" srcset=\"https:\/\/www.imakeyousmile.se\/wp-content\/uploads\/2014\/06\/IMG_0735-1024x996.jpg 1024w, https:\/\/www.imakeyousmile.se\/wp-content\/uploads\/2014\/06\/IMG_0735-300x291.jpg 300w\" sizes=\"(max-width: 1024px) 100vw, 1024px\" \/><\/a><\/p>\n<p>\u00a1En esta imagen ves un poco mejor la sombra de ojos!<\/p>\n<p><a href=\"http:\/\/www.imakeyousmile.se\/wp-content\/uploads\/2014\/06\/IMG_0899.jpg\"><img loading=\"lazy\" decoding=\"async\" class=\"alignnone size-large wp-image-14396\" alt=\"IMG_0899\" src=\"http:\/\/www.imakeyousmile.se\/wp-content\/uploads\/2014\/06\/IMG_0899-682x1024.jpg\" width=\"682\" height=\"1024\" srcset=\"https:\/\/www.imakeyousmile.se\/wp-content\/uploads\/2014\/06\/IMG_0899-682x1024.jpg 682w, https:\/\/www.imakeyousmile.se\/wp-content\/uploads\/2014\/06\/IMG_0899-200x300.jpg 200w, https:\/\/www.imakeyousmile.se\/wp-content\/uploads\/2014\/06\/IMG_0899.jpg 1707w\" sizes=\"(max-width: 682px) 100vw, 682px\" \/><\/a><\/p>\n<p>La cerveza que tengo en la mano en casi todas las im\u00e1genes no contiene alcohol, porque yo ser\u00eda el conductor a casa. Sent\u00ed que era hora de se\u00f1alarlo en relaci\u00f3n con esta imagen jaja :)<\/p>\n<p><a href=\"http:\/\/www.imakeyousmile.se\/wp-content\/uploads\/2014\/06\/IMG_1051.jpg\"><img loading=\"lazy\" decoding=\"async\" class=\"alignnone size-large wp-image-14397\" alt=\"IMG_1051\" src=\"http:\/\/www.imakeyousmile.se\/wp-content\/uploads\/2014\/06\/IMG_1051-1024x881.jpg\" width=\"1024\" height=\"881\" srcset=\"https:\/\/www.imakeyousmile.se\/wp-content\/uploads\/2014\/06\/IMG_1051-1024x881.jpg 1024w, https:\/\/www.imakeyousmile.se\/wp-content\/uploads\/2014\/06\/IMG_1051-300x258.jpg 300w\" sizes=\"(max-width: 1024px) 100vw, 1024px\" \/><\/a><\/p>\n<p>Termina con esta linda foto de Granna que vino y mastic\u00f3 todos los abedules que hab\u00edamos decorado :)<\/p>\n<p><a href=\"http:\/\/www.imakeyousmile.se\/wp-content\/uploads\/2014\/06\/IMG_1113.jpg\"><img loading=\"lazy\" decoding=\"async\" class=\"alignnone size-full wp-image-14400\" alt=\"IMG_1113\" src=\"http:\/\/www.imakeyousmile.se\/wp-content\/uploads\/2014\/06\/IMG_1113.jpg\" width=\"1000\" height=\"1019\" srcset=\"https:\/\/www.imakeyousmile.se\/wp-content\/uploads\/2014\/06\/IMG_1113.jpg 1000w, https:\/\/www.imakeyousmile.se\/wp-content\/uploads\/2014\/06\/IMG_1113-294x300.jpg 294w\" sizes=\"(max-width: 1000px) 100vw, 1000px\" \/><\/a><\/p>\n<p>&nbsp;<\/p>\n<p>\u00a1Espero que hayas tenido un maravilloso fin de semana tambi\u00e9n!<\/p>\n<p><strong>Abrazos de mi parte :)<\/strong><\/p>","protected":false},"excerpt":{"rendered":"<p>Oj vilken helg det har varit h\u00f6rrni! Midsommarafton firades ute hos mormor p\u00e5 landet, sedan p\u00e5 midsommardagen kom mina tjejkompisar fr\u00e5n gymnasietiden hit och galeja i \u00d6regrund :)\u00a0Ig\u00e5r \u00e5kte dom hem och idag \u00e4r det dags att \u00e5terg\u00e5 till gamla rutiner igen. Och blandat med f\u00f6rberedelser och festande s\u00e5 b\u00f6rjade min blogg att strula ocks\u00e5, [&hellip;]<\/p>\n","protected":false},"author":30,"featured_media":0,"comment_status":"open","ping_status":"closed","sticky":false,"template":"","format":"standard","meta":{"footnotes":""},"categories":[3],"tags":[],"class_list":["post-14388","post","type-post","status-publish","format-standard","hentry","category-allmant"],"yoast_head":"<!-- This site is optimized with the Yoast SEO Premium plugin v14.9 - https:\/\/yoast.com\/wordpress\/plugins\/seo\/ -->\n<meta name=\"description\" content=\"Midsommarhelgen | Helena Amiley - H\u00e4r hittar du senaste infromation om sk\u00f6nhet, livsstil, entrepren\u00f6rskap, makeup &amp; tips.\" \/>\n<meta name=\"robots\" content=\"index, follow, max-snippet:-1, max-image-preview:large, max-video-preview:-1\" \/>\n<link rel=\"canonical\" href=\"https:\/\/www.imakeyousmile.se\/es\/midsommarhelgen\/\" \/>\n<meta property=\"og:locale\" content=\"es_ES\" \/>\n<meta property=\"og:type\" content=\"article\" \/>\n<meta property=\"og:title\" content=\"Midsommarhelgen | Imakeyousmile.se\" \/>\n<meta property=\"og:description\" content=\"Midsommarhelgen | Helena Amiley - H\u00e4r hittar du senaste infromation om sk\u00f6nhet, livsstil, entrepren\u00f6rskap, makeup &amp; tips.\" \/>\n<meta property=\"og:url\" content=\"https:\/\/www.imakeyousmile.se\/es\/midsommarhelgen\/\" \/>\n<meta property=\"og:site_name\" content=\"Imakeyousmile.se\" \/>\n<meta property=\"article:author\" content=\"https:\/\/www.facebook.com\/imakeyousmile.se\" \/>\n<meta property=\"article:published_time\" content=\"2014-06-23T08:16:48+00:00\" \/>\n<meta property=\"og:image\" content=\"http:\/\/www.imakeyousmile.se\/wp-content\/uploads\/2014\/06\/IMG_0731-kopia-668x1024.jpg\" \/>\n<meta name=\"twitter:card\" content=\"summary_large_image\" \/>\n<script type=\"application\/ld+json\" class=\"yoast-schema-graph\">{\"@context\":\"https:\/\/schema.org\",\"@graph\":[{\"@type\":\"Organization\",\"@id\":\"https:\/\/www.imakeyousmile.se\/es\/#organization\",\"name\":\"Imakeyousmile\",\"url\":\"https:\/\/www.imakeyousmile.se\/es\/\",\"sameAs\":[],\"logo\":{\"@type\":\"ImageObject\",\"@id\":\"https:\/\/www.imakeyousmile.se\/es\/#logo\",\"inLanguage\":\"es\",\"url\":\"https:\/\/www.imakeyousmile.se\/wp-content\/uploads\/2020\/10\/HELENA-AMILEY_SVART-1-e1603367975324.png\",\"width\":280,\"height\":93,\"caption\":\"Imakeyousmile\"},\"image\":{\"@id\":\"https:\/\/www.imakeyousmile.se\/es\/#logo\"}},{\"@type\":\"WebSite\",\"@id\":\"https:\/\/www.imakeyousmile.se\/es\/#website\",\"url\":\"https:\/\/www.imakeyousmile.se\/es\/\",\"name\":\"Imakeyousmile.se\",\"description\":\"Helena Amiley - Beauty, Entrepreneur, Lifestyle\",\"publisher\":{\"@id\":\"https:\/\/www.imakeyousmile.se\/es\/#organization\"},\"potentialAction\":[{\"@type\":\"SearchAction\",\"target\":\"https:\/\/www.imakeyousmile.se\/es\/?s={search_term_string}\",\"query-input\":\"required name=search_term_string\"}],\"inLanguage\":\"es\"},{\"@type\":\"ImageObject\",\"@id\":\"https:\/\/www.imakeyousmile.se\/midsommarhelgen\/#primaryimage\",\"inLanguage\":\"es\",\"url\":\"http:\/\/www.imakeyousmile.se\/wp-content\/uploads\/2014\/06\/IMG_0731-kopia-668x1024.jpg\"},{\"@type\":\"WebPage\",\"@id\":\"https:\/\/www.imakeyousmile.se\/midsommarhelgen\/#webpage\",\"url\":\"https:\/\/www.imakeyousmile.se\/midsommarhelgen\/\",\"name\":\"Midsommarhelgen | Imakeyousmile.se\",\"isPartOf\":{\"@id\":\"https:\/\/www.imakeyousmile.se\/es\/#website\"},\"primaryImageOfPage\":{\"@id\":\"https:\/\/www.imakeyousmile.se\/midsommarhelgen\/#primaryimage\"},\"datePublished\":\"2014-06-23T08:16:48+00:00\",\"dateModified\":\"2014-06-23T08:16:48+00:00\",\"description\":\"Midsommarhelgen | Helena Amiley - H\\u00e4r hittar du senaste infromation om sk\\u00f6nhet, livsstil, entrepren\\u00f6rskap, makeup & tips.\",\"inLanguage\":\"es\",\"potentialAction\":[{\"@type\":\"ReadAction\",\"target\":[\"https:\/\/www.imakeyousmile.se\/midsommarhelgen\/\"]}]},{\"@type\":\"Article\",\"@id\":\"https:\/\/www.imakeyousmile.se\/midsommarhelgen\/#article\",\"isPartOf\":{\"@id\":\"https:\/\/www.imakeyousmile.se\/midsommarhelgen\/#webpage\"},\"author\":{\"@id\":\"https:\/\/www.imakeyousmile.se\/es\/#\/schema\/person\/b0fd43b1c6bb1c60cfd68bff9b4a10fb\"},\"headline\":\"Midsommarhelgen\",\"datePublished\":\"2014-06-23T08:16:48+00:00\",\"dateModified\":\"2014-06-23T08:16:48+00:00\",\"mainEntityOfPage\":{\"@id\":\"https:\/\/www.imakeyousmile.se\/midsommarhelgen\/#webpage\"},\"commentCount\":1,\"publisher\":{\"@id\":\"https:\/\/www.imakeyousmile.se\/es\/#organization\"},\"image\":{\"@id\":\"https:\/\/www.imakeyousmile.se\/midsommarhelgen\/#primaryimage\"},\"articleSection\":\"\\u00d6vrigt\",\"inLanguage\":\"es\",\"potentialAction\":[{\"@type\":\"CommentAction\",\"name\":\"Comment\",\"target\":[\"https:\/\/www.imakeyousmile.se\/midsommarhelgen\/#respond\"]}]},{\"@type\":\"Person\",\"@id\":\"https:\/\/www.imakeyousmile.se\/es\/#\/schema\/person\/b0fd43b1c6bb1c60cfd68bff9b4a10fb\",\"name\":\"Helena Amiley\",\"image\":{\"@type\":\"ImageObject\",\"@id\":\"https:\/\/www.imakeyousmile.se\/es\/#personlogo\",\"inLanguage\":\"es\",\"url\":\"https:\/\/secure.gravatar.com\/avatar\/5645558e1e355457a23368d7e1b4c904?s=96&d=mm&r=g\",\"caption\":\"Helena Amiley\"},\"description\":\"Jag skriver mest om sk\\u00f6nhet men bjuder \\u00e4ven p\\u00e5 glimtar fr\\u00e5n entrepren\\u00f6rlivet och bygget av v\\u00e5r egen camper van. Vanlife here we come!\",\"sameAs\":[\"https:\/\/www.facebook.com\/imakeyousmile.se\",\"https:\/\/www.instagram.com\/helenaamiley\",\"https:\/\/www.youtube.com\/channel\/UCR5iB6rvpV6Yr8ZjpQfr5mg?view_as=subscriber\"]}]}<\/script>\n<!-- \/ Yoast SEO Premium plugin. -->","_links":{"self":[{"href":"https:\/\/www.imakeyousmile.se\/es\/wp-json\/wp\/v2\/posts\/14388"}],"collection":[{"href":"https:\/\/www.imakeyousmile.se\/es\/wp-json\/wp\/v2\/posts"}],"about":[{"href":"https:\/\/www.imakeyousmile.se\/es\/wp-json\/wp\/v2\/types\/post"}],"author":[{"embeddable":true,"href":"https:\/\/www.imakeyousmile.se\/es\/wp-json\/wp\/v2\/users\/30"}],"replies":[{"embeddable":true,"href":"https:\/\/www.imakeyousmile.se\/es\/wp-json\/wp\/v2\/comments?post=14388"}],"version-history":[{"count":0,"href":"https:\/\/www.imakeyousmile.se\/es\/wp-json\/wp\/v2\/posts\/14388\/revisions"}],"wp:attachment":[{"href":"https:\/\/www.imakeyousmile.se\/es\/wp-json\/wp\/v2\/media?parent=14388"}],"wp:term":[{"taxonomy":"category","embeddable":true,"href":"https:\/\/www.imakeyousmile.se\/es\/wp-json\/wp\/v2\/categories?post=14388"},{"taxonomy":"post_tag","embeddable":true,"href":"https:\/\/www.imakeyousmile.se\/es\/wp-json\/wp\/v2\/tags?post=14388"}],"curies":[{"name":"wp","href":"https:\/\/api.w.org\/{rel}","templated":true}]}}