{"id":1441,"date":"2011-06-26T17:57:00","date_gmt":"2011-06-26T15:57:00","guid":{"rendered":"http:\/\/www.imakeyousmile.se\/sommarsminkning-brunt-blatt\/"},"modified":"2014-08-16T10:54:37","modified_gmt":"2014-08-16T08:54:37","slug":"sommarsminkning-brunt-blatt","status":"publish","type":"post","link":"https:\/\/www.imakeyousmile.se\/es\/maquillaje-de-verano-marron-azul\/","title":{"rendered":"Maquillaje de verano - Marr\u00f3n y azul"},"content":{"rendered":"<div style=\"clear: both; text-align: left;\">\u00a1Piensa que es un verano celestial tan cruel mezclar sombras de ojos marrones y azules! Ya sea que tenga muchos de ambos o solo un peque\u00f1o detalle de alguien,\u00a0<em>\u00a1Me encanta!<\/em><\/div>\n<div style=\"clear: both; text-align: left;\"><\/div>\n<div style=\"clear: both; text-align: left;\">Tambi\u00e9n ser\u00e1 m\u00e1s veraniego si tienes mucho <span style=\"font-size: x-large;\">tr\u00e9mulo<\/span> sombras de ojos, que he usado en este maquillaje.<\/div>\n<div style=\"clear: both; text-align: left;\"><\/div>\n<div style=\"clear: both; text-align: left;\">Llegar\u00e1s a ver a un peque\u00f1o <span style=\"font-size: x-large;\">actualizar<\/span> \u00a1en el maquillaje tambi\u00e9n! Emocionante, \u00bfeh? ;)<\/div>\n<div style=\"clear: both; text-align: center;\"><\/div>\n<div style=\"clear: both; text-align: center;\"><a style=\"margin-left: 1em; margin-right: 1em;\" href=\"http:\/\/2.bp.blogspot.com\/-WDPFDKeRquo\/Tgdg7feRtRI\/AAAAAAAAD_k\/kCphLz0ivsU\/s1600\/DSC_0036.JPG\"><img decoding=\"async\" src=\"http:\/\/2.bp.blogspot.com\/-WDPFDKeRquo\/Tgdg7feRtRI\/AAAAAAAAD_k\/kCphLz0ivsU\/s320\/DSC_0036.JPG\" alt=\"\" width=\"312px\" height=\"320px\" border=\"0\" \/><\/a><\/div>\n<div style=\"clear: both; text-align: center;\"><em>Todas las sombras de ojos son de <span style=\"text-decoration: underline;\">180 palets<\/span><\/em>.<\/div>\n<div style=\"clear: both; text-align: center;\"><\/div>\n<div style=\"clear: both; text-align: center;\"><span style=\"color: #f6b26b; font-size: large;\"><strong>Dorado claro<\/strong><\/span> sombra de ojos en el interior del p\u00e1rpado.<\/div>\n<div style=\"clear: both; text-align: center;\"><span style=\"color: #e69138; font-size: large;\"><strong>V\u00e1lido<\/strong><\/span> sombra de ojos en el medio del p\u00e1rpado y en la parte inferior de la l\u00ednea de las pesta\u00f1as inferiores.<\/div>\n<div style=\"clear: both; text-align: center;\"><span style=\"color: #783f04; font-size: large;\"><strong>marr\u00f3n<\/strong><\/span> sombra de ojos al final del p\u00e1rpado y a lo largo de la l\u00ednea del globo.<\/div>\n<div style=\"clear: both; text-align: center;\"><span style=\"color: #0b5394; font-size: large;\"><strong>Azul<\/strong><\/span> sombra de ojos al final de la l\u00ednea de las pesta\u00f1as.<\/div>\n<div style=\"clear: both; text-align: center;\"><span style=\"color: #999999;\"><span style=\"font-size: large;\">Blanco<\/span> <\/span>sombra de ojos debajo de la ceja.<\/div>\n<div style=\"clear: both; text-align: center;\"><span style=\"color: #999999; font-size: large;\">Blanco <\/span>Sombra de ojos brillante en el rabillo del ojo.<\/div>\n<div style=\"clear: both; text-align: center;\"><\/div>\n<div style=\"clear: both; text-align: center;\">\u00a0<span style=\"font-size: large;\"><span style=\"color: #999999;\">Blanco<\/span> <\/span>delineador de ojos en la l\u00ednea interior de las pesta\u00f1as, <em>H&amp;M.<\/em><\/div>\n<div style=\"clear: both; text-align: center;\"><strong><span style=\"font-size: large;\">Negro<\/span><\/strong> l\u00e1piz delineador de ojos en la l\u00ednea de las pesta\u00f1as superiores, <em>H&amp;M.<\/em><\/div>\n<div style=\"clear: both; text-align: center;\"><img decoding=\"async\" src=\"http:\/\/3.bp.blogspot.com\/-EAOyuu2D87g\/TgdhA9icxEI\/AAAAAAAAD_o\/xq_5fkqOnh8\/s640\/DSC_0037.JPG\" alt=\"\" width=\"440px\" height=\"640px\" border=\"0\" \/><\/div>\n<div style=\"clear: both; text-align: center;\"><span style=\"color: #e06666;\"><strong>L\u00e1piz labial rosa, <em>MAC<\/em><\/strong><\/span><\/div>\n<div style=\"clear: both; text-align: center;\"><\/div>\n<p>\u00a1Finalmente se ha vuelto completamente &quot;limpio&quot; despu\u00e9s de un cruel verano! Te sientes tan incre\u00edblemente sucio despu\u00e9s de dormir en una <span style=\"font-size: x-large;\">tienda mojada<\/span> + \u00a1que olvid\u00e9 mi cepillo de dientes!<\/p>\n<p>Pero ahora se siente bien otra vez :) Lo \u00fanico que todav\u00eda est\u00e1 sucio son mis pantalones jaja, <span style=\"font-size: x-large;\">rodillas embarradas<\/span> \u00a1S\u00ed!<\/p>\n<p>\u00a1\u00a1Ahora te espera una agradable velada con Frida y Moa !!<\/p>\n<div style=\"text-align: center;\"><span style=\"font-size: x-large;\">\u00a1Adi\u00f3s amigos!<\/span><\/div>","protected":false},"excerpt":{"rendered":"<p>Tycker det \u00e4r s\u00e5 grymt himla somrigt att blanda bruna och bl\u00e5a \u00f6gonskuggor! Oavsett om man har mycket av b\u00e5da eller bara en liten detalj av n\u00e5gon,\u00a0I love it! Extra\u00a0somrigt blir det ocks\u00e5 om man har v\u00e4ldigt skimriga \u00f6gonskuggor, som jag har anv\u00e4nt i denna sminkning. Ni ska f\u00e5 se en liten uppdatering p\u00e5 sminkningen [&hellip;]<\/p>\n","protected":false},"author":30,"featured_media":0,"comment_status":"open","ping_status":"open","sticky":false,"template":"","format":"standard","meta":{"footnotes":""},"categories":[3],"tags":[],"class_list":["post-1441","post","type-post","status-publish","format-standard","hentry","category-allmant"],"yoast_head":"<!-- This site is optimized with the Yoast SEO Premium plugin v14.9 - https:\/\/yoast.com\/wordpress\/plugins\/seo\/ -->\n<meta name=\"description\" content=\"Sommarsminkning - Brunt &amp; Bl\u00e5tt | Helena Amiley - H\u00e4r hittar du senaste infromation om sk\u00f6nhet, livsstil, entrepren\u00f6rskap, makeup &amp; tips.\" \/>\n<meta name=\"robots\" content=\"index, follow, max-snippet:-1, max-image-preview:large, max-video-preview:-1\" \/>\n<link rel=\"canonical\" href=\"https:\/\/www.imakeyousmile.se\/es\/sommarsminkning-brunt-blatt\/\" \/>\n<meta property=\"og:locale\" content=\"es_ES\" \/>\n<meta property=\"og:type\" content=\"article\" \/>\n<meta property=\"og:title\" content=\"Sommarsminkning - Brunt &amp; Bl\u00e5tt | Imakeyousmile.se\" \/>\n<meta property=\"og:description\" content=\"Sommarsminkning - Brunt &amp; Bl\u00e5tt | Helena Amiley - H\u00e4r hittar du senaste infromation om sk\u00f6nhet, livsstil, entrepren\u00f6rskap, makeup &amp; tips.\" \/>\n<meta property=\"og:url\" content=\"https:\/\/www.imakeyousmile.se\/es\/sommarsminkning-brunt-blatt\/\" \/>\n<meta property=\"og:site_name\" content=\"Imakeyousmile.se\" \/>\n<meta property=\"article:author\" content=\"https:\/\/www.facebook.com\/imakeyousmile.se\" \/>\n<meta property=\"article:published_time\" content=\"2011-06-26T15:57:00+00:00\" \/>\n<meta property=\"article:modified_time\" content=\"2014-08-16T08:54:37+00:00\" \/>\n<meta property=\"og:image\" content=\"http:\/\/2.bp.blogspot.com\/-WDPFDKeRquo\/Tgdg7feRtRI\/AAAAAAAAD_k\/kCphLz0ivsU\/s320\/DSC_0036.JPG\" \/>\n<meta name=\"twitter:card\" content=\"summary_large_image\" \/>\n<script type=\"application\/ld+json\" class=\"yoast-schema-graph\">{\"@context\":\"https:\/\/schema.org\",\"@graph\":[{\"@type\":\"Organization\",\"@id\":\"https:\/\/www.imakeyousmile.se\/es\/#organization\",\"name\":\"Imakeyousmile\",\"url\":\"https:\/\/www.imakeyousmile.se\/es\/\",\"sameAs\":[],\"logo\":{\"@type\":\"ImageObject\",\"@id\":\"https:\/\/www.imakeyousmile.se\/es\/#logo\",\"inLanguage\":\"es\",\"url\":\"https:\/\/www.imakeyousmile.se\/wp-content\/uploads\/2020\/10\/HELENA-AMILEY_SVART-1-e1603367975324.png\",\"width\":280,\"height\":93,\"caption\":\"Imakeyousmile\"},\"image\":{\"@id\":\"https:\/\/www.imakeyousmile.se\/es\/#logo\"}},{\"@type\":\"WebSite\",\"@id\":\"https:\/\/www.imakeyousmile.se\/es\/#website\",\"url\":\"https:\/\/www.imakeyousmile.se\/es\/\",\"name\":\"Imakeyousmile.se\",\"description\":\"Helena Amiley - Beauty, Entrepreneur, Lifestyle\",\"publisher\":{\"@id\":\"https:\/\/www.imakeyousmile.se\/es\/#organization\"},\"potentialAction\":[{\"@type\":\"SearchAction\",\"target\":\"https:\/\/www.imakeyousmile.se\/es\/?s={search_term_string}\",\"query-input\":\"required name=search_term_string\"}],\"inLanguage\":\"es\"},{\"@type\":\"ImageObject\",\"@id\":\"https:\/\/www.imakeyousmile.se\/sommarsminkning-brunt-blatt\/#primaryimage\",\"inLanguage\":\"es\",\"url\":\"http:\/\/2.bp.blogspot.com\/-WDPFDKeRquo\/Tgdg7feRtRI\/AAAAAAAAD_k\/kCphLz0ivsU\/s320\/DSC_0036.JPG\"},{\"@type\":\"WebPage\",\"@id\":\"https:\/\/www.imakeyousmile.se\/sommarsminkning-brunt-blatt\/#webpage\",\"url\":\"https:\/\/www.imakeyousmile.se\/sommarsminkning-brunt-blatt\/\",\"name\":\"Sommarsminkning - Brunt & Bl\\u00e5tt | Imakeyousmile.se\",\"isPartOf\":{\"@id\":\"https:\/\/www.imakeyousmile.se\/es\/#website\"},\"primaryImageOfPage\":{\"@id\":\"https:\/\/www.imakeyousmile.se\/sommarsminkning-brunt-blatt\/#primaryimage\"},\"datePublished\":\"2011-06-26T15:57:00+00:00\",\"dateModified\":\"2014-08-16T08:54:37+00:00\",\"description\":\"Sommarsminkning - Brunt & Bl\\u00e5tt | Helena Amiley - H\\u00e4r hittar du senaste infromation om sk\\u00f6nhet, livsstil, entrepren\\u00f6rskap, makeup & tips.\",\"inLanguage\":\"es\",\"potentialAction\":[{\"@type\":\"ReadAction\",\"target\":[\"https:\/\/www.imakeyousmile.se\/sommarsminkning-brunt-blatt\/\"]}]},{\"@type\":\"Article\",\"@id\":\"https:\/\/www.imakeyousmile.se\/sommarsminkning-brunt-blatt\/#article\",\"isPartOf\":{\"@id\":\"https:\/\/www.imakeyousmile.se\/sommarsminkning-brunt-blatt\/#webpage\"},\"author\":{\"@id\":\"https:\/\/www.imakeyousmile.se\/es\/#\/schema\/person\/b0fd43b1c6bb1c60cfd68bff9b4a10fb\"},\"headline\":\"Sommarsminkning &#8211; Brunt &#038; Bl\\u00e5tt\",\"datePublished\":\"2011-06-26T15:57:00+00:00\",\"dateModified\":\"2014-08-16T08:54:37+00:00\",\"mainEntityOfPage\":{\"@id\":\"https:\/\/www.imakeyousmile.se\/sommarsminkning-brunt-blatt\/#webpage\"},\"commentCount\":0,\"publisher\":{\"@id\":\"https:\/\/www.imakeyousmile.se\/es\/#organization\"},\"image\":{\"@id\":\"https:\/\/www.imakeyousmile.se\/sommarsminkning-brunt-blatt\/#primaryimage\"},\"articleSection\":\"\\u00d6vrigt\",\"inLanguage\":\"es\",\"potentialAction\":[{\"@type\":\"CommentAction\",\"name\":\"Comment\",\"target\":[\"https:\/\/www.imakeyousmile.se\/sommarsminkning-brunt-blatt\/#respond\"]}]},{\"@type\":\"Person\",\"@id\":\"https:\/\/www.imakeyousmile.se\/es\/#\/schema\/person\/b0fd43b1c6bb1c60cfd68bff9b4a10fb\",\"name\":\"Helena Amiley\",\"image\":{\"@type\":\"ImageObject\",\"@id\":\"https:\/\/www.imakeyousmile.se\/es\/#personlogo\",\"inLanguage\":\"es\",\"url\":\"https:\/\/secure.gravatar.com\/avatar\/5645558e1e355457a23368d7e1b4c904?s=96&d=mm&r=g\",\"caption\":\"Helena Amiley\"},\"description\":\"Jag skriver mest om sk\\u00f6nhet men bjuder \\u00e4ven p\\u00e5 glimtar fr\\u00e5n entrepren\\u00f6rlivet och bygget av v\\u00e5r egen camper van. Vanlife here we come!\",\"sameAs\":[\"https:\/\/www.facebook.com\/imakeyousmile.se\",\"https:\/\/www.instagram.com\/helenaamiley\",\"https:\/\/www.youtube.com\/channel\/UCR5iB6rvpV6Yr8ZjpQfr5mg?view_as=subscriber\"]}]}<\/script>\n<!-- \/ Yoast SEO Premium plugin. -->","_links":{"self":[{"href":"https:\/\/www.imakeyousmile.se\/es\/wp-json\/wp\/v2\/posts\/1441"}],"collection":[{"href":"https:\/\/www.imakeyousmile.se\/es\/wp-json\/wp\/v2\/posts"}],"about":[{"href":"https:\/\/www.imakeyousmile.se\/es\/wp-json\/wp\/v2\/types\/post"}],"author":[{"embeddable":true,"href":"https:\/\/www.imakeyousmile.se\/es\/wp-json\/wp\/v2\/users\/30"}],"replies":[{"embeddable":true,"href":"https:\/\/www.imakeyousmile.se\/es\/wp-json\/wp\/v2\/comments?post=1441"}],"version-history":[{"count":0,"href":"https:\/\/www.imakeyousmile.se\/es\/wp-json\/wp\/v2\/posts\/1441\/revisions"}],"wp:attachment":[{"href":"https:\/\/www.imakeyousmile.se\/es\/wp-json\/wp\/v2\/media?parent=1441"}],"wp:term":[{"taxonomy":"category","embeddable":true,"href":"https:\/\/www.imakeyousmile.se\/es\/wp-json\/wp\/v2\/categories?post=1441"},{"taxonomy":"post_tag","embeddable":true,"href":"https:\/\/www.imakeyousmile.se\/es\/wp-json\/wp\/v2\/tags?post=1441"}],"curies":[{"name":"wp","href":"https:\/\/api.w.org\/{rel}","templated":true}]}}