{"id":1447,"date":"2011-06-20T21:15:00","date_gmt":"2011-06-20T19:15:00","guid":{"rendered":"http:\/\/www.imakeyousmile.se\/midsommarsminkning-steg-for-steg-2\/"},"modified":"2011-06-20T21:15:00","modified_gmt":"2011-06-20T19:15:00","slug":"midsommarsminkning-steg-for-steg-2","status":"publish","type":"post","link":"https:\/\/www.imakeyousmile.se\/es\/maquillaje-de-verano-paso-a-paso-2\/","title":{"rendered":"Maquillaje de verano - Paso a paso"},"content":{"rendered":"<div style=\"clear: both; text-align: center;\"><\/div>\n<div style=\"clear: both; text-align: center;\"><\/div>\n<div style=\"border-bottom: medium none; border-left: medium none; border-right: medium none; border-top: medium none;\">Este maquillaje estar\u00eda dedicado <span style=\"font-size: x-large;\">Nicolin<\/span>, que quer\u00eda un maquillaje de verano<\/div>\n<div style=\"border-bottom: medium none; border-left: medium none; border-right: medium none; border-top: medium none;\"><\/div>\n<div style=\"border-bottom: medium none; border-left: medium none; border-right: medium none; border-top: medium none;\">Pero luego, cuando comenc\u00e9, me di cuenta de que probablemente ella no tiene una sombra de ojos azul marino. <em>(o lo tienes Nico?)<\/em><\/div>\n<div style=\"border-bottom: medium none; border-left: medium none; border-right: medium none; border-top: medium none;\"><\/div>\n<div style=\"border-bottom: medium none; border-left: medium none; border-right: medium none; border-top: medium none;\">Entonces segu\u00ed como quer\u00eda, sin seguirla <span style=\"font-size: x-large;\">deseos<\/span> sobre c\u00f3mo debe ser el maquillaje. Quer\u00eda un maquillaje claro, que todav\u00eda tuviera un poco de oscuridad.<\/div>\n<div style=\"border-bottom: medium none; border-left: medium none; border-right: medium none; border-top: medium none;\"><\/div>\n<div style=\"border-bottom: medium none; border-left: medium none; border-right: medium none; border-top: medium none; clear: both; text-align: center;\"><\/div>\n<p>Pero este maquillaje se volvi\u00f3 bastante oscuro. Pero si te gusta al menos Nico, entonces usa colores un poco m\u00e1s claros y ser\u00e1 m\u00e1s claro.<\/p>\n<p>Pero har\u00e9 uno<span style=\"font-size: x-large;\"> nuevo intento<\/span> \u00a1ma\u00f1ana! :)<\/p>\n<div style=\"text-align: center;\"><em>Todas las sombras de ojos son de la paleta 180.<\/em><\/div>\n<div style=\"clear: both; text-align: center;\"><\/div>\n<p><\/p>\n<div style=\"border-bottom: medium none; border-left: medium none; border-right: medium none; border-top: medium none; clear: both; text-align: center;\"><\/div>\n<div style=\"border-bottom: medium none; border-left: medium none; border-right: medium none; border-top: medium none; clear: both; text-align: center;\"><\/div>\n<div style=\"clear: both; text-align: center;\"><a href=\"http:\/\/2.bp.blogspot.com\/-bHXn4rNlnxU\/Tf-hyMksN9I\/AAAAAAAAD-Y\/Fxl5svFz7yE\/s1600\/DSC_0051.JPG\" style=\"margin-left: 1em; margin-right: 1em;\"><img decoding=\"async\" border=\"0\" height=\"318px\" i$=\"true\" src=\"http:\/\/2.bp.blogspot.com\/-bHXn4rNlnxU\/Tf-hyMksN9I\/AAAAAAAAD-Y\/Fxl5svFz7yE\/s320\/DSC_0051.JPG\" width=\"320px\" \/><\/a><\/div>\n<div style=\"clear: both; text-align: center;\"><\/div>\n<div style=\"clear: both; text-align: center;\"><span style=\"color: #e06666; font-size: large;\"><strong>Rosa viejo<\/strong><\/span> sombra de ojos en la parte m\u00e1s interna del p\u00e1rpado hacia la l\u00ednea del globo.<\/div>\n<p><\/p>\n<div style=\"clear: both; text-align: center;\"><a href=\"http:\/\/3.bp.blogspot.com\/-M67bvAxWDj4\/Tf-igLb5wvI\/AAAAAAAAD-c\/SD6t0zMl_Lw\/s1600\/DSC_0054.JPG\" style=\"margin-left: 1em; margin-right: 1em;\"><img decoding=\"async\" border=\"0\" height=\"299px\" i$=\"true\" src=\"http:\/\/3.bp.blogspot.com\/-M67bvAxWDj4\/Tf-igLb5wvI\/AAAAAAAAD-c\/SD6t0zMl_Lw\/s320\/DSC_0054.JPG\" width=\"320px\" \/><\/a><\/div>\n<div style=\"clear: both; text-align: center;\"><\/div>\n<div style=\"clear: both; text-align: center;\">Sombra de ojos blanca en el rabillo del ojo y debajo de la ceja.<\/div>\n<div style=\"clear: both; text-align: center;\"><\/div>\n<div style=\"clear: both; text-align: center;\"><em>(Aqu\u00ed primero pens\u00e9 Nico, que deber\u00edas tener tu sombra de ojos perla en el rabillo del ojo<\/em>)<\/div>\n<p><\/p>\n<div style=\"clear: both; text-align: center;\"><a href=\"http:\/\/2.bp.blogspot.com\/-k0GZS-bNyQ0\/Tf-ijypXTZI\/AAAAAAAAD-g\/hhSb9pzSj3Q\/s1600\/DSC_0059.JPG\" style=\"margin-left: 1em; margin-right: 1em;\"><img decoding=\"async\" border=\"0\" height=\"320px\" i$=\"true\" src=\"http:\/\/2.bp.blogspot.com\/-k0GZS-bNyQ0\/Tf-ijypXTZI\/AAAAAAAAD-g\/hhSb9pzSj3Q\/s320\/DSC_0059.JPG\" width=\"314px\" \/><\/a><\/div>\n<div style=\"clear: both; text-align: center;\"><\/div>\n<div style=\"clear: both; text-align: center;\"><span style=\"color: #073763; font-size: large;\"><strong>azul marino<\/strong><\/span> sombra de ojos en la parte inferior, al final del p\u00e1rpado.<\/div>\n<p><\/p>\n<div style=\"clear: both; text-align: center;\"><a href=\"http:\/\/1.bp.blogspot.com\/-MkRBUQhaLds\/Tf-io7qRq4I\/AAAAAAAAD-k\/vZB9pOip4a4\/s1600\/DSC_0063.JPG\" style=\"margin-left: 1em; margin-right: 1em;\"><img decoding=\"async\" border=\"0\" height=\"313px\" i$=\"true\" src=\"http:\/\/1.bp.blogspot.com\/-MkRBUQhaLds\/Tf-io7qRq4I\/AAAAAAAAD-k\/vZB9pOip4a4\/s320\/DSC_0063.JPG\" width=\"320px\" \/><\/a><\/div>\n<div style=\"clear: both; text-align: center;\"><\/div>\n<div style=\"clear: both; text-align: center;\"><span style=\"color: #b45f06; font-size: large;\"><strong>marr\u00f3n<\/strong><\/span> Sombra de ojos reluciente entre el rosa y el azul.<\/div>\n<div style=\"clear: both; text-align: center;\"><\/div>\n<div style=\"clear: both; text-align: center;\">(<em>Si tomas un bronceado m\u00e1s claro aqu\u00ed, todo el maquillaje se ver\u00e1 autom\u00e1ticamente m\u00e1s claro.<\/em>)<\/div>\n<p><\/p>\n<div style=\"clear: both; text-align: center;\"><a href=\"http:\/\/2.bp.blogspot.com\/-CITSGTBm5XM\/Tf-ivuHtZuI\/AAAAAAAAD-o\/gbfQoooL--g\/s1600\/DSC_0066.JPG\" style=\"margin-left: 1em; margin-right: 1em;\"><img decoding=\"async\" border=\"0\" height=\"306px\" i$=\"true\" src=\"http:\/\/2.bp.blogspot.com\/-CITSGTBm5XM\/Tf-ivuHtZuI\/AAAAAAAAD-o\/gbfQoooL--g\/s320\/DSC_0066.JPG\" width=\"320px\" \/><\/a><\/div>\n<div style=\"clear: both; text-align: center;\"><\/div>\n<div style=\"clear: both; text-align: center;\"><span style=\"color: #b45f06; font-size: large;\"><strong>marr\u00f3n<\/strong><\/span> sombra (<em>Igual que antes<\/em>) en la parte inferior de la l\u00ednea de las pesta\u00f1as inferiores.<\/div>\n<p><\/p>\n<div style=\"clear: both; text-align: center;\"><a href=\"http:\/\/1.bp.blogspot.com\/-b4V5roV2L-U\/Tf-iyqYulaI\/AAAAAAAAD-s\/KHsK6nKjwug\/s1600\/DSC_0070.JPG\" style=\"margin-left: 1em; margin-right: 1em;\"><img decoding=\"async\" border=\"0\" height=\"320px\" i$=\"true\" src=\"http:\/\/1.bp.blogspot.com\/-b4V5roV2L-U\/Tf-iyqYulaI\/AAAAAAAAD-s\/KHsK6nKjwug\/s320\/DSC_0070.JPG\" width=\"319px\" \/><\/a><\/div>\n<div style=\"clear: both; text-align: center;\"><\/div>\n<div style=\"clear: both; text-align: center;\"><span style=\"color: #e06666; font-size: large;\"><strong>Rosa viejo<\/strong><\/span> sombra de ojos en la parte inferior de la l\u00ednea de las pesta\u00f1as inferiores.<\/div>\n<div style=\"clear: both; text-align: center;\"><\/div>\n<div style=\"clear: both; text-align: center;\"><span style=\"font-size: x-large;\">Borre todas las l\u00edneas.<\/span><\/div>\n<div style=\"clear: both; text-align: center;\"><\/div>\n<div style=\"clear: both; text-align: center;\"><span style=\"color: #999999; font-size: large;\">Blanco<\/span> delineador de ojos en la l\u00ednea interior de las pesta\u00f1as, <em>H&amp;M<\/em>.<\/div>\n<div style=\"clear: both; text-align: center;\"><span style=\"color: #783f04; font-size: large;\"><strong>marr\u00f3n<\/strong><\/span> delineador de ojos al final de las l\u00edneas de las pesta\u00f1as superiores e inferiores, <em>H&amp;M (mi l\u00e1piz de cejas<\/em>)<\/div>\n<p><\/p>\n<div style=\"clear: both; text-align: center;\"><a href=\"http:\/\/2.bp.blogspot.com\/-ihlPTzXuw_8\/Tf-i0pnJnYI\/AAAAAAAAD-w\/0nmUOcQDPbI\/s1600\/DSC_0075.JPG\" style=\"margin-left: 1em; margin-right: 1em;\"><img decoding=\"async\" border=\"0\" height=\"320px\" i$=\"true\" src=\"http:\/\/2.bp.blogspot.com\/-ihlPTzXuw_8\/Tf-i0pnJnYI\/AAAAAAAAD-w\/0nmUOcQDPbI\/s320\/DSC_0075.JPG\" width=\"304px\" \/><\/a><\/div>\n<div style=\"clear: both; text-align: center;\"><\/div>\n<div style=\"clear: both; text-align: center;\">Y finalmente, \u00a1adelante con la m\u00e1scara!<\/div>\n<p><\/p>\n<div style=\"clear: both; text-align: center;\"><a href=\"http:\/\/4.bp.blogspot.com\/-SCrTxNjt80A\/Tf-kPeVFz6I\/AAAAAAAAD-0\/SEY8uQPZik8\/s1600\/DSC_0077.JPG\" style=\"margin-left: 1em; margin-right: 1em;\"><img decoding=\"async\" border=\"0\" height=\"640px\" i$=\"true\" src=\"http:\/\/4.bp.blogspot.com\/-SCrTxNjt80A\/Tf-kPeVFz6I\/AAAAAAAAD-0\/SEY8uQPZik8\/s640\/DSC_0077.JPG\" width=\"476px\" \/><\/a><\/div>\n<div style=\"clear: both; text-align: center;\">Se salt\u00f3 el l\u00e1piz labial. Pero preferir\u00eda unos labios rojos frambuesa un poco tenues.<\/div>\n<div style=\"border-bottom: medium none; border-left: medium none; border-right: medium none; border-top: medium none; clear: both; text-align: center;\"><\/div>\n<div style=\"border-bottom: medium none; border-left: medium none; border-right: medium none; border-top: medium none; clear: both; text-align: left;\">Debo recordarte mi competencia tambi\u00e9n, \u00a1es urgente si tienes tiempo para participar!<\/div>\n<div style=\"border-bottom: medium none; border-left: medium none; border-right: medium none; border-top: medium none; clear: both; text-align: center;\"><span style=\"font-size: x-large;\">\u00a1Apenas quedan 2 horas!<\/span><\/div>","protected":false},"excerpt":{"rendered":"<p>Den h\u00e4r sminkningen skulle vara till\u00e4gnad Nicolin, som \u00f6nskade en midsommarsminkning Men sen n\u00e4r jag v\u00e4l b\u00f6rjade s\u00e5 ins\u00e5g jag att hon nog inte har en marinbl\u00e5 \u00f6gonskugga (eller har du det Nico?) S\u00e5 jag fortsatte som jag ville, utan att f\u00f6lja hennes \u00f6nskem\u00e5l p\u00e5 hur sminkningen skulle bli. Hon ville n\u00e4mligen ha en ljus [&hellip;]<\/p>\n","protected":false},"author":30,"featured_media":0,"comment_status":"open","ping_status":"open","sticky":false,"template":"","format":"standard","meta":{"footnotes":""},"categories":[3],"tags":[],"class_list":["post-1447","post","type-post","status-publish","format-standard","hentry","category-allmant"],"yoast_head":"<!-- This site is optimized with the Yoast SEO Premium plugin v14.9 - https:\/\/yoast.com\/wordpress\/plugins\/seo\/ -->\n<meta name=\"description\" content=\"Midsommarsminkning - Steg f\u00f6r steg | Helena Amiley - H\u00e4r hittar du senaste infromation om sk\u00f6nhet, livsstil, entrepren\u00f6rskap, makeup &amp; tips.\" \/>\n<meta name=\"robots\" content=\"index, follow, max-snippet:-1, max-image-preview:large, max-video-preview:-1\" \/>\n<link rel=\"canonical\" href=\"https:\/\/www.imakeyousmile.se\/es\/midsommarsminkning-steg-for-steg-2\/\" \/>\n<meta property=\"og:locale\" content=\"es_ES\" \/>\n<meta property=\"og:type\" content=\"article\" \/>\n<meta property=\"og:title\" content=\"Midsommarsminkning - Steg f\u00f6r steg | Imakeyousmile.se\" \/>\n<meta property=\"og:description\" content=\"Midsommarsminkning - Steg f\u00f6r steg | Helena Amiley - H\u00e4r hittar du senaste infromation om sk\u00f6nhet, livsstil, entrepren\u00f6rskap, makeup &amp; tips.\" \/>\n<meta property=\"og:url\" content=\"https:\/\/www.imakeyousmile.se\/es\/midsommarsminkning-steg-for-steg-2\/\" \/>\n<meta property=\"og:site_name\" content=\"Imakeyousmile.se\" \/>\n<meta property=\"article:author\" content=\"https:\/\/www.facebook.com\/imakeyousmile.se\" \/>\n<meta property=\"article:published_time\" content=\"2011-06-20T19:15:00+00:00\" \/>\n<meta property=\"og:image\" content=\"http:\/\/2.bp.blogspot.com\/-bHXn4rNlnxU\/Tf-hyMksN9I\/AAAAAAAAD-Y\/Fxl5svFz7yE\/s320\/DSC_0051.JPG\" \/>\n<meta name=\"twitter:card\" content=\"summary_large_image\" \/>\n<script type=\"application\/ld+json\" class=\"yoast-schema-graph\">{\"@context\":\"https:\/\/schema.org\",\"@graph\":[{\"@type\":\"Organization\",\"@id\":\"https:\/\/www.imakeyousmile.se\/es\/#organization\",\"name\":\"Imakeyousmile\",\"url\":\"https:\/\/www.imakeyousmile.se\/es\/\",\"sameAs\":[],\"logo\":{\"@type\":\"ImageObject\",\"@id\":\"https:\/\/www.imakeyousmile.se\/es\/#logo\",\"inLanguage\":\"es\",\"url\":\"https:\/\/www.imakeyousmile.se\/wp-content\/uploads\/2020\/10\/HELENA-AMILEY_SVART-1-e1603367975324.png\",\"width\":280,\"height\":93,\"caption\":\"Imakeyousmile\"},\"image\":{\"@id\":\"https:\/\/www.imakeyousmile.se\/es\/#logo\"}},{\"@type\":\"WebSite\",\"@id\":\"https:\/\/www.imakeyousmile.se\/es\/#website\",\"url\":\"https:\/\/www.imakeyousmile.se\/es\/\",\"name\":\"Imakeyousmile.se\",\"description\":\"Helena Amiley - Beauty, Entrepreneur, Lifestyle\",\"publisher\":{\"@id\":\"https:\/\/www.imakeyousmile.se\/es\/#organization\"},\"potentialAction\":[{\"@type\":\"SearchAction\",\"target\":\"https:\/\/www.imakeyousmile.se\/es\/?s={search_term_string}\",\"query-input\":\"required name=search_term_string\"}],\"inLanguage\":\"es\"},{\"@type\":\"ImageObject\",\"@id\":\"https:\/\/www.imakeyousmile.se\/midsommarsminkning-steg-for-steg-2\/#primaryimage\",\"inLanguage\":\"es\",\"url\":\"http:\/\/2.bp.blogspot.com\/-bHXn4rNlnxU\/Tf-hyMksN9I\/AAAAAAAAD-Y\/Fxl5svFz7yE\/s320\/DSC_0051.JPG\"},{\"@type\":\"WebPage\",\"@id\":\"https:\/\/www.imakeyousmile.se\/midsommarsminkning-steg-for-steg-2\/#webpage\",\"url\":\"https:\/\/www.imakeyousmile.se\/midsommarsminkning-steg-for-steg-2\/\",\"name\":\"Midsommarsminkning - Steg f\\u00f6r steg | Imakeyousmile.se\",\"isPartOf\":{\"@id\":\"https:\/\/www.imakeyousmile.se\/es\/#website\"},\"primaryImageOfPage\":{\"@id\":\"https:\/\/www.imakeyousmile.se\/midsommarsminkning-steg-for-steg-2\/#primaryimage\"},\"datePublished\":\"2011-06-20T19:15:00+00:00\",\"dateModified\":\"2011-06-20T19:15:00+00:00\",\"description\":\"Midsommarsminkning - Steg f\\u00f6r steg | Helena Amiley - H\\u00e4r hittar du senaste infromation om sk\\u00f6nhet, livsstil, entrepren\\u00f6rskap, makeup & tips.\",\"inLanguage\":\"es\",\"potentialAction\":[{\"@type\":\"ReadAction\",\"target\":[\"https:\/\/www.imakeyousmile.se\/midsommarsminkning-steg-for-steg-2\/\"]}]},{\"@type\":\"Article\",\"@id\":\"https:\/\/www.imakeyousmile.se\/midsommarsminkning-steg-for-steg-2\/#article\",\"isPartOf\":{\"@id\":\"https:\/\/www.imakeyousmile.se\/midsommarsminkning-steg-for-steg-2\/#webpage\"},\"author\":{\"@id\":\"https:\/\/www.imakeyousmile.se\/es\/#\/schema\/person\/b0fd43b1c6bb1c60cfd68bff9b4a10fb\"},\"headline\":\"Midsommarsminkning &#8211; Steg f\\u00f6r steg\",\"datePublished\":\"2011-06-20T19:15:00+00:00\",\"dateModified\":\"2011-06-20T19:15:00+00:00\",\"mainEntityOfPage\":{\"@id\":\"https:\/\/www.imakeyousmile.se\/midsommarsminkning-steg-for-steg-2\/#webpage\"},\"commentCount\":0,\"publisher\":{\"@id\":\"https:\/\/www.imakeyousmile.se\/es\/#organization\"},\"image\":{\"@id\":\"https:\/\/www.imakeyousmile.se\/midsommarsminkning-steg-for-steg-2\/#primaryimage\"},\"articleSection\":\"\\u00d6vrigt\",\"inLanguage\":\"es\",\"potentialAction\":[{\"@type\":\"CommentAction\",\"name\":\"Comment\",\"target\":[\"https:\/\/www.imakeyousmile.se\/midsommarsminkning-steg-for-steg-2\/#respond\"]}]},{\"@type\":\"Person\",\"@id\":\"https:\/\/www.imakeyousmile.se\/es\/#\/schema\/person\/b0fd43b1c6bb1c60cfd68bff9b4a10fb\",\"name\":\"Helena Amiley\",\"image\":{\"@type\":\"ImageObject\",\"@id\":\"https:\/\/www.imakeyousmile.se\/es\/#personlogo\",\"inLanguage\":\"es\",\"url\":\"https:\/\/secure.gravatar.com\/avatar\/5645558e1e355457a23368d7e1b4c904?s=96&d=mm&r=g\",\"caption\":\"Helena Amiley\"},\"description\":\"Jag skriver mest om sk\\u00f6nhet men bjuder \\u00e4ven p\\u00e5 glimtar fr\\u00e5n entrepren\\u00f6rlivet och bygget av v\\u00e5r egen camper van. Vanlife here we come!\",\"sameAs\":[\"https:\/\/www.facebook.com\/imakeyousmile.se\",\"https:\/\/www.instagram.com\/helenaamiley\",\"https:\/\/www.youtube.com\/channel\/UCR5iB6rvpV6Yr8ZjpQfr5mg?view_as=subscriber\"]}]}<\/script>\n<!-- \/ Yoast SEO Premium plugin. -->","_links":{"self":[{"href":"https:\/\/www.imakeyousmile.se\/es\/wp-json\/wp\/v2\/posts\/1447"}],"collection":[{"href":"https:\/\/www.imakeyousmile.se\/es\/wp-json\/wp\/v2\/posts"}],"about":[{"href":"https:\/\/www.imakeyousmile.se\/es\/wp-json\/wp\/v2\/types\/post"}],"author":[{"embeddable":true,"href":"https:\/\/www.imakeyousmile.se\/es\/wp-json\/wp\/v2\/users\/30"}],"replies":[{"embeddable":true,"href":"https:\/\/www.imakeyousmile.se\/es\/wp-json\/wp\/v2\/comments?post=1447"}],"version-history":[{"count":0,"href":"https:\/\/www.imakeyousmile.se\/es\/wp-json\/wp\/v2\/posts\/1447\/revisions"}],"wp:attachment":[{"href":"https:\/\/www.imakeyousmile.se\/es\/wp-json\/wp\/v2\/media?parent=1447"}],"wp:term":[{"taxonomy":"category","embeddable":true,"href":"https:\/\/www.imakeyousmile.se\/es\/wp-json\/wp\/v2\/categories?post=1447"},{"taxonomy":"post_tag","embeddable":true,"href":"https:\/\/www.imakeyousmile.se\/es\/wp-json\/wp\/v2\/tags?post=1447"}],"curies":[{"name":"wp","href":"https:\/\/api.w.org\/{rel}","templated":true}]}}