{"id":1448,"date":"2011-06-20T20:19:00","date_gmt":"2011-06-20T18:19:00","guid":{"rendered":"http:\/\/www.imakeyousmile.se\/naturlig-sminkning-3\/"},"modified":"2014-08-16T10:56:52","modified_gmt":"2014-08-16T08:56:52","slug":"naturlig-sminkning-3","status":"publish","type":"post","link":"https:\/\/www.imakeyousmile.se\/es\/maquillaje-natural-3\/","title":{"rendered":"Maquillaje natural"},"content":{"rendered":"<div style=\"clear: both; text-align: center;\"><\/div>\n<p>Aqu\u00ed est\u00e1 el maquillaje de ayer.<\/p>\n<p>No escribi\u00f3 en su blog ayer, el d\u00eda comenz\u00f3 con <span style=\"font-size: x-large;\">desayuno <\/span>en casa de Frida ya a las 8 en punto. Luego fuimos a Alunda y arreglamos un poco las cosas con la m\u00eda. <span style=\"font-size: x-large;\">tatuaje<\/span> Lo har\u00e9 la semana que viene (!)<\/p>\n<p>Y despu\u00e9s de eso fui directamente a una fiesta infantil en V\u00e4ster\u00e5s, \u00a1y no llegu\u00e9 a casa hasta las doce y media de la noche!<\/p>\n<p>Pero mejor tarde que nunca;)<\/p>\n<div style=\"clear: both; text-align: center;\"><\/div>\n<div style=\"clear: both; text-align: center;\"><a style=\"margin-left: 1em; margin-right: 1em;\" href=\"http:\/\/3.bp.blogspot.com\/-elPbQesykJs\/Tf-ZL9z7tbI\/AAAAAAAAD-I\/bjNXaGBSSsQ\/s1600\/DSC_0038.JPG\"><img decoding=\"async\" src=\"http:\/\/3.bp.blogspot.com\/-elPbQesykJs\/Tf-ZL9z7tbI\/AAAAAAAAD-I\/bjNXaGBSSsQ\/s320\/DSC_0038.JPG\" alt=\"\" width=\"320px\" height=\"292px\" border=\"0\" \/><\/a><\/div>\n<div style=\"clear: both; text-align: center;\"><em>Todas las sombras de ojos son de la paleta 180.<\/em><\/div>\n<div style=\"clear: both; text-align: center;\"><\/div>\n<div style=\"clear: both; text-align: center;\"><span style=\"color: #b45f06; font-size: large;\"><strong>Marr\u00f3n claro<\/strong><\/span> sombra de ojos en el p\u00e1rpado y la l\u00ednea de las pesta\u00f1as inferiores <em>(se ve, sin embargo, del color de la piel en la imagen)<\/em><\/div>\n<div style=\"clear: both; text-align: center;\"><span style=\"color: #783f04; font-size: large;\"><strong>marr\u00f3n<\/strong><\/span> Sombra de ojos brillante al final de la l\u00ednea de las pesta\u00f1as inferiores y a lo largo de la l\u00ednea del globo.<\/div>\n<div style=\"clear: both; text-align: center;\"><span style=\"color: #990000; font-size: large;\"><strong>Granate<\/strong><\/span> sombra de ojos al final del p\u00e1rpado. Difumina mucho en el marr\u00f3n de la l\u00ednea del globo.<\/div>\n<div style=\"clear: both; text-align: center;\"><\/div>\n<div style=\"clear: both; text-align: center;\"><strong><span style=\"font-size: large;\">Negro <\/span><\/strong>delineador de ojos al final de las l\u00edneas de las pesta\u00f1as superiores e inferiores, <em>H&amp;M.<\/em><\/div>\n<div style=\"clear: both; text-align: center;\"><span style=\"color: #999999; font-size: large;\">Blanco<\/span> delineador de ojos en la l\u00ednea interior de las pesta\u00f1as, <em>H&amp;M.<\/em><\/div>\n<div style=\"clear: both; text-align: center;\"><\/div>\n<div style=\"clear: both; text-align: center;\"><a style=\"margin-left: 1em; margin-right: 1em;\" href=\"http:\/\/3.bp.blogspot.com\/-0DhjPqcwT8Q\/Tf-adexj8WI\/AAAAAAAAD-Q\/v701e59QS8w\/s1600\/DSC_0043.JPG\"><img decoding=\"async\" src=\"http:\/\/3.bp.blogspot.com\/-0DhjPqcwT8Q\/Tf-adexj8WI\/AAAAAAAAD-Q\/v701e59QS8w\/s640\/DSC_0043.JPG\" alt=\"\" width=\"468px\" height=\"640px\" border=\"0\" \/><\/a><\/div>\n<div style=\"clear: both; text-align: center;\"><\/div>\n<div style=\"clear: both; text-align: left;\">Tenga un maquillaje m\u00e1s en stock, uno <span style=\"font-size: x-large;\">gradualmente<\/span> \u00a1maquillaje! Intentar\u00e9 publicarlo hoy, de lo contrario lo ver\u00e1s ma\u00f1ana.<\/div>\n<div style=\"clear: both; text-align: left;\"><\/div>\n<div style=\"clear: both; text-align: left;\">Depende un poco de cuando llegue Miska, hihi. \u00a1Nos reunimos oficialmente de nuevo ayer, despu\u00e9s de estar solteros desde Navidad!<\/div>\n<div style=\"clear: both; text-align: left;\"><\/div>\n<div style=\"clear: both; text-align: center;\"><span style=\"font-size: x-large;\">\u00a1Que tengan todos un maravilloso lunes por la noche!<\/span><\/div>","protected":false},"excerpt":{"rendered":"<p>H\u00e4r kommer g\u00e5rdagens sminkning. Hann inte blogga om den ig\u00e5r, b\u00f6rjade dagen med frukost hemma hos Frida redan klockan 8. Sen \u00e5kte vi till Alunda och\u00a0fixade lite med min tatuering jag ska g\u00f6ra n\u00e4sta vecka (!) Och\u00a0efter det\u00a0\u00e5kte jag direkt p\u00e5 barnkalas i V\u00e4ster\u00e5s, och kom hem f\u00f6rst halv 12 p\u00e5 natten! Men b\u00e4ttre sent [&hellip;]<\/p>\n","protected":false},"author":30,"featured_media":0,"comment_status":"open","ping_status":"open","sticky":false,"template":"","format":"standard","meta":{"footnotes":""},"categories":[3],"tags":[],"class_list":["post-1448","post","type-post","status-publish","format-standard","hentry","category-allmant"],"yoast_head":"<!-- This site is optimized with the Yoast SEO Premium plugin v14.9 - https:\/\/yoast.com\/wordpress\/plugins\/seo\/ -->\n<meta name=\"description\" content=\"Naturlig sminkning | Helena Amiley - H\u00e4r hittar du senaste infromation om sk\u00f6nhet, livsstil, entrepren\u00f6rskap, makeup &amp; tips.\" \/>\n<meta name=\"robots\" content=\"index, follow, max-snippet:-1, max-image-preview:large, max-video-preview:-1\" \/>\n<link rel=\"canonical\" href=\"https:\/\/www.imakeyousmile.se\/es\/naturlig-sminkning-3\/\" \/>\n<meta property=\"og:locale\" content=\"es_ES\" \/>\n<meta property=\"og:type\" content=\"article\" \/>\n<meta property=\"og:title\" content=\"Naturlig sminkning | Imakeyousmile.se\" \/>\n<meta property=\"og:description\" content=\"Naturlig sminkning | Helena Amiley - H\u00e4r hittar du senaste infromation om sk\u00f6nhet, livsstil, entrepren\u00f6rskap, makeup &amp; tips.\" \/>\n<meta property=\"og:url\" content=\"https:\/\/www.imakeyousmile.se\/es\/naturlig-sminkning-3\/\" \/>\n<meta property=\"og:site_name\" content=\"Imakeyousmile.se\" \/>\n<meta property=\"article:author\" content=\"https:\/\/www.facebook.com\/imakeyousmile.se\" \/>\n<meta property=\"article:published_time\" content=\"2011-06-20T18:19:00+00:00\" \/>\n<meta property=\"article:modified_time\" content=\"2014-08-16T08:56:52+00:00\" \/>\n<meta property=\"og:image\" content=\"http:\/\/3.bp.blogspot.com\/-elPbQesykJs\/Tf-ZL9z7tbI\/AAAAAAAAD-I\/bjNXaGBSSsQ\/s320\/DSC_0038.JPG\" \/>\n<meta name=\"twitter:card\" content=\"summary_large_image\" \/>\n<script type=\"application\/ld+json\" class=\"yoast-schema-graph\">{\"@context\":\"https:\/\/schema.org\",\"@graph\":[{\"@type\":\"Organization\",\"@id\":\"https:\/\/www.imakeyousmile.se\/es\/#organization\",\"name\":\"Imakeyousmile\",\"url\":\"https:\/\/www.imakeyousmile.se\/es\/\",\"sameAs\":[],\"logo\":{\"@type\":\"ImageObject\",\"@id\":\"https:\/\/www.imakeyousmile.se\/es\/#logo\",\"inLanguage\":\"es\",\"url\":\"https:\/\/www.imakeyousmile.se\/wp-content\/uploads\/2020\/10\/HELENA-AMILEY_SVART-1-e1603367975324.png\",\"width\":280,\"height\":93,\"caption\":\"Imakeyousmile\"},\"image\":{\"@id\":\"https:\/\/www.imakeyousmile.se\/es\/#logo\"}},{\"@type\":\"WebSite\",\"@id\":\"https:\/\/www.imakeyousmile.se\/es\/#website\",\"url\":\"https:\/\/www.imakeyousmile.se\/es\/\",\"name\":\"Imakeyousmile.se\",\"description\":\"Helena Amiley - Beauty, Entrepreneur, Lifestyle\",\"publisher\":{\"@id\":\"https:\/\/www.imakeyousmile.se\/es\/#organization\"},\"potentialAction\":[{\"@type\":\"SearchAction\",\"target\":\"https:\/\/www.imakeyousmile.se\/es\/?s={search_term_string}\",\"query-input\":\"required name=search_term_string\"}],\"inLanguage\":\"es\"},{\"@type\":\"ImageObject\",\"@id\":\"https:\/\/www.imakeyousmile.se\/naturlig-sminkning-3\/#primaryimage\",\"inLanguage\":\"es\",\"url\":\"http:\/\/3.bp.blogspot.com\/-elPbQesykJs\/Tf-ZL9z7tbI\/AAAAAAAAD-I\/bjNXaGBSSsQ\/s320\/DSC_0038.JPG\"},{\"@type\":\"WebPage\",\"@id\":\"https:\/\/www.imakeyousmile.se\/naturlig-sminkning-3\/#webpage\",\"url\":\"https:\/\/www.imakeyousmile.se\/naturlig-sminkning-3\/\",\"name\":\"Naturlig sminkning | Imakeyousmile.se\",\"isPartOf\":{\"@id\":\"https:\/\/www.imakeyousmile.se\/es\/#website\"},\"primaryImageOfPage\":{\"@id\":\"https:\/\/www.imakeyousmile.se\/naturlig-sminkning-3\/#primaryimage\"},\"datePublished\":\"2011-06-20T18:19:00+00:00\",\"dateModified\":\"2014-08-16T08:56:52+00:00\",\"description\":\"Naturlig sminkning | Helena Amiley - H\\u00e4r hittar du senaste infromation om sk\\u00f6nhet, livsstil, entrepren\\u00f6rskap, makeup & tips.\",\"inLanguage\":\"es\",\"potentialAction\":[{\"@type\":\"ReadAction\",\"target\":[\"https:\/\/www.imakeyousmile.se\/naturlig-sminkning-3\/\"]}]},{\"@type\":\"Article\",\"@id\":\"https:\/\/www.imakeyousmile.se\/naturlig-sminkning-3\/#article\",\"isPartOf\":{\"@id\":\"https:\/\/www.imakeyousmile.se\/naturlig-sminkning-3\/#webpage\"},\"author\":{\"@id\":\"https:\/\/www.imakeyousmile.se\/es\/#\/schema\/person\/b0fd43b1c6bb1c60cfd68bff9b4a10fb\"},\"headline\":\"Naturlig sminkning\",\"datePublished\":\"2011-06-20T18:19:00+00:00\",\"dateModified\":\"2014-08-16T08:56:52+00:00\",\"mainEntityOfPage\":{\"@id\":\"https:\/\/www.imakeyousmile.se\/naturlig-sminkning-3\/#webpage\"},\"commentCount\":0,\"publisher\":{\"@id\":\"https:\/\/www.imakeyousmile.se\/es\/#organization\"},\"image\":{\"@id\":\"https:\/\/www.imakeyousmile.se\/naturlig-sminkning-3\/#primaryimage\"},\"articleSection\":\"\\u00d6vrigt\",\"inLanguage\":\"es\",\"potentialAction\":[{\"@type\":\"CommentAction\",\"name\":\"Comment\",\"target\":[\"https:\/\/www.imakeyousmile.se\/naturlig-sminkning-3\/#respond\"]}]},{\"@type\":\"Person\",\"@id\":\"https:\/\/www.imakeyousmile.se\/es\/#\/schema\/person\/b0fd43b1c6bb1c60cfd68bff9b4a10fb\",\"name\":\"Helena Amiley\",\"image\":{\"@type\":\"ImageObject\",\"@id\":\"https:\/\/www.imakeyousmile.se\/es\/#personlogo\",\"inLanguage\":\"es\",\"url\":\"https:\/\/secure.gravatar.com\/avatar\/5645558e1e355457a23368d7e1b4c904?s=96&d=mm&r=g\",\"caption\":\"Helena Amiley\"},\"description\":\"Jag skriver mest om sk\\u00f6nhet men bjuder \\u00e4ven p\\u00e5 glimtar fr\\u00e5n entrepren\\u00f6rlivet och bygget av v\\u00e5r egen camper van. Vanlife here we come!\",\"sameAs\":[\"https:\/\/www.facebook.com\/imakeyousmile.se\",\"https:\/\/www.instagram.com\/helenaamiley\",\"https:\/\/www.youtube.com\/channel\/UCR5iB6rvpV6Yr8ZjpQfr5mg?view_as=subscriber\"]}]}<\/script>\n<!-- \/ Yoast SEO Premium plugin. -->","_links":{"self":[{"href":"https:\/\/www.imakeyousmile.se\/es\/wp-json\/wp\/v2\/posts\/1448"}],"collection":[{"href":"https:\/\/www.imakeyousmile.se\/es\/wp-json\/wp\/v2\/posts"}],"about":[{"href":"https:\/\/www.imakeyousmile.se\/es\/wp-json\/wp\/v2\/types\/post"}],"author":[{"embeddable":true,"href":"https:\/\/www.imakeyousmile.se\/es\/wp-json\/wp\/v2\/users\/30"}],"replies":[{"embeddable":true,"href":"https:\/\/www.imakeyousmile.se\/es\/wp-json\/wp\/v2\/comments?post=1448"}],"version-history":[{"count":0,"href":"https:\/\/www.imakeyousmile.se\/es\/wp-json\/wp\/v2\/posts\/1448\/revisions"}],"wp:attachment":[{"href":"https:\/\/www.imakeyousmile.se\/es\/wp-json\/wp\/v2\/media?parent=1448"}],"wp:term":[{"taxonomy":"category","embeddable":true,"href":"https:\/\/www.imakeyousmile.se\/es\/wp-json\/wp\/v2\/categories?post=1448"},{"taxonomy":"post_tag","embeddable":true,"href":"https:\/\/www.imakeyousmile.se\/es\/wp-json\/wp\/v2\/tags?post=1448"}],"curies":[{"name":"wp","href":"https:\/\/api.w.org\/{rel}","templated":true}]}}