{"id":14643,"date":"2014-07-01T12:05:51","date_gmt":"2014-07-01T10:05:51","guid":{"rendered":"http:\/\/www.imakeyousmile.se\/?p=14643"},"modified":"2021-09-14T09:06:21","modified_gmt":"2021-09-14T07:06:21","slug":"black-white","status":"publish","type":"post","link":"https:\/\/www.imakeyousmile.se\/es\/blanco-negro\/","title":{"rendered":"Blanco negro"},"content":{"rendered":"<p>El delineador de ojos y los labios coloridos son un look cl\u00e1sico, pero el maquillaje de hoy es un estilo que es un poco m\u00e1s divertido con un delineador de ojos de dos tonos y labios de color violeta oscuro. :)<\/p>\n<p>El delineador de ojos blanco no es realmente un delineador de ojos, sino la sombra de ojos en crema.\u00a0<a href=\"https:\/\/ion.lyko.com\/t\/t?a=1117786221&amp;as=1548102449&amp;t=2&amp;tk=1&amp;epi=search-replace-kajal&amp;url=https:\/\/lyko.com\/sv\/sok?q=kajal\" target=\"_blank\" rel=\"noopener\">Maybelline Color Tattoo Infinito Blanco<\/a>, funcion\u00f3 galantemente tambi\u00e9n.<\/p>\n<p>\u00a1Espero que te guste!<\/p>\n<p><a href=\"http:\/\/www.imakeyousmile.se\/wp-content\/uploads\/2014\/07\/IMG_2301_1111.jpg\"><img loading=\"lazy\" decoding=\"async\" class=\"alignnone size-large wp-image-14652\" src=\"http:\/\/www.imakeyousmile.se\/wp-content\/uploads\/2014\/07\/IMG_2301_1111-842x1024.jpg\" alt=\"IMG_2301_1111\" width=\"842\" height=\"1024\" srcset=\"https:\/\/www.imakeyousmile.se\/wp-content\/uploads\/2014\/07\/IMG_2301_1111-842x1024.jpg 842w, https:\/\/www.imakeyousmile.se\/wp-content\/uploads\/2014\/07\/IMG_2301_1111-246x300.jpg 246w\" sizes=\"(max-width: 842px) 100vw, 842px\" \/><\/a><\/p>\n<p>Los labios son <a href=\"http:\/\/creativemakeup.se\/produkt\/manifesto-lipgloss\/\" target=\"_blank\" rel=\"noopener\">Labios l\u00edquidos Paese Manifesto<\/a> a la sombra del 911. \u00bfQu\u00e9 tan guapo? :)<\/p>\n<p><a href=\"http:\/\/www.imakeyousmile.se\/wp-content\/uploads\/2014\/07\/IMG_23391.jpg\"><img loading=\"lazy\" decoding=\"async\" src=\"http:\/\/www.imakeyousmile.se\/wp-content\/uploads\/2014\/07\/IMG_23391-1024x528.jpg\" alt=\"IMG_2339\" width=\"1024\" height=\"528\" \/><\/a><\/p>\n<p><strong><span style=\"color: #000000;\">Delineador de ojos negro<\/span> <\/strong>con ala al final de la l\u00ednea de las pesta\u00f1as superiores, <a href=\"https:\/\/ion.lyko.com\/t\/t?a=1117786221&amp;as=1548102449&amp;t=2&amp;tk=1&amp;epi=search-replace-isadoraflex&amp;url=https:\/\/lyko.com\/sv\/isadora\/isadora-flex-tip-eyeliner-hot-chocolate\" target=\"_blank\" rel=\"noopener\">Delineador de ojos IsaDora Flex Tip<br \/>\n<\/a><strong><span style=\"color: #c0c0c0;\">Sombra de ojos en crema blanca<\/span><\/strong> como un delineador de ojos en la parte inferior de la l\u00ednea de las pesta\u00f1as superiores,\u00a0<a href=\"https:\/\/ion.lyko.com\/t\/t?a=1117786221&amp;as=1548102449&amp;t=2&amp;tk=1&amp;epi=search-replace-kajal&amp;url=https:\/\/lyko.com\/sv\/sok?q=kajal\" target=\"_blank\" rel=\"noopener\">Maybelline Color Tattoo Infinito Blanco<br \/>\n<\/a><strong><span style=\"color: #000000;\">R\u00edmel negro<\/span> <\/strong>en las pesta\u00f1as superiores, <a href=\"https:\/\/ion.lyko.com\/t\/t?a=1117786221&amp;as=1548102449&amp;t=2&amp;tk=1&amp;epi=search-replace-mascara&amp;url=https:\/\/lyko.com\/sv\/smink\/ogon\/mascara\" target=\"_blank\" rel=\"noopener\">M\u00e1scara de pesta\u00f1as Oriflame The ONE Volume Blast<\/a>.<\/p>\n<p><a href=\"http:\/\/www.imakeyousmile.se\/wp-content\/uploads\/2014\/07\/IMG_2299_111.jpg\"><img loading=\"lazy\" decoding=\"async\" class=\"alignnone size-large wp-image-14644\" src=\"http:\/\/www.imakeyousmile.se\/wp-content\/uploads\/2014\/07\/IMG_2299_111-789x1024.jpg\" alt=\"IMG_2299_111\" width=\"789\" height=\"1024\" srcset=\"https:\/\/www.imakeyousmile.se\/wp-content\/uploads\/2014\/07\/IMG_2299_111-789x1024.jpg 789w, https:\/\/www.imakeyousmile.se\/wp-content\/uploads\/2014\/07\/IMG_2299_111-231x300.jpg 231w, https:\/\/www.imakeyousmile.se\/wp-content\/uploads\/2014\/07\/IMG_2299_111.jpg 1974w\" sizes=\"(max-width: 789px) 100vw, 789px\" \/><\/a><\/p>\n<p><a href=\"http:\/\/www.imakeyousmile.se\/wp-content\/uploads\/2014\/07\/IMG_2308_111.jpg\"><img loading=\"lazy\" decoding=\"async\" class=\"alignnone size-large wp-image-14646\" src=\"http:\/\/www.imakeyousmile.se\/wp-content\/uploads\/2014\/07\/IMG_2308_111-814x1024.jpg\" alt=\"IMG_2308_111\" width=\"814\" height=\"1024\" srcset=\"https:\/\/www.imakeyousmile.se\/wp-content\/uploads\/2014\/07\/IMG_2308_111-814x1024.jpg 814w, https:\/\/www.imakeyousmile.se\/wp-content\/uploads\/2014\/07\/IMG_2308_111-238x300.jpg 238w, https:\/\/www.imakeyousmile.se\/wp-content\/uploads\/2014\/07\/IMG_2308_111.jpg 2037w\" sizes=\"(max-width: 814px) 100vw, 814px\" \/><\/a><\/p>\n<p><a href=\"http:\/\/www.imakeyousmile.se\/wp-content\/uploads\/2014\/07\/IMG_2326_111.jpg\"><img loading=\"lazy\" decoding=\"async\" class=\"alignnone size-large wp-image-14647\" src=\"http:\/\/www.imakeyousmile.se\/wp-content\/uploads\/2014\/07\/IMG_2326_111-798x1024.jpg\" alt=\"IMG_2326_111\" width=\"798\" height=\"1024\" srcset=\"https:\/\/www.imakeyousmile.se\/wp-content\/uploads\/2014\/07\/IMG_2326_111-798x1024.jpg 798w, https:\/\/www.imakeyousmile.se\/wp-content\/uploads\/2014\/07\/IMG_2326_111-233x300.jpg 233w, https:\/\/www.imakeyousmile.se\/wp-content\/uploads\/2014\/07\/IMG_2326_111.jpg 1996w\" sizes=\"(max-width: 798px) 100vw, 798px\" \/><\/a><\/p>\n<p><a href=\"http:\/\/www.imakeyousmile.se\/wp-content\/uploads\/2014\/07\/IMG_2331_111.jpg\"><img loading=\"lazy\" decoding=\"async\" class=\"alignnone size-large wp-image-14648\" src=\"http:\/\/www.imakeyousmile.se\/wp-content\/uploads\/2014\/07\/IMG_2331_111-811x1024.jpg\" alt=\"IMG_2331_111\" width=\"811\" height=\"1024\" srcset=\"https:\/\/www.imakeyousmile.se\/wp-content\/uploads\/2014\/07\/IMG_2331_111-811x1024.jpg 811w, https:\/\/www.imakeyousmile.se\/wp-content\/uploads\/2014\/07\/IMG_2331_111-237x300.jpg 237w, https:\/\/www.imakeyousmile.se\/wp-content\/uploads\/2014\/07\/IMG_2331_111.jpg 2030w\" sizes=\"(max-width: 811px) 100vw, 811px\" \/><\/a><\/p>\n<p><strong>\u00a1Espero que tengan un buen d\u00eda!<\/strong><\/p>","protected":false},"excerpt":{"rendered":"<p>Eyeliner och f\u00e4rgstarka l\u00e4ppar \u00e4r en klassisk look, men dagens sminkning \u00e4r en s\u00e5dan look som \u00e4r sn\u00e4ppet roligare med en tv\u00e5f\u00e4rgad eyeliner och m\u00f6rklila l\u00e4ppar! :) Den vita eyelinern \u00e4r egentligen ingen eyeliner, utan kr\u00e4m\u00f6gonskuggan\u00a0Maybelline Color Tattoo Infinite White,\u00a0funkade galant det ocks\u00e5. Hoppas ni gillar! L\u00e4pparna \u00e4r Paese Manifesto Liquid Lips i nyansen 911. [&hellip;]<\/p>\n","protected":false},"author":30,"featured_media":14654,"comment_status":"open","ping_status":"closed","sticky":false,"template":"","format":"standard","meta":{"footnotes":""},"categories":[2827],"tags":[2582],"class_list":["post-14643","post","type-post","status-publish","format-standard","has-post-thumbnail","hentry","category-vardagssminkningar","tag-paese-manifesto-liquid-lipstick"],"yoast_head":"<!-- This site is optimized with the Yoast SEO Premium plugin v14.9 - https:\/\/yoast.com\/wordpress\/plugins\/seo\/ -->\n<meta name=\"description\" content=\"Black &amp; White | Helena Amiley - H\u00e4r hittar du senaste infromation om sk\u00f6nhet, livsstil, entrepren\u00f6rskap, makeup &amp; tips.\" \/>\n<meta name=\"robots\" content=\"index, follow, max-snippet:-1, max-image-preview:large, max-video-preview:-1\" \/>\n<link rel=\"canonical\" href=\"https:\/\/www.imakeyousmile.se\/es\/black-white\/\" \/>\n<meta property=\"og:locale\" content=\"es_ES\" \/>\n<meta property=\"og:type\" content=\"article\" \/>\n<meta property=\"og:title\" content=\"Black &amp; White | Imakeyousmile.se\" \/>\n<meta property=\"og:description\" content=\"Black &amp; White | Helena Amiley - H\u00e4r hittar du senaste infromation om sk\u00f6nhet, livsstil, entrepren\u00f6rskap, makeup &amp; tips.\" \/>\n<meta property=\"og:url\" content=\"https:\/\/www.imakeyousmile.se\/es\/black-white\/\" \/>\n<meta property=\"og:site_name\" content=\"Imakeyousmile.se\" \/>\n<meta property=\"article:author\" content=\"https:\/\/www.facebook.com\/imakeyousmile.se\" \/>\n<meta property=\"article:published_time\" content=\"2014-07-01T10:05:51+00:00\" \/>\n<meta property=\"article:modified_time\" content=\"2021-09-14T07:06:21+00:00\" \/>\n<meta property=\"og:image\" content=\"https:\/\/www.imakeyousmile.se\/wp-content\/uploads\/2014\/07\/IMG_23391.jpg\" \/>\n\t<meta property=\"og:image:width\" content=\"2560\" \/>\n\t<meta property=\"og:image:height\" content=\"1320\" \/>\n<meta name=\"twitter:card\" content=\"summary_large_image\" \/>\n<script type=\"application\/ld+json\" class=\"yoast-schema-graph\">{\"@context\":\"https:\/\/schema.org\",\"@graph\":[{\"@type\":\"Organization\",\"@id\":\"https:\/\/www.imakeyousmile.se\/es\/#organization\",\"name\":\"Imakeyousmile\",\"url\":\"https:\/\/www.imakeyousmile.se\/es\/\",\"sameAs\":[],\"logo\":{\"@type\":\"ImageObject\",\"@id\":\"https:\/\/www.imakeyousmile.se\/es\/#logo\",\"inLanguage\":\"es\",\"url\":\"https:\/\/www.imakeyousmile.se\/wp-content\/uploads\/2020\/10\/HELENA-AMILEY_SVART-1-e1603367975324.png\",\"width\":280,\"height\":93,\"caption\":\"Imakeyousmile\"},\"image\":{\"@id\":\"https:\/\/www.imakeyousmile.se\/es\/#logo\"}},{\"@type\":\"WebSite\",\"@id\":\"https:\/\/www.imakeyousmile.se\/es\/#website\",\"url\":\"https:\/\/www.imakeyousmile.se\/es\/\",\"name\":\"Imakeyousmile.se\",\"description\":\"Helena Amiley - Beauty, Entrepreneur, Lifestyle\",\"publisher\":{\"@id\":\"https:\/\/www.imakeyousmile.se\/es\/#organization\"},\"potentialAction\":[{\"@type\":\"SearchAction\",\"target\":\"https:\/\/www.imakeyousmile.se\/es\/?s={search_term_string}\",\"query-input\":\"required name=search_term_string\"}],\"inLanguage\":\"es\"},{\"@type\":\"ImageObject\",\"@id\":\"https:\/\/www.imakeyousmile.se\/black-white\/#primaryimage\",\"inLanguage\":\"es\",\"url\":\"https:\/\/www.imakeyousmile.se\/wp-content\/uploads\/2014\/07\/IMG_23391.jpg\",\"width\":2560,\"height\":1320},{\"@type\":\"WebPage\",\"@id\":\"https:\/\/www.imakeyousmile.se\/black-white\/#webpage\",\"url\":\"https:\/\/www.imakeyousmile.se\/black-white\/\",\"name\":\"Black & White | Imakeyousmile.se\",\"isPartOf\":{\"@id\":\"https:\/\/www.imakeyousmile.se\/es\/#website\"},\"primaryImageOfPage\":{\"@id\":\"https:\/\/www.imakeyousmile.se\/black-white\/#primaryimage\"},\"datePublished\":\"2014-07-01T10:05:51+00:00\",\"dateModified\":\"2021-09-14T07:06:21+00:00\",\"description\":\"Black & White | Helena Amiley - H\\u00e4r hittar du senaste infromation om sk\\u00f6nhet, livsstil, entrepren\\u00f6rskap, makeup & tips.\",\"inLanguage\":\"es\",\"potentialAction\":[{\"@type\":\"ReadAction\",\"target\":[\"https:\/\/www.imakeyousmile.se\/black-white\/\"]}]},{\"@type\":\"Article\",\"@id\":\"https:\/\/www.imakeyousmile.se\/black-white\/#article\",\"isPartOf\":{\"@id\":\"https:\/\/www.imakeyousmile.se\/black-white\/#webpage\"},\"author\":{\"@id\":\"https:\/\/www.imakeyousmile.se\/es\/#\/schema\/person\/b0fd43b1c6bb1c60cfd68bff9b4a10fb\"},\"headline\":\"Black &#038; White\",\"datePublished\":\"2014-07-01T10:05:51+00:00\",\"dateModified\":\"2021-09-14T07:06:21+00:00\",\"mainEntityOfPage\":{\"@id\":\"https:\/\/www.imakeyousmile.se\/black-white\/#webpage\"},\"commentCount\":4,\"publisher\":{\"@id\":\"https:\/\/www.imakeyousmile.se\/es\/#organization\"},\"image\":{\"@id\":\"https:\/\/www.imakeyousmile.se\/black-white\/#primaryimage\"},\"keywords\":\"Paese Manifesto liquid lipstick\",\"articleSection\":\"Neutrala \/ milda sminkningar\",\"inLanguage\":\"es\",\"potentialAction\":[{\"@type\":\"CommentAction\",\"name\":\"Comment\",\"target\":[\"https:\/\/www.imakeyousmile.se\/black-white\/#respond\"]}]},{\"@type\":\"Person\",\"@id\":\"https:\/\/www.imakeyousmile.se\/es\/#\/schema\/person\/b0fd43b1c6bb1c60cfd68bff9b4a10fb\",\"name\":\"Helena Amiley\",\"image\":{\"@type\":\"ImageObject\",\"@id\":\"https:\/\/www.imakeyousmile.se\/es\/#personlogo\",\"inLanguage\":\"es\",\"url\":\"https:\/\/secure.gravatar.com\/avatar\/5645558e1e355457a23368d7e1b4c904?s=96&d=mm&r=g\",\"caption\":\"Helena Amiley\"},\"description\":\"Jag skriver mest om sk\\u00f6nhet men bjuder \\u00e4ven p\\u00e5 glimtar fr\\u00e5n entrepren\\u00f6rlivet och bygget av v\\u00e5r egen camper van. Vanlife here we come!\",\"sameAs\":[\"https:\/\/www.facebook.com\/imakeyousmile.se\",\"https:\/\/www.instagram.com\/helenaamiley\",\"https:\/\/www.youtube.com\/channel\/UCR5iB6rvpV6Yr8ZjpQfr5mg?view_as=subscriber\"]}]}<\/script>\n<!-- \/ Yoast SEO Premium plugin. -->","_links":{"self":[{"href":"https:\/\/www.imakeyousmile.se\/es\/wp-json\/wp\/v2\/posts\/14643"}],"collection":[{"href":"https:\/\/www.imakeyousmile.se\/es\/wp-json\/wp\/v2\/posts"}],"about":[{"href":"https:\/\/www.imakeyousmile.se\/es\/wp-json\/wp\/v2\/types\/post"}],"author":[{"embeddable":true,"href":"https:\/\/www.imakeyousmile.se\/es\/wp-json\/wp\/v2\/users\/30"}],"replies":[{"embeddable":true,"href":"https:\/\/www.imakeyousmile.se\/es\/wp-json\/wp\/v2\/comments?post=14643"}],"version-history":[{"count":3,"href":"https:\/\/www.imakeyousmile.se\/es\/wp-json\/wp\/v2\/posts\/14643\/revisions"}],"predecessor-version":[{"id":40743,"href":"https:\/\/www.imakeyousmile.se\/es\/wp-json\/wp\/v2\/posts\/14643\/revisions\/40743"}],"wp:featuredmedia":[{"embeddable":true,"href":"https:\/\/www.imakeyousmile.se\/es\/wp-json\/wp\/v2\/media\/14654"}],"wp:attachment":[{"href":"https:\/\/www.imakeyousmile.se\/es\/wp-json\/wp\/v2\/media?parent=14643"}],"wp:term":[{"taxonomy":"category","embeddable":true,"href":"https:\/\/www.imakeyousmile.se\/es\/wp-json\/wp\/v2\/categories?post=14643"},{"taxonomy":"post_tag","embeddable":true,"href":"https:\/\/www.imakeyousmile.se\/es\/wp-json\/wp\/v2\/tags?post=14643"}],"curies":[{"name":"wp","href":"https:\/\/api.w.org\/{rel}","templated":true}]}}