{"id":1466,"date":"2011-06-08T11:37:00","date_gmt":"2011-06-08T09:37:00","guid":{"rendered":"http:\/\/www.imakeyousmile.se\/dampar-pa-min-kamera\/"},"modified":"2011-06-08T11:37:00","modified_gmt":"2011-06-08T09:37:00","slug":"dampar-pa-min-kamera","status":"publish","type":"post","link":"https:\/\/www.imakeyousmile.se\/es\/camara-dampar-pa-min\/","title":{"rendered":"Steam en mi c\u00e1mara"},"content":{"rendered":"<div style=\"clear: both; text-align: left;\">\u00a1Uf, qu\u00e9 molestia ha sido mi c\u00e1mara esta ma\u00f1ana! <em>(Nikon Coolpix s8000<\/em>)<\/div>\n<div style=\"clear: both; text-align: left;\"><\/div>\n<div style=\"clear: both; text-align: left;\">Algo ha salido mal <span style=\"font-size: x-large;\">el relampago<\/span>, y ni siquiera lo he tenido durante 3 meses ...<\/div>\n<div style=\"clear: both; text-align: left;\"><\/div>\n<div style=\"clear: both; text-align: center;\"><img decoding=\"async\" border=\"0\" height=\"400px\" src=\"http:\/\/3.bp.blogspot.com\/-I_zQNsxAP2U\/Te9PRBIF09I\/AAAAAAAAD8Q\/sUGD4ZpB1Ew\/s400\/DSCN2486.JPG\" t8=\"true\" width=\"300px\" \/><\/div>\n<div style=\"clear: both; text-align: center;\"><\/div>\n<div style=\"clear: both; text-align: center;\"><em>O las im\u00e1genes se vuelven tan oscuras.<\/em><\/div>\n<p><\/p>\n<div style=\"clear: both; text-align: center;\"><a href=\"http:\/\/2.bp.blogspot.com\/-XNy0QWJcbZU\/Te9PUJhLf2I\/AAAAAAAAD8U\/J-AGD__3xNg\/s1600\/DSCN2493.JPG\" style=\"margin-left: 1em; margin-right: 1em;\"><img decoding=\"async\" border=\"0\" height=\"400px\" src=\"http:\/\/2.bp.blogspot.com\/-XNy0QWJcbZU\/Te9PUJhLf2I\/AAAAAAAAD8U\/J-AGD__3xNg\/s400\/DSCN2493.JPG\" t8=\"true\" width=\"300px\" \/><\/a><\/div>\n<div style=\"clear: both; text-align: center;\"><\/div>\n<div style=\"clear: both; text-align: center;\"><em>O tan brillante ...<\/em><\/div>\n<p>Ha sido ruidoso durante un tiempo, pero al principio era solo una imagen que a veces se volv\u00eda as\u00ed.<\/p>\n<p>Pero hoy tom\u00e9 foto tras foto tras foto <span style=\"font-size: x-large;\">por imagen<\/span>, Y funcion\u00f3 <u>Nunca<\/u>!<\/p>\n<div style=\"text-align: center;\"><span style=\"font-size: x-large;\">Ugh que enojado me pongo ...<\/span><\/div>","protected":false},"excerpt":{"rendered":"<p>Usch vilket irritationsmoment min kamera har varit den h\u00e4r morgonen! (Nikon Coolpix s8000) N\u00e5gonting har blivit galet med blixten, och jag har inte ens haft den i 3 m\u00e5nader&#8230; Antingen blir bilderna s\u00e5h\u00e4r m\u00f6rka. Eller s\u00e5h\u00e4r ljusa&#8230; Den har varit br\u00e5kig ett tag nu, men i b\u00f6rjan var det bara n\u00e5gon bild ibland som blev [&hellip;]<\/p>\n","protected":false},"author":30,"featured_media":0,"comment_status":"open","ping_status":"open","sticky":false,"template":"","format":"standard","meta":{"footnotes":""},"categories":[3],"tags":[],"class_list":["post-1466","post","type-post","status-publish","format-standard","hentry","category-allmant"],"yoast_head":"<!-- This site is optimized with the Yoast SEO Premium plugin v14.9 - https:\/\/yoast.com\/wordpress\/plugins\/seo\/ -->\n<meta name=\"description\" content=\"Dampar p\u00e5 min kamera | Helena Amiley - H\u00e4r hittar du senaste infromation om sk\u00f6nhet, livsstil, entrepren\u00f6rskap, makeup &amp; tips.\" \/>\n<meta name=\"robots\" content=\"index, follow, max-snippet:-1, max-image-preview:large, max-video-preview:-1\" \/>\n<link rel=\"canonical\" href=\"https:\/\/www.imakeyousmile.se\/es\/dampar-pa-min-kamera\/\" \/>\n<meta property=\"og:locale\" content=\"es_ES\" \/>\n<meta property=\"og:type\" content=\"article\" \/>\n<meta property=\"og:title\" content=\"Dampar p\u00e5 min kamera | Imakeyousmile.se\" \/>\n<meta property=\"og:description\" content=\"Dampar p\u00e5 min kamera | Helena Amiley - H\u00e4r hittar du senaste infromation om sk\u00f6nhet, livsstil, entrepren\u00f6rskap, makeup &amp; tips.\" \/>\n<meta property=\"og:url\" content=\"https:\/\/www.imakeyousmile.se\/es\/dampar-pa-min-kamera\/\" \/>\n<meta property=\"og:site_name\" content=\"Imakeyousmile.se\" \/>\n<meta property=\"article:author\" content=\"https:\/\/www.facebook.com\/imakeyousmile.se\" \/>\n<meta property=\"article:published_time\" content=\"2011-06-08T09:37:00+00:00\" \/>\n<meta property=\"og:image\" content=\"http:\/\/3.bp.blogspot.com\/-I_zQNsxAP2U\/Te9PRBIF09I\/AAAAAAAAD8Q\/sUGD4ZpB1Ew\/s400\/DSCN2486.JPG\" \/>\n<meta name=\"twitter:card\" content=\"summary_large_image\" \/>\n<script type=\"application\/ld+json\" class=\"yoast-schema-graph\">{\"@context\":\"https:\/\/schema.org\",\"@graph\":[{\"@type\":\"Organization\",\"@id\":\"https:\/\/www.imakeyousmile.se\/es\/#organization\",\"name\":\"Imakeyousmile\",\"url\":\"https:\/\/www.imakeyousmile.se\/es\/\",\"sameAs\":[],\"logo\":{\"@type\":\"ImageObject\",\"@id\":\"https:\/\/www.imakeyousmile.se\/es\/#logo\",\"inLanguage\":\"es\",\"url\":\"https:\/\/www.imakeyousmile.se\/wp-content\/uploads\/2020\/10\/HELENA-AMILEY_SVART-1-e1603367975324.png\",\"width\":280,\"height\":93,\"caption\":\"Imakeyousmile\"},\"image\":{\"@id\":\"https:\/\/www.imakeyousmile.se\/es\/#logo\"}},{\"@type\":\"WebSite\",\"@id\":\"https:\/\/www.imakeyousmile.se\/es\/#website\",\"url\":\"https:\/\/www.imakeyousmile.se\/es\/\",\"name\":\"Imakeyousmile.se\",\"description\":\"Helena Amiley - Beauty, Entrepreneur, Lifestyle\",\"publisher\":{\"@id\":\"https:\/\/www.imakeyousmile.se\/es\/#organization\"},\"potentialAction\":[{\"@type\":\"SearchAction\",\"target\":\"https:\/\/www.imakeyousmile.se\/es\/?s={search_term_string}\",\"query-input\":\"required name=search_term_string\"}],\"inLanguage\":\"es\"},{\"@type\":\"ImageObject\",\"@id\":\"https:\/\/www.imakeyousmile.se\/dampar-pa-min-kamera\/#primaryimage\",\"inLanguage\":\"es\",\"url\":\"http:\/\/3.bp.blogspot.com\/-I_zQNsxAP2U\/Te9PRBIF09I\/AAAAAAAAD8Q\/sUGD4ZpB1Ew\/s400\/DSCN2486.JPG\"},{\"@type\":\"WebPage\",\"@id\":\"https:\/\/www.imakeyousmile.se\/dampar-pa-min-kamera\/#webpage\",\"url\":\"https:\/\/www.imakeyousmile.se\/dampar-pa-min-kamera\/\",\"name\":\"Dampar p\\u00e5 min kamera | Imakeyousmile.se\",\"isPartOf\":{\"@id\":\"https:\/\/www.imakeyousmile.se\/es\/#website\"},\"primaryImageOfPage\":{\"@id\":\"https:\/\/www.imakeyousmile.se\/dampar-pa-min-kamera\/#primaryimage\"},\"datePublished\":\"2011-06-08T09:37:00+00:00\",\"dateModified\":\"2011-06-08T09:37:00+00:00\",\"description\":\"Dampar p\\u00e5 min kamera | Helena Amiley - H\\u00e4r hittar du senaste infromation om sk\\u00f6nhet, livsstil, entrepren\\u00f6rskap, makeup & tips.\",\"inLanguage\":\"es\",\"potentialAction\":[{\"@type\":\"ReadAction\",\"target\":[\"https:\/\/www.imakeyousmile.se\/dampar-pa-min-kamera\/\"]}]},{\"@type\":\"Article\",\"@id\":\"https:\/\/www.imakeyousmile.se\/dampar-pa-min-kamera\/#article\",\"isPartOf\":{\"@id\":\"https:\/\/www.imakeyousmile.se\/dampar-pa-min-kamera\/#webpage\"},\"author\":{\"@id\":\"https:\/\/www.imakeyousmile.se\/es\/#\/schema\/person\/b0fd43b1c6bb1c60cfd68bff9b4a10fb\"},\"headline\":\"Dampar p\\u00e5 min kamera\",\"datePublished\":\"2011-06-08T09:37:00+00:00\",\"dateModified\":\"2011-06-08T09:37:00+00:00\",\"mainEntityOfPage\":{\"@id\":\"https:\/\/www.imakeyousmile.se\/dampar-pa-min-kamera\/#webpage\"},\"commentCount\":0,\"publisher\":{\"@id\":\"https:\/\/www.imakeyousmile.se\/es\/#organization\"},\"image\":{\"@id\":\"https:\/\/www.imakeyousmile.se\/dampar-pa-min-kamera\/#primaryimage\"},\"articleSection\":\"\\u00d6vrigt\",\"inLanguage\":\"es\",\"potentialAction\":[{\"@type\":\"CommentAction\",\"name\":\"Comment\",\"target\":[\"https:\/\/www.imakeyousmile.se\/dampar-pa-min-kamera\/#respond\"]}]},{\"@type\":\"Person\",\"@id\":\"https:\/\/www.imakeyousmile.se\/es\/#\/schema\/person\/b0fd43b1c6bb1c60cfd68bff9b4a10fb\",\"name\":\"Helena Amiley\",\"image\":{\"@type\":\"ImageObject\",\"@id\":\"https:\/\/www.imakeyousmile.se\/es\/#personlogo\",\"inLanguage\":\"es\",\"url\":\"https:\/\/secure.gravatar.com\/avatar\/5645558e1e355457a23368d7e1b4c904?s=96&d=mm&r=g\",\"caption\":\"Helena Amiley\"},\"description\":\"Jag skriver mest om sk\\u00f6nhet men bjuder \\u00e4ven p\\u00e5 glimtar fr\\u00e5n entrepren\\u00f6rlivet och bygget av v\\u00e5r egen camper van. Vanlife here we come!\",\"sameAs\":[\"https:\/\/www.facebook.com\/imakeyousmile.se\",\"https:\/\/www.instagram.com\/helenaamiley\",\"https:\/\/www.youtube.com\/channel\/UCR5iB6rvpV6Yr8ZjpQfr5mg?view_as=subscriber\"]}]}<\/script>\n<!-- \/ Yoast SEO Premium plugin. -->","_links":{"self":[{"href":"https:\/\/www.imakeyousmile.se\/es\/wp-json\/wp\/v2\/posts\/1466"}],"collection":[{"href":"https:\/\/www.imakeyousmile.se\/es\/wp-json\/wp\/v2\/posts"}],"about":[{"href":"https:\/\/www.imakeyousmile.se\/es\/wp-json\/wp\/v2\/types\/post"}],"author":[{"embeddable":true,"href":"https:\/\/www.imakeyousmile.se\/es\/wp-json\/wp\/v2\/users\/30"}],"replies":[{"embeddable":true,"href":"https:\/\/www.imakeyousmile.se\/es\/wp-json\/wp\/v2\/comments?post=1466"}],"version-history":[{"count":0,"href":"https:\/\/www.imakeyousmile.se\/es\/wp-json\/wp\/v2\/posts\/1466\/revisions"}],"wp:attachment":[{"href":"https:\/\/www.imakeyousmile.se\/es\/wp-json\/wp\/v2\/media?parent=1466"}],"wp:term":[{"taxonomy":"category","embeddable":true,"href":"https:\/\/www.imakeyousmile.se\/es\/wp-json\/wp\/v2\/categories?post=1466"},{"taxonomy":"post_tag","embeddable":true,"href":"https:\/\/www.imakeyousmile.se\/es\/wp-json\/wp\/v2\/tags?post=1466"}],"curies":[{"name":"wp","href":"https:\/\/api.w.org\/{rel}","templated":true}]}}