{"id":1468,"date":"2011-06-07T21:37:00","date_gmt":"2011-06-07T19:37:00","guid":{"rendered":"http:\/\/www.imakeyousmile.se\/sommarsminkning-4\/"},"modified":"2014-08-16T09:24:32","modified_gmt":"2014-08-16T07:24:32","slug":"sommarsminkning-4","status":"publish","type":"post","link":"https:\/\/www.imakeyousmile.se\/es\/maquillaje-de-verano-4-2\/","title":{"rendered":"Maquillaje de verano"},"content":{"rendered":"<div style=\"clear: both; text-align: left;\">Realmente no quiero llamar a ning\u00fan maquillaje en todo el verano. Porque en verano deber\u00edas ser como yo he sido todo el d\u00eda <span style=\"font-size: x-large;\">sin barnizar<\/span>!<\/div>\n<div style=\"clear: both; text-align: left;\"><\/div>\n<div style=\"clear: both; text-align: left;\">Tan celestialmente agradable, y as\u00ed te pones tan agradable <span style=\"font-size: x-large;\">rubor natural<\/span> cuando te pone un poco de sol en la cara :)<\/div>\n<div style=\"clear: both; text-align: left;\"><\/div>\n<div style=\"clear: both; text-align: left;\">Pero esta noche sent\u00ed tantas ganas de maquillarme que tuve que maquillarme de todos modos, \u00a1aunque pronto dormir\u00e9!<\/div>\n<div style=\"clear: both; text-align: left;\"><\/div>\n<div style=\"clear: both; text-align: left;\">Y luego estaba este maquillaje &quot;veraniego&quot;:<\/div>\n<div style=\"clear: both; text-align: center;\"><\/div>\n<div style=\"clear: both; text-align: center;\"><a style=\"margin-left: 1em; margin-right: 1em;\" href=\"http:\/\/2.bp.blogspot.com\/-KEN-qgWnvsg\/Te6F91nT5ZI\/AAAAAAAAD8E\/OZRrRjkmm4g\/s1600\/DSC_0586.JPG\"><img decoding=\"async\" src=\"http:\/\/2.bp.blogspot.com\/-KEN-qgWnvsg\/Te6F91nT5ZI\/AAAAAAAAD8E\/OZRrRjkmm4g\/s320\/DSC_0586.JPG\" alt=\"\" width=\"309px\" height=\"320px\" border=\"0\" \/><\/a><\/div>\n<div style=\"clear: both; text-align: center;\">La imagen casi parece <em>para\u00a0<\/em>photoshopeado. A menudo refiero los colores para que se parezcan m\u00e1s a la realidad. Pero en realidad no he hecho m\u00e1s que eso<span style=\"font-size: x-large;\"> iluminado<\/span> esta foto, jaja!<\/div>\n<div style=\"clear: both; text-align: center;\"><\/div>\n<div style=\"clear: both; text-align: center;\">De todos modos :) Este maquillaje acaba de terminar con <span style=\"font-size: large;\">La paleta de H&amp;M<\/span>.<\/div>\n<div style=\"clear: both; text-align: center;\"><\/div>\n<div style=\"clear: both; text-align: center;\"><span style=\"color: #999999; font-size: large;\">Blanco<\/span> sombra de ojos en la parte interna del p\u00e1rpado y en la esquina del ojo.<\/div>\n<div style=\"clear: both; text-align: center;\"><span style=\"color: #e69138; font-size: large;\"><strong>marr\u00f3n dorado<\/strong><\/span> sombra de ojos en la parte inferior del resto del p\u00e1rpado.<\/div>\n<div style=\"clear: both; text-align: center;\"><span style=\"color: #783f04; font-size: large;\"><strong>marr\u00f3n<\/strong><\/span> sombra de ojos al final del p\u00e1rpado y a lo largo de la l\u00ednea del globo.<\/div>\n<div style=\"clear: both; text-align: center;\"><span style=\"color: #93c47d; font-size: large;\"><strong>Gr\u00f6nturkos<\/strong><\/span> sombra <span style=\"text-decoration: underline;\">interior<\/span> en la l\u00ednea de las pesta\u00f1as inferiores.<\/div>\n<div style=\"clear: both; text-align: center;\"><span style=\"color: #6fa8dc; font-size: large;\"><strong>Azul claro<\/strong><\/span> sombra de ojos en <span style=\"text-decoration: underline;\">medio<\/span> de la l\u00ednea de las pesta\u00f1as inferiores.<\/div>\n<div style=\"clear: both; text-align: center;\"><span style=\"color: #0b5394; font-size: large;\"><strong>Azul<\/strong><\/span> sombra <span style=\"text-decoration: underline;\">por \u00faltimo<\/span> en la l\u00ednea de las pesta\u00f1as inferiores.<\/div>\n<div style=\"clear: both; text-align: center;\"><\/div>\n<div style=\"clear: both; text-align: center;\">El maquillaje puede escribir <span style=\"font-size: x-large;\">cortar<\/span> un poco, y parece que el p\u00e1rpado y la l\u00ednea de las pesta\u00f1as inferiores no encajan realmente. Que ser\u00e1n como 2 maquillajes diferentes.<\/div>\n<div style=\"clear: both; text-align: center;\"><\/div>\n<div style=\"clear: both; text-align: center;\">Pero <span style=\"font-size: x-large;\">arreglado f\u00e1cilmente<\/span> primero difuminando el blanco en la esquina del ojo hacia la l\u00ednea interior de las pesta\u00f1as, donde pones una <span style=\"color: #999999; font-size: x-large;\">vit kajalpenna<\/span>.<\/div>\n<div style=\"clear: both; text-align: center;\"><\/div>\n<div style=\"clear: both; text-align: center;\">Y luego agrega <strong><span style=\"font-size: x-large;\">delineador de ojos negro<\/span><\/strong> en la parte superior de la l\u00ednea de las pesta\u00f1as superiores y hacia abajo en la mitad de la l\u00ednea de las pesta\u00f1as inferiores. \u00a1Luego &quot;ata&quot; el maquillaje all\u00ed tambi\u00e9n!<\/div>\n<div style=\"clear: both; text-align: center;\"><\/div>\n<div style=\"clear: both; text-align: center;\"><a style=\"margin-left: 1em; margin-right: 1em;\" href=\"http:\/\/2.bp.blogspot.com\/-H8fKed233D0\/Te6GANRrDKI\/AAAAAAAAD8I\/nVL0zKozwLc\/s1600\/DSC_0595.JPG\"><img decoding=\"async\" src=\"http:\/\/2.bp.blogspot.com\/-H8fKed233D0\/Te6GANRrDKI\/AAAAAAAAD8I\/nVL0zKozwLc\/s640\/DSC_0595.JPG\" alt=\"\" width=\"458px\" height=\"640px\" border=\"0\" \/><\/a><\/div>\n<p>Oh, qu\u00e9 hora era mucho ... Yo, que ten\u00eda la intenci\u00f3n de salir y <span style=\"font-size: x-large;\">correr <\/span>\u00a1la pista! \u00bfAunque quiz\u00e1s sea m\u00e1s saludable irse a la cama a tiempo? Jajaja<\/p>\n<p>Por cierto, me tom\u00e9 fotos en bikini despu\u00e9s de las vacaciones de Navidad y pens\u00e9 que ser\u00eda divertido tener <span style=\"font-size: x-large;\">fotos de antes y despu\u00e9s<\/span> para verano.<\/p>\n<p>Tom\u00e9 nuevas fotos hoy y las compar\u00e9, y en realidad es <span style=\"font-size: x-large;\">diferencia<\/span>!! Entonces te pusiste un poco feliz :)<\/p>\n<p>As\u00ed que b\u00e1sicamente puedo decir que estoy feliz con mi &quot;cuerpo de playa&quot; ahora as\u00ed cuando ha comenzado el verano. \u00a1Es agradable!<\/p>\n<div style=\"text-align: center;\"><span style=\"font-size: x-large;\">Ahora definitivamente voy a remar en un bote.<\/span><\/div>\n<div style=\"text-align: center;\"><span style=\"font-size: x-large;\">\u00a1Qu\u00e9 aventura! <\/span><span style=\"font-size: large;\">:)<\/span><\/div>","protected":false},"excerpt":{"rendered":"<p>Egentligen vill jag inte kalla n\u00e5gon sminkning alls f\u00f6r sommarsminkning. F\u00f6r p\u00e5 sommaren ska man vara som jag har varit hela dagen, osminkad! S\u00e5 himla sk\u00f6nt, och s\u00e5 man f\u00e5r ju s\u00e5 fin naturlig rouge n\u00e4r man f\u00e5r lite sol i ansiktet :) Men nu p\u00e5 kv\u00e4llen fick jag s\u00e5nt sminksug att jag var tvungen [&hellip;]<\/p>\n","protected":false},"author":30,"featured_media":0,"comment_status":"open","ping_status":"open","sticky":false,"template":"","format":"standard","meta":{"footnotes":""},"categories":[3],"tags":[],"class_list":["post-1468","post","type-post","status-publish","format-standard","hentry","category-allmant"],"yoast_head":"<!-- This site is optimized with the Yoast SEO Premium plugin v14.9 - https:\/\/yoast.com\/wordpress\/plugins\/seo\/ -->\n<meta name=\"description\" content=\"Sommarsminkning | Helena Amiley - H\u00e4r hittar du senaste infromation om sk\u00f6nhet, livsstil, entrepren\u00f6rskap, makeup &amp; tips.\" \/>\n<meta name=\"robots\" content=\"index, follow, max-snippet:-1, max-image-preview:large, max-video-preview:-1\" \/>\n<link rel=\"canonical\" href=\"https:\/\/www.imakeyousmile.se\/es\/sommarsminkning-4\/\" \/>\n<meta property=\"og:locale\" content=\"es_ES\" \/>\n<meta property=\"og:type\" content=\"article\" \/>\n<meta property=\"og:title\" content=\"Sommarsminkning | Imakeyousmile.se\" \/>\n<meta property=\"og:description\" content=\"Sommarsminkning | Helena Amiley - H\u00e4r hittar du senaste infromation om sk\u00f6nhet, livsstil, entrepren\u00f6rskap, makeup &amp; tips.\" \/>\n<meta property=\"og:url\" content=\"https:\/\/www.imakeyousmile.se\/es\/sommarsminkning-4\/\" \/>\n<meta property=\"og:site_name\" content=\"Imakeyousmile.se\" \/>\n<meta property=\"article:author\" content=\"https:\/\/www.facebook.com\/imakeyousmile.se\" \/>\n<meta property=\"article:published_time\" content=\"2011-06-07T19:37:00+00:00\" \/>\n<meta property=\"article:modified_time\" content=\"2014-08-16T07:24:32+00:00\" \/>\n<meta property=\"og:image\" content=\"http:\/\/2.bp.blogspot.com\/-KEN-qgWnvsg\/Te6F91nT5ZI\/AAAAAAAAD8E\/OZRrRjkmm4g\/s320\/DSC_0586.JPG\" \/>\n<meta name=\"twitter:card\" content=\"summary_large_image\" \/>\n<script type=\"application\/ld+json\" class=\"yoast-schema-graph\">{\"@context\":\"https:\/\/schema.org\",\"@graph\":[{\"@type\":\"Organization\",\"@id\":\"https:\/\/www.imakeyousmile.se\/es\/#organization\",\"name\":\"Imakeyousmile\",\"url\":\"https:\/\/www.imakeyousmile.se\/es\/\",\"sameAs\":[],\"logo\":{\"@type\":\"ImageObject\",\"@id\":\"https:\/\/www.imakeyousmile.se\/es\/#logo\",\"inLanguage\":\"es\",\"url\":\"https:\/\/www.imakeyousmile.se\/wp-content\/uploads\/2020\/10\/HELENA-AMILEY_SVART-1-e1603367975324.png\",\"width\":280,\"height\":93,\"caption\":\"Imakeyousmile\"},\"image\":{\"@id\":\"https:\/\/www.imakeyousmile.se\/es\/#logo\"}},{\"@type\":\"WebSite\",\"@id\":\"https:\/\/www.imakeyousmile.se\/es\/#website\",\"url\":\"https:\/\/www.imakeyousmile.se\/es\/\",\"name\":\"Imakeyousmile.se\",\"description\":\"Helena Amiley - Beauty, Entrepreneur, Lifestyle\",\"publisher\":{\"@id\":\"https:\/\/www.imakeyousmile.se\/es\/#organization\"},\"potentialAction\":[{\"@type\":\"SearchAction\",\"target\":\"https:\/\/www.imakeyousmile.se\/es\/?s={search_term_string}\",\"query-input\":\"required name=search_term_string\"}],\"inLanguage\":\"es\"},{\"@type\":\"ImageObject\",\"@id\":\"https:\/\/www.imakeyousmile.se\/sommarsminkning-4\/#primaryimage\",\"inLanguage\":\"es\",\"url\":\"http:\/\/2.bp.blogspot.com\/-KEN-qgWnvsg\/Te6F91nT5ZI\/AAAAAAAAD8E\/OZRrRjkmm4g\/s320\/DSC_0586.JPG\"},{\"@type\":\"WebPage\",\"@id\":\"https:\/\/www.imakeyousmile.se\/sommarsminkning-4\/#webpage\",\"url\":\"https:\/\/www.imakeyousmile.se\/sommarsminkning-4\/\",\"name\":\"Sommarsminkning | Imakeyousmile.se\",\"isPartOf\":{\"@id\":\"https:\/\/www.imakeyousmile.se\/es\/#website\"},\"primaryImageOfPage\":{\"@id\":\"https:\/\/www.imakeyousmile.se\/sommarsminkning-4\/#primaryimage\"},\"datePublished\":\"2011-06-07T19:37:00+00:00\",\"dateModified\":\"2014-08-16T07:24:32+00:00\",\"description\":\"Sommarsminkning | Helena Amiley - H\\u00e4r hittar du senaste infromation om sk\\u00f6nhet, livsstil, entrepren\\u00f6rskap, makeup & tips.\",\"inLanguage\":\"es\",\"potentialAction\":[{\"@type\":\"ReadAction\",\"target\":[\"https:\/\/www.imakeyousmile.se\/sommarsminkning-4\/\"]}]},{\"@type\":\"Article\",\"@id\":\"https:\/\/www.imakeyousmile.se\/sommarsminkning-4\/#article\",\"isPartOf\":{\"@id\":\"https:\/\/www.imakeyousmile.se\/sommarsminkning-4\/#webpage\"},\"author\":{\"@id\":\"https:\/\/www.imakeyousmile.se\/es\/#\/schema\/person\/b0fd43b1c6bb1c60cfd68bff9b4a10fb\"},\"headline\":\"Sommarsminkning\",\"datePublished\":\"2011-06-07T19:37:00+00:00\",\"dateModified\":\"2014-08-16T07:24:32+00:00\",\"mainEntityOfPage\":{\"@id\":\"https:\/\/www.imakeyousmile.se\/sommarsminkning-4\/#webpage\"},\"commentCount\":0,\"publisher\":{\"@id\":\"https:\/\/www.imakeyousmile.se\/es\/#organization\"},\"image\":{\"@id\":\"https:\/\/www.imakeyousmile.se\/sommarsminkning-4\/#primaryimage\"},\"articleSection\":\"\\u00d6vrigt\",\"inLanguage\":\"es\",\"potentialAction\":[{\"@type\":\"CommentAction\",\"name\":\"Comment\",\"target\":[\"https:\/\/www.imakeyousmile.se\/sommarsminkning-4\/#respond\"]}]},{\"@type\":\"Person\",\"@id\":\"https:\/\/www.imakeyousmile.se\/es\/#\/schema\/person\/b0fd43b1c6bb1c60cfd68bff9b4a10fb\",\"name\":\"Helena Amiley\",\"image\":{\"@type\":\"ImageObject\",\"@id\":\"https:\/\/www.imakeyousmile.se\/es\/#personlogo\",\"inLanguage\":\"es\",\"url\":\"https:\/\/secure.gravatar.com\/avatar\/5645558e1e355457a23368d7e1b4c904?s=96&d=mm&r=g\",\"caption\":\"Helena Amiley\"},\"description\":\"Jag skriver mest om sk\\u00f6nhet men bjuder \\u00e4ven p\\u00e5 glimtar fr\\u00e5n entrepren\\u00f6rlivet och bygget av v\\u00e5r egen camper van. Vanlife here we come!\",\"sameAs\":[\"https:\/\/www.facebook.com\/imakeyousmile.se\",\"https:\/\/www.instagram.com\/helenaamiley\",\"https:\/\/www.youtube.com\/channel\/UCR5iB6rvpV6Yr8ZjpQfr5mg?view_as=subscriber\"]}]}<\/script>\n<!-- \/ Yoast SEO Premium plugin. -->","_links":{"self":[{"href":"https:\/\/www.imakeyousmile.se\/es\/wp-json\/wp\/v2\/posts\/1468"}],"collection":[{"href":"https:\/\/www.imakeyousmile.se\/es\/wp-json\/wp\/v2\/posts"}],"about":[{"href":"https:\/\/www.imakeyousmile.se\/es\/wp-json\/wp\/v2\/types\/post"}],"author":[{"embeddable":true,"href":"https:\/\/www.imakeyousmile.se\/es\/wp-json\/wp\/v2\/users\/30"}],"replies":[{"embeddable":true,"href":"https:\/\/www.imakeyousmile.se\/es\/wp-json\/wp\/v2\/comments?post=1468"}],"version-history":[{"count":0,"href":"https:\/\/www.imakeyousmile.se\/es\/wp-json\/wp\/v2\/posts\/1468\/revisions"}],"wp:attachment":[{"href":"https:\/\/www.imakeyousmile.se\/es\/wp-json\/wp\/v2\/media?parent=1468"}],"wp:term":[{"taxonomy":"category","embeddable":true,"href":"https:\/\/www.imakeyousmile.se\/es\/wp-json\/wp\/v2\/categories?post=1468"},{"taxonomy":"post_tag","embeddable":true,"href":"https:\/\/www.imakeyousmile.se\/es\/wp-json\/wp\/v2\/tags?post=1468"}],"curies":[{"name":"wp","href":"https:\/\/api.w.org\/{rel}","templated":true}]}}