{"id":1473,"date":"2011-06-03T16:51:00","date_gmt":"2011-06-03T14:51:00","guid":{"rendered":"http:\/\/www.imakeyousmile.se\/bla-guldig-och-svart-partysminkning\/"},"modified":"2014-08-16T09:51:18","modified_gmt":"2014-08-16T07:51:18","slug":"bla-guldig-och-svart-partysminkning","status":"publish","type":"post","link":"https:\/\/www.imakeyousmile.se\/es\/maquillaje-de-fiesta-bla-gold-and-black-party\/","title":{"rendered":"Maquillaje de fiesta azul, dorado y negro"},"content":{"rendered":"<div style=\"clear: both; text-align: left;\">Es incre\u00edblemente dif\u00edcil escribir publicaciones de blog al mismo tiempo que cantas loco &quot;<em>Fredrik y yo.<\/em>&#8221;<\/div>\n<div style=\"clear: both; text-align: left;\"><\/div>\n<div style=\"clear: both; text-align: left;\">Una canci\u00f3n divertida y enferma que realmente es <span style=\"font-size: x-large;\">nostalgia<\/span> \u00a1escuchar! <a href=\"http:\/\/www.youtube.com\/watch?v=J4HH6FDwj5Q&amp;feature=related\"><strong><span style=\"color: red;\">Escucha esto<\/span><\/strong><\/a><\/div>\n<div style=\"clear: both; text-align: left;\"><\/div>\n<div style=\"clear: both; text-align: left;\">En aproximadamente una hora me voy a casa con la hermana Linda, tal vez comiendo buena comida y jugando. De Verdad <span style=\"font-size: x-large;\">bonito<\/span> \u00a1ser\u00e1!<\/div>\n<div style=\"clear: both; text-align: left;\"><\/div>\n<div style=\"clear: both; text-align: left;\">Tambi\u00e9n me arregl\u00e9 un poco bien :) Aqu\u00ed est\u00e1 el maquillaje de hoy:<\/div>\n<div style=\"clear: both; text-align: center;\"><\/div>\n<div style=\"clear: both; text-align: center;\"><a style=\"margin-left: 1em; margin-right: 1em;\" href=\"http:\/\/4.bp.blogspot.com\/-CXJjwn2UCgA\/Tej-J0WUwGI\/AAAAAAAAD7k\/_goazzmdRPI\/s1600\/DSC_0013.JPG\"><img loading=\"lazy\" decoding=\"async\" src=\"http:\/\/4.bp.blogspot.com\/-CXJjwn2UCgA\/Tej-J0WUwGI\/AAAAAAAAD7k\/_goazzmdRPI\/s320\/DSC_0013.JPG\" alt=\"\" width=\"320\" height=\"290\" border=\"0\" \/><\/a><\/div>\n<div style=\"clear: both; text-align: center;\"><em>(Toda la sombra de ojos es de<\/em> <em><span style=\"text-decoration: underline;\">88 paletas<\/span>, \u00a1Fue hace mucho tiempo!<\/em>)<\/div>\n<div style=\"clear: both; text-align: center;\"><\/div>\n<div style=\"clear: both; text-align: center;\"><span style=\"color: #999999; font-size: large;\">Blanco<\/span> sombra de ojos en el interior del p\u00e1rpado, en el rabillo del ojo y debajo de la ceja.<\/div>\n<div style=\"clear: both; text-align: center;\"><span style=\"color: #e69138; font-size: large;\"><strong>V\u00e1lido<\/strong><\/span> sombra de ojos en el medio del p\u00e1rpado.<\/div>\n<div style=\"clear: both; text-align: center;\"><span style=\"color: #0b5394; font-size: large;\"><strong>azul marino <\/strong><\/span>sombra de ojos al final del p\u00e1rpado y la l\u00ednea de las pesta\u00f1as inferiores.<\/div>\n<div style=\"clear: both; text-align: center;\"><span style=\"color: #444444; font-size: large;\"><strong>Gris negro<\/strong><\/span> sombra de ojos al final de la l\u00ednea de las pesta\u00f1as inferiores y a lo largo de la l\u00ednea del globo.<\/div>\n<div style=\"clear: both; text-align: center;\"><\/div>\n<div style=\"clear: both; text-align: center;\"><strong><span style=\"font-size: large;\">Negro<\/span><\/strong> delineador de ojos en la l\u00ednea interna y superior de las pesta\u00f1as, <em>H&amp;M.<\/em><\/div>\n<div style=\"clear: both; text-align: center;\"><\/div>\n<div style=\"clear: both; text-align: center;\"><a style=\"margin-left: 1em; margin-right: 1em;\" href=\"http:\/\/3.bp.blogspot.com\/-Q8qIdT-YRUI\/Tej_GPxs2lI\/AAAAAAAAD7o\/0tcv-qTnhFQ\/s1600\/DSC_0023.JPG\"><img loading=\"lazy\" decoding=\"async\" src=\"http:\/\/3.bp.blogspot.com\/-Q8qIdT-YRUI\/Tej_GPxs2lI\/AAAAAAAAD7o\/0tcv-qTnhFQ\/s640\/DSC_0023.JPG\" alt=\"\" width=\"466\" height=\"640\" border=\"0\" \/><\/a><\/div>\n<div style=\"clear: both; text-align: center;\">Tener una cosita de verdad <span style=\"font-size: large;\">Rosa oscuro<\/span> labios ahora. <em>Me encanta !!!<\/em><\/div>\n<div style=\"clear: both; text-align: center;\"><\/div>\n<p>No, ahora blire para escuchar uno <span style=\"font-size: x-large;\">\u00faltimo<\/span> una vez en Fredrik &amp; I, \u00a1luego tengo que arreglar lo \u00faltimo antes de que me recojan!<\/p>\n<div style=\"text-align: center;\"><span style=\"font-size: x-large;\">\u00a1Que tengan todos una maravillosa noche de viernes!<\/span><\/div>","protected":false},"excerpt":{"rendered":"<p>Det \u00e4r galet sv\u00e5rt att skriva blogginl\u00e4gg samtidigt som man tok-sjunger till &#8221;Fredrik &amp; jag&#8221; En rolig och sjuk l\u00e5t som verkligen \u00e4r nostalgi att lyssna p\u00e5! Lyssna p\u00e5 den h\u00e4r Om typ en timme ska jag hem till syster Linda, \u00e4ta mat kanske dricka lite gott och spela spel. Riktigt nice ska det bli! [&hellip;]<\/p>\n","protected":false},"author":30,"featured_media":0,"comment_status":"open","ping_status":"open","sticky":false,"template":"","format":"standard","meta":{"footnotes":""},"categories":[3],"tags":[],"class_list":["post-1473","post","type-post","status-publish","format-standard","hentry","category-allmant"],"yoast_head":"<!-- This site is optimized with the Yoast SEO Premium plugin v14.9 - https:\/\/yoast.com\/wordpress\/plugins\/seo\/ -->\n<meta name=\"description\" content=\"Bl\u00e5, guldig och svart partysminkning | Helena Amiley - H\u00e4r hittar du senaste infromation om sk\u00f6nhet, livsstil, entrepren\u00f6rskap, makeup &amp; tips.\" \/>\n<meta name=\"robots\" content=\"index, follow, max-snippet:-1, max-image-preview:large, max-video-preview:-1\" \/>\n<link rel=\"canonical\" href=\"https:\/\/www.imakeyousmile.se\/es\/bla-guldig-och-svart-partysminkning\/\" \/>\n<meta property=\"og:locale\" content=\"es_ES\" \/>\n<meta property=\"og:type\" content=\"article\" \/>\n<meta property=\"og:title\" content=\"Bl\u00e5, guldig och svart partysminkning | Imakeyousmile.se\" \/>\n<meta property=\"og:description\" content=\"Bl\u00e5, guldig och svart partysminkning | Helena Amiley - H\u00e4r hittar du senaste infromation om sk\u00f6nhet, livsstil, entrepren\u00f6rskap, makeup &amp; tips.\" \/>\n<meta property=\"og:url\" content=\"https:\/\/www.imakeyousmile.se\/es\/bla-guldig-och-svart-partysminkning\/\" \/>\n<meta property=\"og:site_name\" content=\"Imakeyousmile.se\" \/>\n<meta property=\"article:author\" content=\"https:\/\/www.facebook.com\/imakeyousmile.se\" \/>\n<meta property=\"article:published_time\" content=\"2011-06-03T14:51:00+00:00\" \/>\n<meta property=\"article:modified_time\" content=\"2014-08-16T07:51:18+00:00\" \/>\n<meta property=\"og:image\" content=\"http:\/\/4.bp.blogspot.com\/-CXJjwn2UCgA\/Tej-J0WUwGI\/AAAAAAAAD7k\/_goazzmdRPI\/s320\/DSC_0013.JPG\" \/>\n<meta name=\"twitter:card\" content=\"summary_large_image\" \/>\n<script type=\"application\/ld+json\" class=\"yoast-schema-graph\">{\"@context\":\"https:\/\/schema.org\",\"@graph\":[{\"@type\":\"Organization\",\"@id\":\"https:\/\/www.imakeyousmile.se\/es\/#organization\",\"name\":\"Imakeyousmile\",\"url\":\"https:\/\/www.imakeyousmile.se\/es\/\",\"sameAs\":[],\"logo\":{\"@type\":\"ImageObject\",\"@id\":\"https:\/\/www.imakeyousmile.se\/es\/#logo\",\"inLanguage\":\"es\",\"url\":\"https:\/\/www.imakeyousmile.se\/wp-content\/uploads\/2020\/10\/HELENA-AMILEY_SVART-1-e1603367975324.png\",\"width\":280,\"height\":93,\"caption\":\"Imakeyousmile\"},\"image\":{\"@id\":\"https:\/\/www.imakeyousmile.se\/es\/#logo\"}},{\"@type\":\"WebSite\",\"@id\":\"https:\/\/www.imakeyousmile.se\/es\/#website\",\"url\":\"https:\/\/www.imakeyousmile.se\/es\/\",\"name\":\"Imakeyousmile.se\",\"description\":\"Helena Amiley - Beauty, Entrepreneur, Lifestyle\",\"publisher\":{\"@id\":\"https:\/\/www.imakeyousmile.se\/es\/#organization\"},\"potentialAction\":[{\"@type\":\"SearchAction\",\"target\":\"https:\/\/www.imakeyousmile.se\/es\/?s={search_term_string}\",\"query-input\":\"required name=search_term_string\"}],\"inLanguage\":\"es\"},{\"@type\":\"ImageObject\",\"@id\":\"https:\/\/www.imakeyousmile.se\/bla-guldig-och-svart-partysminkning\/#primaryimage\",\"inLanguage\":\"es\",\"url\":\"http:\/\/4.bp.blogspot.com\/-CXJjwn2UCgA\/Tej-J0WUwGI\/AAAAAAAAD7k\/_goazzmdRPI\/s320\/DSC_0013.JPG\"},{\"@type\":\"WebPage\",\"@id\":\"https:\/\/www.imakeyousmile.se\/bla-guldig-och-svart-partysminkning\/#webpage\",\"url\":\"https:\/\/www.imakeyousmile.se\/bla-guldig-och-svart-partysminkning\/\",\"name\":\"Bl\\u00e5, guldig och svart partysminkning | Imakeyousmile.se\",\"isPartOf\":{\"@id\":\"https:\/\/www.imakeyousmile.se\/es\/#website\"},\"primaryImageOfPage\":{\"@id\":\"https:\/\/www.imakeyousmile.se\/bla-guldig-och-svart-partysminkning\/#primaryimage\"},\"datePublished\":\"2011-06-03T14:51:00+00:00\",\"dateModified\":\"2014-08-16T07:51:18+00:00\",\"description\":\"Bl\\u00e5, guldig och svart partysminkning | Helena Amiley - H\\u00e4r hittar du senaste infromation om sk\\u00f6nhet, livsstil, entrepren\\u00f6rskap, makeup & tips.\",\"inLanguage\":\"es\",\"potentialAction\":[{\"@type\":\"ReadAction\",\"target\":[\"https:\/\/www.imakeyousmile.se\/bla-guldig-och-svart-partysminkning\/\"]}]},{\"@type\":\"Article\",\"@id\":\"https:\/\/www.imakeyousmile.se\/bla-guldig-och-svart-partysminkning\/#article\",\"isPartOf\":{\"@id\":\"https:\/\/www.imakeyousmile.se\/bla-guldig-och-svart-partysminkning\/#webpage\"},\"author\":{\"@id\":\"https:\/\/www.imakeyousmile.se\/es\/#\/schema\/person\/b0fd43b1c6bb1c60cfd68bff9b4a10fb\"},\"headline\":\"Bl\\u00e5, guldig och svart partysminkning\",\"datePublished\":\"2011-06-03T14:51:00+00:00\",\"dateModified\":\"2014-08-16T07:51:18+00:00\",\"mainEntityOfPage\":{\"@id\":\"https:\/\/www.imakeyousmile.se\/bla-guldig-och-svart-partysminkning\/#webpage\"},\"commentCount\":0,\"publisher\":{\"@id\":\"https:\/\/www.imakeyousmile.se\/es\/#organization\"},\"image\":{\"@id\":\"https:\/\/www.imakeyousmile.se\/bla-guldig-och-svart-partysminkning\/#primaryimage\"},\"articleSection\":\"\\u00d6vrigt\",\"inLanguage\":\"es\",\"potentialAction\":[{\"@type\":\"CommentAction\",\"name\":\"Comment\",\"target\":[\"https:\/\/www.imakeyousmile.se\/bla-guldig-och-svart-partysminkning\/#respond\"]}]},{\"@type\":\"Person\",\"@id\":\"https:\/\/www.imakeyousmile.se\/es\/#\/schema\/person\/b0fd43b1c6bb1c60cfd68bff9b4a10fb\",\"name\":\"Helena Amiley\",\"image\":{\"@type\":\"ImageObject\",\"@id\":\"https:\/\/www.imakeyousmile.se\/es\/#personlogo\",\"inLanguage\":\"es\",\"url\":\"https:\/\/secure.gravatar.com\/avatar\/5645558e1e355457a23368d7e1b4c904?s=96&d=mm&r=g\",\"caption\":\"Helena Amiley\"},\"description\":\"Jag skriver mest om sk\\u00f6nhet men bjuder \\u00e4ven p\\u00e5 glimtar fr\\u00e5n entrepren\\u00f6rlivet och bygget av v\\u00e5r egen camper van. Vanlife here we come!\",\"sameAs\":[\"https:\/\/www.facebook.com\/imakeyousmile.se\",\"https:\/\/www.instagram.com\/helenaamiley\",\"https:\/\/www.youtube.com\/channel\/UCR5iB6rvpV6Yr8ZjpQfr5mg?view_as=subscriber\"]}]}<\/script>\n<!-- \/ Yoast SEO Premium plugin. -->","_links":{"self":[{"href":"https:\/\/www.imakeyousmile.se\/es\/wp-json\/wp\/v2\/posts\/1473"}],"collection":[{"href":"https:\/\/www.imakeyousmile.se\/es\/wp-json\/wp\/v2\/posts"}],"about":[{"href":"https:\/\/www.imakeyousmile.se\/es\/wp-json\/wp\/v2\/types\/post"}],"author":[{"embeddable":true,"href":"https:\/\/www.imakeyousmile.se\/es\/wp-json\/wp\/v2\/users\/30"}],"replies":[{"embeddable":true,"href":"https:\/\/www.imakeyousmile.se\/es\/wp-json\/wp\/v2\/comments?post=1473"}],"version-history":[{"count":0,"href":"https:\/\/www.imakeyousmile.se\/es\/wp-json\/wp\/v2\/posts\/1473\/revisions"}],"wp:attachment":[{"href":"https:\/\/www.imakeyousmile.se\/es\/wp-json\/wp\/v2\/media?parent=1473"}],"wp:term":[{"taxonomy":"category","embeddable":true,"href":"https:\/\/www.imakeyousmile.se\/es\/wp-json\/wp\/v2\/categories?post=1473"},{"taxonomy":"post_tag","embeddable":true,"href":"https:\/\/www.imakeyousmile.se\/es\/wp-json\/wp\/v2\/tags?post=1473"}],"curies":[{"name":"wp","href":"https:\/\/api.w.org\/{rel}","templated":true}]}}