{"id":1474,"date":"2011-06-03T13:02:00","date_gmt":"2011-06-03T11:02:00","guid":{"rendered":"http:\/\/www.imakeyousmile.se\/sommaren-ar-kort\/"},"modified":"2011-06-03T13:02:00","modified_gmt":"2011-06-03T11:02:00","slug":"sommaren-ar-kort","status":"publish","type":"post","link":"https:\/\/www.imakeyousmile.se\/es\/verano-ar-tarjeta\/","title":{"rendered":"El verano es corto"},"content":{"rendered":"<p>Tumbado al aire libre con helado en la tumbona y m\u00fasica atronadora.<\/p>\n<div style=\"border-bottom: medium none; border-left: medium none; border-right: medium none; border-top: medium none;\">Quem\u00f3 un disco esta ma\u00f1ana, con solo misa<span style=\"font-size: x-large;\"> antiguo<\/span> canciones! No del todo mal;)<\/p>\n<p>Me maquillar\u00e1 m\u00e1s tarde, antes de que se lleve a la hermana que ofrecer\u00e1 la cena (!)<\/p><\/div>\n<div style=\"border-bottom: medium none; border-left: medium none; border-right: medium none; border-top: medium none;\"><\/div>\n<div style=\"border-bottom: medium none; border-left: medium none; border-right: medium none; border-top: medium none;\">Siempre y cuando ofrezca uno <span style=\"font-size: x-large;\">vieja foto de verano<\/span>!<\/div>\n<div style=\"border-bottom: medium none; border-left: medium none; border-right: medium none; border-top: medium none;\"><\/div>\n<div style=\"border-bottom: medium none; border-left: medium none; border-right: medium none; border-top: medium none; clear: both; text-align: center;\"><a href=\"http:\/\/1.bp.blogspot.com\/-gT2UCL6O1tk\/TejMlEoRRhI\/AAAAAAAAD7g\/A68Bss9Z9_0\/s1600\/CIMG1090.JPG\" style=\"margin-left: 1em; margin-right: 1em;\"><img loading=\"lazy\" decoding=\"async\" border=\"0\" height=\"400\" src=\"http:\/\/1.bp.blogspot.com\/-gT2UCL6O1tk\/TejMlEoRRhI\/AAAAAAAAD7g\/A68Bss9Z9_0\/s400\/CIMG1090.JPG\" t8=\"true\" width=\"300\" \/><\/a><\/div>\n<div style=\"border-bottom: medium none; border-left: medium none; border-right: medium none; border-top: medium none; clear: both; text-align: center;\"><\/div>\n<div style=\"border-bottom: medium none; border-left: medium none; border-right: medium none; border-top: medium none; clear: both; text-align: center;\"><span style=\"font-size: x-large;\">\u00a1Quieres volver a ser rubia!<\/span><\/div>\n<div style=\"border-bottom: medium none; border-left: medium none; border-right: medium none; border-top: medium none; clear: both; text-align: center;\"><\/div>\n<div style=\"border-bottom: medium none; border-left: medium none; border-right: medium none; border-top: medium none; clear: both; text-align: right;\"><em>Pero habr\u00e1 que esperar ...<\/em><\/div>","protected":false},"excerpt":{"rendered":"<p>Ligger ute och glassar i solstolen och dunkar musik. Br\u00e4nde en skiva i morse, med bara massa gamla l\u00e5tar! Inte helt fel ;) Ska sminka mig senare, innan det b\u00e4r iv\u00e4g till syrran som ska bjuda p\u00e5 middag (!) S\u00e5l\u00e4nge bjuder jag p\u00e5 en gammal sommarbild! Vill bli blond igen! Men det f\u00e5r v\u00e4nta&#8230;<\/p>","protected":false},"author":30,"featured_media":0,"comment_status":"open","ping_status":"open","sticky":false,"template":"","format":"standard","meta":{"footnotes":""},"categories":[3],"tags":[],"class_list":["post-1474","post","type-post","status-publish","format-standard","hentry","category-allmant"],"yoast_head":"<!-- This site is optimized with the Yoast SEO Premium plugin v14.9 - https:\/\/yoast.com\/wordpress\/plugins\/seo\/ -->\n<meta name=\"description\" content=\"Sommaren \u00e4r kort | Helena Amiley - H\u00e4r hittar du senaste infromation om sk\u00f6nhet, livsstil, entrepren\u00f6rskap, makeup &amp; tips.\" \/>\n<meta name=\"robots\" content=\"index, follow, max-snippet:-1, max-image-preview:large, max-video-preview:-1\" \/>\n<link rel=\"canonical\" href=\"https:\/\/www.imakeyousmile.se\/es\/sommaren-ar-kort\/\" \/>\n<meta property=\"og:locale\" content=\"es_ES\" \/>\n<meta property=\"og:type\" content=\"article\" \/>\n<meta property=\"og:title\" content=\"Sommaren \u00e4r kort | Imakeyousmile.se\" \/>\n<meta property=\"og:description\" content=\"Sommaren \u00e4r kort | Helena Amiley - H\u00e4r hittar du senaste infromation om sk\u00f6nhet, livsstil, entrepren\u00f6rskap, makeup &amp; tips.\" \/>\n<meta property=\"og:url\" content=\"https:\/\/www.imakeyousmile.se\/es\/sommaren-ar-kort\/\" \/>\n<meta property=\"og:site_name\" content=\"Imakeyousmile.se\" \/>\n<meta property=\"article:author\" content=\"https:\/\/www.facebook.com\/imakeyousmile.se\" \/>\n<meta property=\"article:published_time\" content=\"2011-06-03T11:02:00+00:00\" \/>\n<meta property=\"og:image\" content=\"http:\/\/1.bp.blogspot.com\/-gT2UCL6O1tk\/TejMlEoRRhI\/AAAAAAAAD7g\/A68Bss9Z9_0\/s400\/CIMG1090.JPG\" \/>\n<meta name=\"twitter:card\" content=\"summary_large_image\" \/>\n<script type=\"application\/ld+json\" class=\"yoast-schema-graph\">{\"@context\":\"https:\/\/schema.org\",\"@graph\":[{\"@type\":\"Organization\",\"@id\":\"https:\/\/www.imakeyousmile.se\/es\/#organization\",\"name\":\"Imakeyousmile\",\"url\":\"https:\/\/www.imakeyousmile.se\/es\/\",\"sameAs\":[],\"logo\":{\"@type\":\"ImageObject\",\"@id\":\"https:\/\/www.imakeyousmile.se\/es\/#logo\",\"inLanguage\":\"es\",\"url\":\"https:\/\/www.imakeyousmile.se\/wp-content\/uploads\/2020\/10\/HELENA-AMILEY_SVART-1-e1603367975324.png\",\"width\":280,\"height\":93,\"caption\":\"Imakeyousmile\"},\"image\":{\"@id\":\"https:\/\/www.imakeyousmile.se\/es\/#logo\"}},{\"@type\":\"WebSite\",\"@id\":\"https:\/\/www.imakeyousmile.se\/es\/#website\",\"url\":\"https:\/\/www.imakeyousmile.se\/es\/\",\"name\":\"Imakeyousmile.se\",\"description\":\"Helena Amiley - Beauty, Entrepreneur, Lifestyle\",\"publisher\":{\"@id\":\"https:\/\/www.imakeyousmile.se\/es\/#organization\"},\"potentialAction\":[{\"@type\":\"SearchAction\",\"target\":\"https:\/\/www.imakeyousmile.se\/es\/?s={search_term_string}\",\"query-input\":\"required name=search_term_string\"}],\"inLanguage\":\"es\"},{\"@type\":\"ImageObject\",\"@id\":\"https:\/\/www.imakeyousmile.se\/sommaren-ar-kort\/#primaryimage\",\"inLanguage\":\"es\",\"url\":\"http:\/\/1.bp.blogspot.com\/-gT2UCL6O1tk\/TejMlEoRRhI\/AAAAAAAAD7g\/A68Bss9Z9_0\/s400\/CIMG1090.JPG\"},{\"@type\":\"WebPage\",\"@id\":\"https:\/\/www.imakeyousmile.se\/sommaren-ar-kort\/#webpage\",\"url\":\"https:\/\/www.imakeyousmile.se\/sommaren-ar-kort\/\",\"name\":\"Sommaren \\u00e4r kort | Imakeyousmile.se\",\"isPartOf\":{\"@id\":\"https:\/\/www.imakeyousmile.se\/es\/#website\"},\"primaryImageOfPage\":{\"@id\":\"https:\/\/www.imakeyousmile.se\/sommaren-ar-kort\/#primaryimage\"},\"datePublished\":\"2011-06-03T11:02:00+00:00\",\"dateModified\":\"2011-06-03T11:02:00+00:00\",\"description\":\"Sommaren \\u00e4r kort | Helena Amiley - H\\u00e4r hittar du senaste infromation om sk\\u00f6nhet, livsstil, entrepren\\u00f6rskap, makeup & tips.\",\"inLanguage\":\"es\",\"potentialAction\":[{\"@type\":\"ReadAction\",\"target\":[\"https:\/\/www.imakeyousmile.se\/sommaren-ar-kort\/\"]}]},{\"@type\":\"Article\",\"@id\":\"https:\/\/www.imakeyousmile.se\/sommaren-ar-kort\/#article\",\"isPartOf\":{\"@id\":\"https:\/\/www.imakeyousmile.se\/sommaren-ar-kort\/#webpage\"},\"author\":{\"@id\":\"https:\/\/www.imakeyousmile.se\/es\/#\/schema\/person\/b0fd43b1c6bb1c60cfd68bff9b4a10fb\"},\"headline\":\"Sommaren \\u00e4r kort\",\"datePublished\":\"2011-06-03T11:02:00+00:00\",\"dateModified\":\"2011-06-03T11:02:00+00:00\",\"mainEntityOfPage\":{\"@id\":\"https:\/\/www.imakeyousmile.se\/sommaren-ar-kort\/#webpage\"},\"commentCount\":0,\"publisher\":{\"@id\":\"https:\/\/www.imakeyousmile.se\/es\/#organization\"},\"image\":{\"@id\":\"https:\/\/www.imakeyousmile.se\/sommaren-ar-kort\/#primaryimage\"},\"articleSection\":\"\\u00d6vrigt\",\"inLanguage\":\"es\",\"potentialAction\":[{\"@type\":\"CommentAction\",\"name\":\"Comment\",\"target\":[\"https:\/\/www.imakeyousmile.se\/sommaren-ar-kort\/#respond\"]}]},{\"@type\":\"Person\",\"@id\":\"https:\/\/www.imakeyousmile.se\/es\/#\/schema\/person\/b0fd43b1c6bb1c60cfd68bff9b4a10fb\",\"name\":\"Helena Amiley\",\"image\":{\"@type\":\"ImageObject\",\"@id\":\"https:\/\/www.imakeyousmile.se\/es\/#personlogo\",\"inLanguage\":\"es\",\"url\":\"https:\/\/secure.gravatar.com\/avatar\/5645558e1e355457a23368d7e1b4c904?s=96&d=mm&r=g\",\"caption\":\"Helena Amiley\"},\"description\":\"Jag skriver mest om sk\\u00f6nhet men bjuder \\u00e4ven p\\u00e5 glimtar fr\\u00e5n entrepren\\u00f6rlivet och bygget av v\\u00e5r egen camper van. Vanlife here we come!\",\"sameAs\":[\"https:\/\/www.facebook.com\/imakeyousmile.se\",\"https:\/\/www.instagram.com\/helenaamiley\",\"https:\/\/www.youtube.com\/channel\/UCR5iB6rvpV6Yr8ZjpQfr5mg?view_as=subscriber\"]}]}<\/script>\n<!-- \/ Yoast SEO Premium plugin. -->","_links":{"self":[{"href":"https:\/\/www.imakeyousmile.se\/es\/wp-json\/wp\/v2\/posts\/1474"}],"collection":[{"href":"https:\/\/www.imakeyousmile.se\/es\/wp-json\/wp\/v2\/posts"}],"about":[{"href":"https:\/\/www.imakeyousmile.se\/es\/wp-json\/wp\/v2\/types\/post"}],"author":[{"embeddable":true,"href":"https:\/\/www.imakeyousmile.se\/es\/wp-json\/wp\/v2\/users\/30"}],"replies":[{"embeddable":true,"href":"https:\/\/www.imakeyousmile.se\/es\/wp-json\/wp\/v2\/comments?post=1474"}],"version-history":[{"count":0,"href":"https:\/\/www.imakeyousmile.se\/es\/wp-json\/wp\/v2\/posts\/1474\/revisions"}],"wp:attachment":[{"href":"https:\/\/www.imakeyousmile.se\/es\/wp-json\/wp\/v2\/media?parent=1474"}],"wp:term":[{"taxonomy":"category","embeddable":true,"href":"https:\/\/www.imakeyousmile.se\/es\/wp-json\/wp\/v2\/categories?post=1474"},{"taxonomy":"post_tag","embeddable":true,"href":"https:\/\/www.imakeyousmile.se\/es\/wp-json\/wp\/v2\/tags?post=1474"}],"curies":[{"name":"wp","href":"https:\/\/api.w.org\/{rel}","templated":true}]}}