{"id":1483,"date":"2011-05-29T18:20:00","date_gmt":"2011-05-29T16:20:00","guid":{"rendered":"http:\/\/www.imakeyousmile.se\/svart-sotning\/"},"modified":"2014-08-11T19:45:26","modified_gmt":"2014-08-11T17:45:26","slug":"svart-sotning","status":"publish","type":"post","link":"https:\/\/www.imakeyousmile.se\/es\/barrido-negro\/","title":{"rendered":"Barrido negro"},"content":{"rendered":"<div style=\"clear: both; text-align: left;\">Aqu\u00ed hay una peque\u00f1a actualizaci\u00f3n sobre el maquillaje de ayer, \u00a1puedes ver en la publicaci\u00f3n anterior c\u00f3mo se ve\u00eda desde el principio! ;)<\/div>\n<div style=\"clear: both; text-align: center;\"><\/div>\n<div style=\"clear: both; text-align: center;\"><a style=\"margin-left: 1em; margin-right: 1em;\" href=\"http:\/\/1.bp.blogspot.com\/-YE3MOS3sJfw\/TeJ9B9d_Q6I\/AAAAAAAAD5w\/tGW4cfHFXP4\/s1600\/DSC_0041.JPG\"><img loading=\"lazy\" decoding=\"async\" src=\"http:\/\/1.bp.blogspot.com\/-YE3MOS3sJfw\/TeJ9B9d_Q6I\/AAAAAAAAD5w\/tGW4cfHFXP4\/s320\/DSC_0041.JPG\" alt=\"\" width=\"320\" height=\"279\" border=\"0\" \/><\/a><\/div>\n<div style=\"clear: both; text-align: center;\"><em>Muy f\u00e1cil de hacer tambi\u00e9n, solo hombre<span style=\"font-size: x-large;\"> borra<\/span> \u00a1apropiado!<\/em><\/div>\n<div style=\"clear: both; text-align: center;\"><\/div>\n<div style=\"clear: both; text-align: center;\"><strong><span style=\"font-size: large;\">Negro <\/span><\/strong>sombra de ojos en el p\u00e1rpado y al final de la l\u00ednea de las pesta\u00f1as inferiores, <em>180 palets.<\/em><\/div>\n<div style=\"clear: both; text-align: center;\"><span style=\"color: #666666; font-size: large;\"><strong>Plata brillante<\/strong><\/span> sobre ella y en la parte inferior de la l\u00ednea de las pesta\u00f1as inferiores<em>, 180 palets.<\/em><\/div>\n<div style=\"clear: both; text-align: center;\"><span style=\"color: #999999; font-size: large;\">Blanco<\/span> resaltador en el rabillo del ojo, <em>Isadora 35 Perlas.<\/em><\/div>\n<div style=\"clear: both; text-align: center;\"><\/div>\n<div style=\"clear: both; text-align: center;\">Delineador de ojos con purpurina en la esquina del ojo y en la parte inferior de la l\u00ednea de las pesta\u00f1as inferiores, <em>Viva la Diva.<\/em><\/div>\n<div style=\"clear: both; text-align: center;\"><a style=\"margin-left: 1em; margin-right: 1em;\" href=\"http:\/\/4.bp.blogspot.com\/-59x455_xV04\/TeJ9Cq9yJvI\/AAAAAAAAD50\/IeX6lspL16k\/s1600\/DSC_0053.JPG\"><img loading=\"lazy\" decoding=\"async\" src=\"http:\/\/4.bp.blogspot.com\/-59x455_xV04\/TeJ9Cq9yJvI\/AAAAAAAAD50\/IeX6lspL16k\/s640\/DSC_0053.JPG\" alt=\"\" width=\"454\" height=\"640\" border=\"0\" \/><\/a><\/div>\n<div style=\"clear: both; text-align: center;\">Probado mucho<span style=\"font-size: x-large;\"> labios brillantes<\/span> tambi\u00e9n, como muchos tienen que hacer un barrido negro. Es agradable en la mayor\u00eda de los que puedo pensar, pero nada para m\u00ed. Como mas que es un poco <span style=\"font-size: x-large;\">equilibrio<\/span> en el maquillaje!<\/div>\n<p>Ahora me lo tomar\u00e9 con calma y pasar\u00e9 una agradable velada. La F<span style=\"font-size: x-large;\">herbolarios<\/span> yo despu\u00e9s de este intenso fin de semana de trabajo!<\/p>\n<div style=\"text-align: center;\"><span style=\"font-size: x-large;\">\u00a1Nos vemos m\u00e1s tarde!<\/span><\/div>","protected":false},"excerpt":{"rendered":"<p>H\u00e4r kommer en liten update p\u00e5 g\u00e5rdagens sminkning, ni fick ju se i f\u00f6rra inl\u00e4gget hur den s\u00e5g ut fr\u00e5n b\u00f6rjan! ;) V\u00e4ldigt enkel att g\u00f6ra ocks\u00e5, bara man suddar ordentligt! Svart \u00f6gonskugga p\u00e5 \u00f6gonlocket och ytterst p\u00e5 undre fransraden, 180 paletten. Silver skimrig \u00f6ver det och innerst p\u00e5 undre fransradem, 180 paletten. Vit highlighter [&hellip;]<\/p>\n","protected":false},"author":30,"featured_media":0,"comment_status":"open","ping_status":"open","sticky":false,"template":"","format":"standard","meta":{"footnotes":""},"categories":[3],"tags":[],"class_list":["post-1483","post","type-post","status-publish","format-standard","hentry","category-allmant"],"yoast_head":"<!-- This site is optimized with the Yoast SEO Premium plugin v14.9 - https:\/\/yoast.com\/wordpress\/plugins\/seo\/ -->\n<meta name=\"description\" content=\"Svart sotning | Helena Amiley - H\u00e4r hittar du senaste infromation om sk\u00f6nhet, livsstil, entrepren\u00f6rskap, makeup &amp; tips.\" \/>\n<meta name=\"robots\" content=\"index, follow, max-snippet:-1, max-image-preview:large, max-video-preview:-1\" \/>\n<link rel=\"canonical\" href=\"https:\/\/www.imakeyousmile.se\/es\/svart-sotning\/\" \/>\n<meta property=\"og:locale\" content=\"es_ES\" \/>\n<meta property=\"og:type\" content=\"article\" \/>\n<meta property=\"og:title\" content=\"Svart sotning | Imakeyousmile.se\" \/>\n<meta property=\"og:description\" content=\"Svart sotning | Helena Amiley - H\u00e4r hittar du senaste infromation om sk\u00f6nhet, livsstil, entrepren\u00f6rskap, makeup &amp; tips.\" \/>\n<meta property=\"og:url\" content=\"https:\/\/www.imakeyousmile.se\/es\/svart-sotning\/\" \/>\n<meta property=\"og:site_name\" content=\"Imakeyousmile.se\" \/>\n<meta property=\"article:author\" content=\"https:\/\/www.facebook.com\/imakeyousmile.se\" \/>\n<meta property=\"article:published_time\" content=\"2011-05-29T16:20:00+00:00\" \/>\n<meta property=\"article:modified_time\" content=\"2014-08-11T17:45:26+00:00\" \/>\n<meta property=\"og:image\" content=\"http:\/\/1.bp.blogspot.com\/-YE3MOS3sJfw\/TeJ9B9d_Q6I\/AAAAAAAAD5w\/tGW4cfHFXP4\/s320\/DSC_0041.JPG\" \/>\n<meta name=\"twitter:card\" content=\"summary_large_image\" \/>\n<script type=\"application\/ld+json\" class=\"yoast-schema-graph\">{\"@context\":\"https:\/\/schema.org\",\"@graph\":[{\"@type\":\"Organization\",\"@id\":\"https:\/\/www.imakeyousmile.se\/es\/#organization\",\"name\":\"Imakeyousmile\",\"url\":\"https:\/\/www.imakeyousmile.se\/es\/\",\"sameAs\":[],\"logo\":{\"@type\":\"ImageObject\",\"@id\":\"https:\/\/www.imakeyousmile.se\/es\/#logo\",\"inLanguage\":\"es\",\"url\":\"https:\/\/www.imakeyousmile.se\/wp-content\/uploads\/2020\/10\/HELENA-AMILEY_SVART-1-e1603367975324.png\",\"width\":280,\"height\":93,\"caption\":\"Imakeyousmile\"},\"image\":{\"@id\":\"https:\/\/www.imakeyousmile.se\/es\/#logo\"}},{\"@type\":\"WebSite\",\"@id\":\"https:\/\/www.imakeyousmile.se\/es\/#website\",\"url\":\"https:\/\/www.imakeyousmile.se\/es\/\",\"name\":\"Imakeyousmile.se\",\"description\":\"Helena Amiley - Beauty, Entrepreneur, Lifestyle\",\"publisher\":{\"@id\":\"https:\/\/www.imakeyousmile.se\/es\/#organization\"},\"potentialAction\":[{\"@type\":\"SearchAction\",\"target\":\"https:\/\/www.imakeyousmile.se\/es\/?s={search_term_string}\",\"query-input\":\"required name=search_term_string\"}],\"inLanguage\":\"es\"},{\"@type\":\"ImageObject\",\"@id\":\"https:\/\/www.imakeyousmile.se\/svart-sotning\/#primaryimage\",\"inLanguage\":\"es\",\"url\":\"http:\/\/1.bp.blogspot.com\/-YE3MOS3sJfw\/TeJ9B9d_Q6I\/AAAAAAAAD5w\/tGW4cfHFXP4\/s320\/DSC_0041.JPG\"},{\"@type\":\"WebPage\",\"@id\":\"https:\/\/www.imakeyousmile.se\/svart-sotning\/#webpage\",\"url\":\"https:\/\/www.imakeyousmile.se\/svart-sotning\/\",\"name\":\"Svart sotning | Imakeyousmile.se\",\"isPartOf\":{\"@id\":\"https:\/\/www.imakeyousmile.se\/es\/#website\"},\"primaryImageOfPage\":{\"@id\":\"https:\/\/www.imakeyousmile.se\/svart-sotning\/#primaryimage\"},\"datePublished\":\"2011-05-29T16:20:00+00:00\",\"dateModified\":\"2014-08-11T17:45:26+00:00\",\"description\":\"Svart sotning | Helena Amiley - H\\u00e4r hittar du senaste infromation om sk\\u00f6nhet, livsstil, entrepren\\u00f6rskap, makeup & tips.\",\"inLanguage\":\"es\",\"potentialAction\":[{\"@type\":\"ReadAction\",\"target\":[\"https:\/\/www.imakeyousmile.se\/svart-sotning\/\"]}]},{\"@type\":\"Article\",\"@id\":\"https:\/\/www.imakeyousmile.se\/svart-sotning\/#article\",\"isPartOf\":{\"@id\":\"https:\/\/www.imakeyousmile.se\/svart-sotning\/#webpage\"},\"author\":{\"@id\":\"https:\/\/www.imakeyousmile.se\/es\/#\/schema\/person\/b0fd43b1c6bb1c60cfd68bff9b4a10fb\"},\"headline\":\"Svart sotning\",\"datePublished\":\"2011-05-29T16:20:00+00:00\",\"dateModified\":\"2014-08-11T17:45:26+00:00\",\"mainEntityOfPage\":{\"@id\":\"https:\/\/www.imakeyousmile.se\/svart-sotning\/#webpage\"},\"commentCount\":0,\"publisher\":{\"@id\":\"https:\/\/www.imakeyousmile.se\/es\/#organization\"},\"image\":{\"@id\":\"https:\/\/www.imakeyousmile.se\/svart-sotning\/#primaryimage\"},\"articleSection\":\"\\u00d6vrigt\",\"inLanguage\":\"es\",\"potentialAction\":[{\"@type\":\"CommentAction\",\"name\":\"Comment\",\"target\":[\"https:\/\/www.imakeyousmile.se\/svart-sotning\/#respond\"]}]},{\"@type\":\"Person\",\"@id\":\"https:\/\/www.imakeyousmile.se\/es\/#\/schema\/person\/b0fd43b1c6bb1c60cfd68bff9b4a10fb\",\"name\":\"Helena Amiley\",\"image\":{\"@type\":\"ImageObject\",\"@id\":\"https:\/\/www.imakeyousmile.se\/es\/#personlogo\",\"inLanguage\":\"es\",\"url\":\"https:\/\/secure.gravatar.com\/avatar\/5645558e1e355457a23368d7e1b4c904?s=96&d=mm&r=g\",\"caption\":\"Helena Amiley\"},\"description\":\"Jag skriver mest om sk\\u00f6nhet men bjuder \\u00e4ven p\\u00e5 glimtar fr\\u00e5n entrepren\\u00f6rlivet och bygget av v\\u00e5r egen camper van. Vanlife here we come!\",\"sameAs\":[\"https:\/\/www.facebook.com\/imakeyousmile.se\",\"https:\/\/www.instagram.com\/helenaamiley\",\"https:\/\/www.youtube.com\/channel\/UCR5iB6rvpV6Yr8ZjpQfr5mg?view_as=subscriber\"]}]}<\/script>\n<!-- \/ Yoast SEO Premium plugin. -->","_links":{"self":[{"href":"https:\/\/www.imakeyousmile.se\/es\/wp-json\/wp\/v2\/posts\/1483"}],"collection":[{"href":"https:\/\/www.imakeyousmile.se\/es\/wp-json\/wp\/v2\/posts"}],"about":[{"href":"https:\/\/www.imakeyousmile.se\/es\/wp-json\/wp\/v2\/types\/post"}],"author":[{"embeddable":true,"href":"https:\/\/www.imakeyousmile.se\/es\/wp-json\/wp\/v2\/users\/30"}],"replies":[{"embeddable":true,"href":"https:\/\/www.imakeyousmile.se\/es\/wp-json\/wp\/v2\/comments?post=1483"}],"version-history":[{"count":0,"href":"https:\/\/www.imakeyousmile.se\/es\/wp-json\/wp\/v2\/posts\/1483\/revisions"}],"wp:attachment":[{"href":"https:\/\/www.imakeyousmile.se\/es\/wp-json\/wp\/v2\/media?parent=1483"}],"wp:term":[{"taxonomy":"category","embeddable":true,"href":"https:\/\/www.imakeyousmile.se\/es\/wp-json\/wp\/v2\/categories?post=1483"},{"taxonomy":"post_tag","embeddable":true,"href":"https:\/\/www.imakeyousmile.se\/es\/wp-json\/wp\/v2\/tags?post=1483"}],"curies":[{"name":"wp","href":"https:\/\/api.w.org\/{rel}","templated":true}]}}