{"id":1486,"date":"2011-05-27T21:14:00","date_gmt":"2011-05-27T19:14:00","guid":{"rendered":"http:\/\/www.imakeyousmile.se\/finns-det-inget-att-forlora-kan-man-leva-dag-for-dag\/"},"modified":"2014-08-13T19:10:24","modified_gmt":"2014-08-13T17:10:24","slug":"finns-det-inget-att-forlora-kan-man-leva-dag-for-dag","status":"publish","type":"post","link":"https:\/\/www.imakeyousmile.se\/es\/no-hay-nada-que-perder-puedes-vivir-dia-a-dia\/","title":{"rendered":"Si no hay nada que perder, \u00a1puedes vivir el d\u00eda a d\u00eda!"},"content":{"rendered":"<p>Me maquill\u00e9 hoy, pero ten\u00eda tanta prisa por llegar al autob\u00fas que no se tomaron fotos.<\/p>\n<p>Pero ahora estaba muy feliz porque pensaba\u00a0<span style=\"font-size: x-large;\">encontr\u00f3<\/span> \u00a1un maquillaje sobre los datos que hab\u00eda olvidado! Pero por el bien de la seguridad, verifiqu\u00e9 dos veces el blog si estaba all\u00ed, lo que desafortunadamente fue as\u00ed.<\/p>\n<p>Lo he hecho\u00a0<span style=\"font-size: x-large;\">muchos<\/span> maquillaje ahora que no tengo<span style=\"font-size: x-large;\"> coll<\/span> m\u00e1s !!!<\/p>\n<p>Sin embargo, despu\u00e9s de muchos si y peros, encontr\u00e9 otro maquillaje que no he publicado. <em>Yo creo que ;)<\/em><\/p>\n<div style=\"clear: both; text-align: center;\"><a style=\"margin-left: 1em; margin-right: 1em;\" href=\"http:\/\/3.bp.blogspot.com\/-InIS7aM4nWk\/TeAC-UapFxI\/AAAAAAAAD5g\/5yUEBYHee_g\/s1600\/DSC_0029+%25282%2529.JPG\"><img loading=\"lazy\" decoding=\"async\" src=\"http:\/\/3.bp.blogspot.com\/-InIS7aM4nWk\/TeAC-UapFxI\/AAAAAAAAD5g\/5yUEBYHee_g\/s320\/DSC_0029+%25282%2529.JPG\" alt=\"\" width=\"320\" height=\"283\" border=\"0\" \/><\/a><\/div>\n<div style=\"clear: both; text-align: center;\"><em>\u00a1Un maquillaje muy sencillo! Solo un poco de brillo y delineador de ojos :)<\/em><\/div>\n<div style=\"clear: both; text-align: center;\"><\/div>\n<div style=\"clear: both; text-align: left;\">Y para aquellos de ustedes que se preguntan c\u00f3mo fue el examen de matem\u00e1ticas, puedo decirles que realmente es <span style=\"font-size: x-large;\">sinti\u00f3<\/span> mierda bien!<\/div>\n<div style=\"clear: both; text-align: left;\"><\/div>\n<div style=\"clear: both; text-align: left;\">Ser tan feliz conmigo mismo <span style=\"font-size: x-large;\">hasta<\/span> Le ped\u00ed a mi maestra que lo revisara un poco m\u00e1s r\u00e1pido.<\/div>\n<div style=\"clear: both; text-align: left;\"><\/div>\n<div style=\"clear: both; text-align: left;\"><em>&quot;\u00bfC\u00f3mo se ve?&quot;<\/em>\u00a0\u00a0yo pregunte &quot;<em>Bueno, esa es Helena ... &quot;\u00a0 <\/em>\u00a0Suspiro ... Pero luego dijo que podr\u00eda ser uno <span style=\"font-size: x-large;\">vg<\/span> en todos los casos.<\/div>\n<div style=\"clear: both; text-align: left;\"><\/div>\n<div style=\"clear: both; text-align: center;\"><span style=\"font-size: x-large;\">\u00bfPuedo conformarme con eso entonces?<\/span><\/div>","protected":false},"excerpt":{"rendered":"<p>Jag sminkade mig idag, men hade s\u00e5 br\u00e5ttom till bussen s\u00e5 kn\u00e4ppte inga bilder. Men\u00a0nu blev jag j\u00e4tteglad f\u00f6r trodde att jag\u00a0hittade en sminkning p\u00e5 datan som jag\u00a0hade gl\u00f6mt bort! Men f\u00f6r s\u00e4kerhetens skull s\u00e5 dubbelkollade jag p\u00e5 bloggen ifall den fanns d\u00e4r, vilket den tyv\u00e4rr gjorde. Jag har\u00a0gjort s\u00e5\u00a0m\u00e5nga sminkningar nu att jag inte [&hellip;]<\/p>\n","protected":false},"author":30,"featured_media":0,"comment_status":"open","ping_status":"open","sticky":false,"template":"","format":"standard","meta":{"footnotes":""},"categories":[3],"tags":[],"class_list":["post-1486","post","type-post","status-publish","format-standard","hentry","category-allmant"],"yoast_head":"<!-- This site is optimized with the Yoast SEO Premium plugin v14.9 - https:\/\/yoast.com\/wordpress\/plugins\/seo\/ -->\n<meta name=\"description\" content=\"Finns det inget att f\u00f6rlora, kan man leva dag f\u00f6r dag! | Helena Amiley - H\u00e4r hittar du senaste infromation om sk\u00f6nhet, livsstil, entrepren\u00f6rskap, makeup &amp; tips.\" \/>\n<meta name=\"robots\" content=\"index, follow, max-snippet:-1, max-image-preview:large, max-video-preview:-1\" \/>\n<link rel=\"canonical\" href=\"https:\/\/www.imakeyousmile.se\/es\/finns-det-inget-att-forlora-kan-man-leva-dag-for-dag\/\" \/>\n<meta property=\"og:locale\" content=\"es_ES\" \/>\n<meta property=\"og:type\" content=\"article\" \/>\n<meta property=\"og:title\" content=\"Finns det inget att f\u00f6rlora, kan man leva dag f\u00f6r dag! | Imakeyousmile.se\" \/>\n<meta property=\"og:description\" content=\"Finns det inget att f\u00f6rlora, kan man leva dag f\u00f6r dag! | Helena Amiley - H\u00e4r hittar du senaste infromation om sk\u00f6nhet, livsstil, entrepren\u00f6rskap, makeup &amp; tips.\" \/>\n<meta property=\"og:url\" content=\"https:\/\/www.imakeyousmile.se\/es\/finns-det-inget-att-forlora-kan-man-leva-dag-for-dag\/\" \/>\n<meta property=\"og:site_name\" content=\"Imakeyousmile.se\" \/>\n<meta property=\"article:author\" content=\"https:\/\/www.facebook.com\/imakeyousmile.se\" \/>\n<meta property=\"article:published_time\" content=\"2011-05-27T19:14:00+00:00\" \/>\n<meta property=\"article:modified_time\" content=\"2014-08-13T17:10:24+00:00\" \/>\n<meta property=\"og:image\" content=\"http:\/\/3.bp.blogspot.com\/-InIS7aM4nWk\/TeAC-UapFxI\/AAAAAAAAD5g\/5yUEBYHee_g\/s320\/DSC_0029+%25282%2529.JPG\" \/>\n<meta name=\"twitter:card\" content=\"summary_large_image\" \/>\n<script type=\"application\/ld+json\" class=\"yoast-schema-graph\">{\"@context\":\"https:\/\/schema.org\",\"@graph\":[{\"@type\":\"Organization\",\"@id\":\"https:\/\/www.imakeyousmile.se\/es\/#organization\",\"name\":\"Imakeyousmile\",\"url\":\"https:\/\/www.imakeyousmile.se\/es\/\",\"sameAs\":[],\"logo\":{\"@type\":\"ImageObject\",\"@id\":\"https:\/\/www.imakeyousmile.se\/es\/#logo\",\"inLanguage\":\"es\",\"url\":\"https:\/\/www.imakeyousmile.se\/wp-content\/uploads\/2020\/10\/HELENA-AMILEY_SVART-1-e1603367975324.png\",\"width\":280,\"height\":93,\"caption\":\"Imakeyousmile\"},\"image\":{\"@id\":\"https:\/\/www.imakeyousmile.se\/es\/#logo\"}},{\"@type\":\"WebSite\",\"@id\":\"https:\/\/www.imakeyousmile.se\/es\/#website\",\"url\":\"https:\/\/www.imakeyousmile.se\/es\/\",\"name\":\"Imakeyousmile.se\",\"description\":\"Helena Amiley - Beauty, Entrepreneur, Lifestyle\",\"publisher\":{\"@id\":\"https:\/\/www.imakeyousmile.se\/es\/#organization\"},\"potentialAction\":[{\"@type\":\"SearchAction\",\"target\":\"https:\/\/www.imakeyousmile.se\/es\/?s={search_term_string}\",\"query-input\":\"required name=search_term_string\"}],\"inLanguage\":\"es\"},{\"@type\":\"ImageObject\",\"@id\":\"https:\/\/www.imakeyousmile.se\/finns-det-inget-att-forlora-kan-man-leva-dag-for-dag\/#primaryimage\",\"inLanguage\":\"es\",\"url\":\"http:\/\/3.bp.blogspot.com\/-InIS7aM4nWk\/TeAC-UapFxI\/AAAAAAAAD5g\/5yUEBYHee_g\/s320\/DSC_0029+%25282%2529.JPG\"},{\"@type\":\"WebPage\",\"@id\":\"https:\/\/www.imakeyousmile.se\/finns-det-inget-att-forlora-kan-man-leva-dag-for-dag\/#webpage\",\"url\":\"https:\/\/www.imakeyousmile.se\/finns-det-inget-att-forlora-kan-man-leva-dag-for-dag\/\",\"name\":\"Finns det inget att f\\u00f6rlora, kan man leva dag f\\u00f6r dag! | Imakeyousmile.se\",\"isPartOf\":{\"@id\":\"https:\/\/www.imakeyousmile.se\/es\/#website\"},\"primaryImageOfPage\":{\"@id\":\"https:\/\/www.imakeyousmile.se\/finns-det-inget-att-forlora-kan-man-leva-dag-for-dag\/#primaryimage\"},\"datePublished\":\"2011-05-27T19:14:00+00:00\",\"dateModified\":\"2014-08-13T17:10:24+00:00\",\"description\":\"Finns det inget att f\\u00f6rlora, kan man leva dag f\\u00f6r dag! | Helena Amiley - H\\u00e4r hittar du senaste infromation om sk\\u00f6nhet, livsstil, entrepren\\u00f6rskap, makeup & tips.\",\"inLanguage\":\"es\",\"potentialAction\":[{\"@type\":\"ReadAction\",\"target\":[\"https:\/\/www.imakeyousmile.se\/finns-det-inget-att-forlora-kan-man-leva-dag-for-dag\/\"]}]},{\"@type\":\"Article\",\"@id\":\"https:\/\/www.imakeyousmile.se\/finns-det-inget-att-forlora-kan-man-leva-dag-for-dag\/#article\",\"isPartOf\":{\"@id\":\"https:\/\/www.imakeyousmile.se\/finns-det-inget-att-forlora-kan-man-leva-dag-for-dag\/#webpage\"},\"author\":{\"@id\":\"https:\/\/www.imakeyousmile.se\/es\/#\/schema\/person\/b0fd43b1c6bb1c60cfd68bff9b4a10fb\"},\"headline\":\"Finns det inget att f\\u00f6rlora, kan man leva dag f\\u00f6r dag!\",\"datePublished\":\"2011-05-27T19:14:00+00:00\",\"dateModified\":\"2014-08-13T17:10:24+00:00\",\"mainEntityOfPage\":{\"@id\":\"https:\/\/www.imakeyousmile.se\/finns-det-inget-att-forlora-kan-man-leva-dag-for-dag\/#webpage\"},\"commentCount\":0,\"publisher\":{\"@id\":\"https:\/\/www.imakeyousmile.se\/es\/#organization\"},\"image\":{\"@id\":\"https:\/\/www.imakeyousmile.se\/finns-det-inget-att-forlora-kan-man-leva-dag-for-dag\/#primaryimage\"},\"articleSection\":\"\\u00d6vrigt\",\"inLanguage\":\"es\",\"potentialAction\":[{\"@type\":\"CommentAction\",\"name\":\"Comment\",\"target\":[\"https:\/\/www.imakeyousmile.se\/finns-det-inget-att-forlora-kan-man-leva-dag-for-dag\/#respond\"]}]},{\"@type\":\"Person\",\"@id\":\"https:\/\/www.imakeyousmile.se\/es\/#\/schema\/person\/b0fd43b1c6bb1c60cfd68bff9b4a10fb\",\"name\":\"Helena Amiley\",\"image\":{\"@type\":\"ImageObject\",\"@id\":\"https:\/\/www.imakeyousmile.se\/es\/#personlogo\",\"inLanguage\":\"es\",\"url\":\"https:\/\/secure.gravatar.com\/avatar\/5645558e1e355457a23368d7e1b4c904?s=96&d=mm&r=g\",\"caption\":\"Helena Amiley\"},\"description\":\"Jag skriver mest om sk\\u00f6nhet men bjuder \\u00e4ven p\\u00e5 glimtar fr\\u00e5n entrepren\\u00f6rlivet och bygget av v\\u00e5r egen camper van. Vanlife here we come!\",\"sameAs\":[\"https:\/\/www.facebook.com\/imakeyousmile.se\",\"https:\/\/www.instagram.com\/helenaamiley\",\"https:\/\/www.youtube.com\/channel\/UCR5iB6rvpV6Yr8ZjpQfr5mg?view_as=subscriber\"]}]}<\/script>\n<!-- \/ Yoast SEO Premium plugin. -->","_links":{"self":[{"href":"https:\/\/www.imakeyousmile.se\/es\/wp-json\/wp\/v2\/posts\/1486"}],"collection":[{"href":"https:\/\/www.imakeyousmile.se\/es\/wp-json\/wp\/v2\/posts"}],"about":[{"href":"https:\/\/www.imakeyousmile.se\/es\/wp-json\/wp\/v2\/types\/post"}],"author":[{"embeddable":true,"href":"https:\/\/www.imakeyousmile.se\/es\/wp-json\/wp\/v2\/users\/30"}],"replies":[{"embeddable":true,"href":"https:\/\/www.imakeyousmile.se\/es\/wp-json\/wp\/v2\/comments?post=1486"}],"version-history":[{"count":0,"href":"https:\/\/www.imakeyousmile.se\/es\/wp-json\/wp\/v2\/posts\/1486\/revisions"}],"wp:attachment":[{"href":"https:\/\/www.imakeyousmile.se\/es\/wp-json\/wp\/v2\/media?parent=1486"}],"wp:term":[{"taxonomy":"category","embeddable":true,"href":"https:\/\/www.imakeyousmile.se\/es\/wp-json\/wp\/v2\/categories?post=1486"},{"taxonomy":"post_tag","embeddable":true,"href":"https:\/\/www.imakeyousmile.se\/es\/wp-json\/wp\/v2\/tags?post=1486"}],"curies":[{"name":"wp","href":"https:\/\/api.w.org\/{rel}","templated":true}]}}