{"id":1496,"date":"2011-05-22T20:33:00","date_gmt":"2011-05-22T18:33:00","guid":{"rendered":"http:\/\/www.imakeyousmile.se\/lila-sminkning-3\/"},"modified":"2011-05-22T20:33:00","modified_gmt":"2011-05-22T18:33:00","slug":"lila-sminkning-3","status":"publish","type":"post","link":"https:\/\/www.imakeyousmile.se\/es\/maquillaje-morado-3\/","title":{"rendered":"Maquillaje morado"},"content":{"rendered":"<div style=\"clear: both; text-align: left;\">\u00a1Qu\u00e9 d\u00eda, qu\u00e9 d\u00eda de aventuras!<\/div>\n<div style=\"clear: both; text-align: left;\"><\/div>\n<div style=\"clear: both; text-align: left;\">Formado por cinco personas al frente<span style=\"font-size: x-large;\"> el espect\u00e1culo de moda<\/span> hoy, uno de los cuales fui yo. \u00a1Muy divertido! El desfile de moda tambi\u00e9n fue bien, fue en Tv\u00e5lpalatset en Estocolmo (<em>Mariatorget<\/em>)<\/div>\n<div style=\"clear: both; text-align: left;\"><\/div>\n<div style=\"clear: both; text-align: left;\">Despu\u00e9s, Frida y yo est\u00e1bamos completamente<span style=\"font-size: x-large;\"> sin<\/span>, pero fue una peque\u00f1a ronda de negocios al menos + comodidad en dos caf\u00e9s diferentes en el sur.<\/p>\n<\/div>\n<div style=\"clear: both; text-align: left;\">Aqu\u00ed est\u00e1 mi &quot;modelo de maquillaje&quot;:<\/div>\n<div style=\"clear: both; text-align: center;\"><\/div>\n<div style=\"clear: both; text-align: center;\"><a href=\"http:\/\/4.bp.blogspot.com\/-m0y7EmGuRjQ\/Tdlg-bnV1qI\/AAAAAAAAD3w\/GaNokVnRruw\/s1600\/DSC_0031.JPG\" style=\"margin-left: 1em; margin-right: 1em;\"><img loading=\"lazy\" decoding=\"async\" border=\"0\" height=\"288\" j8=\"true\" src=\"http:\/\/4.bp.blogspot.com\/-m0y7EmGuRjQ\/Tdlg-bnV1qI\/AAAAAAAAD3w\/GaNokVnRruw\/s320\/DSC_0031.JPG\" width=\"320\" \/><\/a><\/div>\n<div style=\"clear: both; text-align: center;\"><em>Todas las sombras de ojos son de la paleta 180.<\/em><\/div>\n<div style=\"clear: both; text-align: center;\"><\/div>\n<div style=\"clear: both; text-align: center;\"><span style=\"color: #8e7cc3; font-size: large;\"><strong><span style=\"color: #b4a7d6;\">Morado claro<\/span> <\/strong><\/span>sombra de ojos en el interior del p\u00e1rpado.<\/div>\n<div style=\"clear: both; text-align: center;\"><span style=\"color: #8e7cc3; font-size: large;\"><strong>P\u00farpura<\/strong> <\/span>sombra de ojos al final del p\u00e1rpado y la l\u00ednea de las pesta\u00f1as inferiores.<\/div>\n<div style=\"clear: both; text-align: center;\"><span style=\"color: #674ea7; font-size: large;\"><strong>Morado oscuro<\/strong><\/span> sombra de ojos a lo largo de la l\u00ednea del globo terr\u00e1queo y al final de la l\u00ednea de las pesta\u00f1as inferiores.<\/div>\n<div style=\"clear: both; text-align: center;\"><strong><span style=\"font-size: large;\">Negro<\/span><\/strong> sombra de ojos holl\u00edn un poco a lo largo de la l\u00ednea del globo.<\/div>\n<div style=\"clear: both; text-align: center;\"><span style=\"color: #a64d79; font-size: large;\"><strong>Rosado morado <\/strong><\/span>sombra de ojos sobre la l\u00ednea del globo.<\/div>\n<div style=\"clear: both; text-align: center;\"><\/div>\n<div style=\"clear: both; text-align: center;\"><strong><span style=\"font-size: large;\">Negro<\/span><\/strong> delineador de ojos en la l\u00ednea de las pesta\u00f1as inferior, interior y superior<em>, H&amp;M.<\/em><\/div>\n<p><\/p>\n<div style=\"clear: both; text-align: center;\"><a href=\"http:\/\/2.bp.blogspot.com\/-3tsy0dDQCAk\/Tdlg_gYb3FI\/AAAAAAAAD30\/ppCaBDYNLMo\/s1600\/DSC_0034.JPG\" style=\"margin-left: 1em; margin-right: 1em;\"><img loading=\"lazy\" decoding=\"async\" border=\"0\" height=\"640\" j8=\"true\" src=\"http:\/\/2.bp.blogspot.com\/-3tsy0dDQCAk\/Tdlg_gYb3FI\/AAAAAAAAD30\/ppCaBDYNLMo\/s640\/DSC_0034.JPG\" width=\"478\" \/><\/a><\/div>\n<div style=\"clear: both; text-align: center;\"><\/div>\n<div style=\"clear: both; text-align: left;\">El maquillaje no ser\u00eda tan extremo, solo un poco en la direcci\u00f3n m\u00e1s oscura. Pero me gust\u00f3 el nuestro <span style=\"font-size: x-large;\">pensamiento<\/span> detr\u00e1s de la elecci\u00f3n de maquillaje fuertemente:<\/div>\n<div style=\"clear: both; text-align: left;\"><\/div>\n<div style=\"clear: both; text-align: left;\">Yo, que vest\u00eda ropa completamente negra, ten\u00eda una <span style=\"color: #674ea7; font-size: large;\"><strong>muy morado<\/strong><\/span> maquillaje.<\/div>\n<div style=\"clear: both; text-align: left;\">Frida, quien vest\u00eda un vestido negro con un detalle morado, ten\u00eda un bote <strong><span style=\"font-size: large;\">negro<\/span><\/strong> y<span style=\"color: #674ea7; font-size: large;\"><strong> poco morado<\/strong><\/span> maquillaje.<\/div>\n<div style=\"clear: both; text-align: left;\">Y Amanda, que llevaba un vestido morado, consigui\u00f3 uno <strong><span style=\"font-size: large;\">todo negro<\/span><\/strong> \u00a1maquillaje!<\/div>\n<div style=\"clear: both; text-align: left;\"><\/div>\n<div style=\"clear: both; text-align: center;\"><span style=\"font-size: x-large;\">Muy bien pensado<\/span><span style=\"font-size: large;\"> ;)<\/span><\/div>","protected":false},"excerpt":{"rendered":"<p>Oj oj oj vilken dag, vilken \u00e4ventyrsdag! Sminkade\u00a0fem personer inf\u00f6r modevisningen idag, varav en var mig sj\u00e4lv. Sjukt kul! Modevisningen gick bra ocks\u00e5, den var\u00a0p\u00e5 Tv\u00e5lpalatset i Stockholm (Mariatorget) Efter\u00e5t var jag och Frida helt slutk\u00f6rda, men det blev en liten runda\u00a0i aff\u00e4rer iallafall\u00a0+ mys p\u00e5\u00a0tv\u00e5 olika cafe\u00e9r p\u00e5 S\u00f6der. H\u00e4r \u00e4r min &#8221;modellsminkning&#8221; : [&hellip;]<\/p>\n","protected":false},"author":30,"featured_media":0,"comment_status":"open","ping_status":"open","sticky":false,"template":"","format":"standard","meta":{"footnotes":""},"categories":[3],"tags":[],"class_list":["post-1496","post","type-post","status-publish","format-standard","hentry","category-allmant"],"yoast_head":"<!-- This site is optimized with the Yoast SEO Premium plugin v14.9 - https:\/\/yoast.com\/wordpress\/plugins\/seo\/ -->\n<meta name=\"description\" content=\"Lila sminkning | Helena Amiley - H\u00e4r hittar du senaste infromation om sk\u00f6nhet, livsstil, entrepren\u00f6rskap, makeup &amp; tips.\" \/>\n<meta name=\"robots\" content=\"index, follow, max-snippet:-1, max-image-preview:large, max-video-preview:-1\" \/>\n<link rel=\"canonical\" href=\"https:\/\/www.imakeyousmile.se\/es\/lila-sminkning-3\/\" \/>\n<meta property=\"og:locale\" content=\"es_ES\" \/>\n<meta property=\"og:type\" content=\"article\" \/>\n<meta property=\"og:title\" content=\"Lila sminkning | Imakeyousmile.se\" \/>\n<meta property=\"og:description\" content=\"Lila sminkning | Helena Amiley - H\u00e4r hittar du senaste infromation om sk\u00f6nhet, livsstil, entrepren\u00f6rskap, makeup &amp; tips.\" \/>\n<meta property=\"og:url\" content=\"https:\/\/www.imakeyousmile.se\/es\/lila-sminkning-3\/\" \/>\n<meta property=\"og:site_name\" content=\"Imakeyousmile.se\" \/>\n<meta property=\"article:author\" content=\"https:\/\/www.facebook.com\/imakeyousmile.se\" \/>\n<meta property=\"article:published_time\" content=\"2011-05-22T18:33:00+00:00\" \/>\n<meta property=\"og:image\" content=\"http:\/\/4.bp.blogspot.com\/-m0y7EmGuRjQ\/Tdlg-bnV1qI\/AAAAAAAAD3w\/GaNokVnRruw\/s320\/DSC_0031.JPG\" \/>\n<meta name=\"twitter:card\" content=\"summary_large_image\" \/>\n<script type=\"application\/ld+json\" class=\"yoast-schema-graph\">{\"@context\":\"https:\/\/schema.org\",\"@graph\":[{\"@type\":\"Organization\",\"@id\":\"https:\/\/www.imakeyousmile.se\/es\/#organization\",\"name\":\"Imakeyousmile\",\"url\":\"https:\/\/www.imakeyousmile.se\/es\/\",\"sameAs\":[],\"logo\":{\"@type\":\"ImageObject\",\"@id\":\"https:\/\/www.imakeyousmile.se\/es\/#logo\",\"inLanguage\":\"es\",\"url\":\"https:\/\/www.imakeyousmile.se\/wp-content\/uploads\/2020\/10\/HELENA-AMILEY_SVART-1-e1603367975324.png\",\"width\":280,\"height\":93,\"caption\":\"Imakeyousmile\"},\"image\":{\"@id\":\"https:\/\/www.imakeyousmile.se\/es\/#logo\"}},{\"@type\":\"WebSite\",\"@id\":\"https:\/\/www.imakeyousmile.se\/es\/#website\",\"url\":\"https:\/\/www.imakeyousmile.se\/es\/\",\"name\":\"Imakeyousmile.se\",\"description\":\"Helena Amiley - Beauty, Entrepreneur, Lifestyle\",\"publisher\":{\"@id\":\"https:\/\/www.imakeyousmile.se\/es\/#organization\"},\"potentialAction\":[{\"@type\":\"SearchAction\",\"target\":\"https:\/\/www.imakeyousmile.se\/es\/?s={search_term_string}\",\"query-input\":\"required name=search_term_string\"}],\"inLanguage\":\"es\"},{\"@type\":\"ImageObject\",\"@id\":\"https:\/\/www.imakeyousmile.se\/lila-sminkning-3\/#primaryimage\",\"inLanguage\":\"es\",\"url\":\"http:\/\/4.bp.blogspot.com\/-m0y7EmGuRjQ\/Tdlg-bnV1qI\/AAAAAAAAD3w\/GaNokVnRruw\/s320\/DSC_0031.JPG\"},{\"@type\":\"WebPage\",\"@id\":\"https:\/\/www.imakeyousmile.se\/lila-sminkning-3\/#webpage\",\"url\":\"https:\/\/www.imakeyousmile.se\/lila-sminkning-3\/\",\"name\":\"Lila sminkning | Imakeyousmile.se\",\"isPartOf\":{\"@id\":\"https:\/\/www.imakeyousmile.se\/es\/#website\"},\"primaryImageOfPage\":{\"@id\":\"https:\/\/www.imakeyousmile.se\/lila-sminkning-3\/#primaryimage\"},\"datePublished\":\"2011-05-22T18:33:00+00:00\",\"dateModified\":\"2011-05-22T18:33:00+00:00\",\"description\":\"Lila sminkning | Helena Amiley - H\\u00e4r hittar du senaste infromation om sk\\u00f6nhet, livsstil, entrepren\\u00f6rskap, makeup & tips.\",\"inLanguage\":\"es\",\"potentialAction\":[{\"@type\":\"ReadAction\",\"target\":[\"https:\/\/www.imakeyousmile.se\/lila-sminkning-3\/\"]}]},{\"@type\":\"Article\",\"@id\":\"https:\/\/www.imakeyousmile.se\/lila-sminkning-3\/#article\",\"isPartOf\":{\"@id\":\"https:\/\/www.imakeyousmile.se\/lila-sminkning-3\/#webpage\"},\"author\":{\"@id\":\"https:\/\/www.imakeyousmile.se\/es\/#\/schema\/person\/b0fd43b1c6bb1c60cfd68bff9b4a10fb\"},\"headline\":\"Lila sminkning\",\"datePublished\":\"2011-05-22T18:33:00+00:00\",\"dateModified\":\"2011-05-22T18:33:00+00:00\",\"mainEntityOfPage\":{\"@id\":\"https:\/\/www.imakeyousmile.se\/lila-sminkning-3\/#webpage\"},\"commentCount\":0,\"publisher\":{\"@id\":\"https:\/\/www.imakeyousmile.se\/es\/#organization\"},\"image\":{\"@id\":\"https:\/\/www.imakeyousmile.se\/lila-sminkning-3\/#primaryimage\"},\"articleSection\":\"\\u00d6vrigt\",\"inLanguage\":\"es\",\"potentialAction\":[{\"@type\":\"CommentAction\",\"name\":\"Comment\",\"target\":[\"https:\/\/www.imakeyousmile.se\/lila-sminkning-3\/#respond\"]}]},{\"@type\":\"Person\",\"@id\":\"https:\/\/www.imakeyousmile.se\/es\/#\/schema\/person\/b0fd43b1c6bb1c60cfd68bff9b4a10fb\",\"name\":\"Helena Amiley\",\"image\":{\"@type\":\"ImageObject\",\"@id\":\"https:\/\/www.imakeyousmile.se\/es\/#personlogo\",\"inLanguage\":\"es\",\"url\":\"https:\/\/secure.gravatar.com\/avatar\/5645558e1e355457a23368d7e1b4c904?s=96&d=mm&r=g\",\"caption\":\"Helena Amiley\"},\"description\":\"Jag skriver mest om sk\\u00f6nhet men bjuder \\u00e4ven p\\u00e5 glimtar fr\\u00e5n entrepren\\u00f6rlivet och bygget av v\\u00e5r egen camper van. Vanlife here we come!\",\"sameAs\":[\"https:\/\/www.facebook.com\/imakeyousmile.se\",\"https:\/\/www.instagram.com\/helenaamiley\",\"https:\/\/www.youtube.com\/channel\/UCR5iB6rvpV6Yr8ZjpQfr5mg?view_as=subscriber\"]}]}<\/script>\n<!-- \/ Yoast SEO Premium plugin. -->","_links":{"self":[{"href":"https:\/\/www.imakeyousmile.se\/es\/wp-json\/wp\/v2\/posts\/1496"}],"collection":[{"href":"https:\/\/www.imakeyousmile.se\/es\/wp-json\/wp\/v2\/posts"}],"about":[{"href":"https:\/\/www.imakeyousmile.se\/es\/wp-json\/wp\/v2\/types\/post"}],"author":[{"embeddable":true,"href":"https:\/\/www.imakeyousmile.se\/es\/wp-json\/wp\/v2\/users\/30"}],"replies":[{"embeddable":true,"href":"https:\/\/www.imakeyousmile.se\/es\/wp-json\/wp\/v2\/comments?post=1496"}],"version-history":[{"count":0,"href":"https:\/\/www.imakeyousmile.se\/es\/wp-json\/wp\/v2\/posts\/1496\/revisions"}],"wp:attachment":[{"href":"https:\/\/www.imakeyousmile.se\/es\/wp-json\/wp\/v2\/media?parent=1496"}],"wp:term":[{"taxonomy":"category","embeddable":true,"href":"https:\/\/www.imakeyousmile.se\/es\/wp-json\/wp\/v2\/categories?post=1496"},{"taxonomy":"post_tag","embeddable":true,"href":"https:\/\/www.imakeyousmile.se\/es\/wp-json\/wp\/v2\/tags?post=1496"}],"curies":[{"name":"wp","href":"https:\/\/api.w.org\/{rel}","templated":true}]}}