{"id":1499,"date":"2011-05-21T11:57:00","date_gmt":"2011-05-21T09:57:00","guid":{"rendered":"http:\/\/www.imakeyousmile.se\/lila-och-rosa-sminkning-4\/"},"modified":"2011-05-21T11:57:00","modified_gmt":"2011-05-21T09:57:00","slug":"lila-och-rosa-sminkning-4","status":"publish","type":"post","link":"https:\/\/www.imakeyousmile.se\/es\/maquillaje-morado-y-rosa-4\/","title":{"rendered":"Maquillaje morado y rosa"},"content":{"rendered":"<p>Finalmente pude dormir bien. Fueron casi 12 horas de sue\u00f1o anoche, \u00a1y lo necesitaba!<\/p>\n<p>Ahora es solo una taza <span style=\"font-size: x-large;\">caf\u00e9<\/span> tomado para la ma\u00f1ana perfecta;)<\/p>\n<p>El maquillaje de hoy era imprescindible <span style=\"font-size: x-large;\">veraniego<\/span> maquillaje morado! No tendr\u00eda miedo de tenerlo en una barbacoa o algo as\u00ed.<\/p>\n<div style=\"clear: both; text-align: center;\"><\/div>\n<div style=\"clear: both; text-align: center;\"><a href=\"http:\/\/3.bp.blogspot.com\/-c0fOFq-Xync\/TdeYSVw2oqI\/AAAAAAAAD3k\/eK_rqwOcots\/s1600\/DSC_0003.JPG\" style=\"margin-left: 1em; margin-right: 1em;\"><img loading=\"lazy\" decoding=\"async\" border=\"0\" height=\"320\" j8=\"true\" src=\"http:\/\/3.bp.blogspot.com\/-c0fOFq-Xync\/TdeYSVw2oqI\/AAAAAAAAD3k\/eK_rqwOcots\/s320\/DSC_0003.JPG\" width=\"308\" \/><\/a><\/div>\n<div style=\"clear: both; text-align: center;\"><em>Todas las sombras de ojos son de la paleta 180.<\/em><\/div>\n<div style=\"clear: both; text-align: center;\"><\/div>\n<div style=\"clear: both; text-align: center;\"><span style=\"color: #741b47; font-size: large;\"><strong>Morado oscuro<\/strong><\/span> sombra de ojos a lo largo de la l\u00ednea del globo y la l\u00ednea de las pesta\u00f1as inferiores.<\/div>\n<div style=\"clear: both; text-align: center;\"><span style=\"color: #e06666; font-size: large;\"><strong>Rosa claro<\/strong><\/span> sombra de ojos en el interior del p\u00e1rpado y en la parte inferior de la l\u00ednea de las pesta\u00f1as inferiores.<\/div>\n<div style=\"clear: both; text-align: center;\"><span style=\"color: #a64d79; font-size: large;\"><strong>P\u00farpura <\/strong><\/span>sombra de ojos al final del p\u00e1rpado.<\/div>\n<div style=\"clear: both; text-align: center;\"><span style=\"color: #999999; font-size: large;\">Blanco <\/span>iluminador en la esquina del ojo y debajo de la ceja.<\/div>\n<div style=\"clear: both; text-align: center;\"><\/div>\n<div style=\"clear: both; text-align: center;\">Luego enmarc\u00f3 el ojo con uno<span style=\"color: #783f04; font-size: large;\"><strong> delineador de ojos marr\u00f3n<\/strong><\/span> en toda la l\u00ednea de las pesta\u00f1as superiores y al final de la l\u00ednea de las pesta\u00f1as inferiores e internas.<\/div>\n<div style=\"clear: both; text-align: center;\"><\/div>\n<div style=\"clear: both; text-align: center;\">Solo eleg\u00ed un l\u00e1piz marr\u00f3n <em>(en lugar de negro como suelo hacer<\/em>) porque no quer\u00eda l\u00edneas tan fuertes. \u00a1Se vuelve m\u00e1s discreta y veraniega con el marr\u00f3n!<\/div>\n<p><\/p>\n<div style=\"clear: both; text-align: center;\"><a href=\"http:\/\/3.bp.blogspot.com\/-F5zfgSdNvtI\/TdeYTf-fpAI\/AAAAAAAAD3o\/5my3uKTjmQ4\/s1600\/DSC_0012.JPG\" style=\"margin-left: 1em; margin-right: 1em;\"><img loading=\"lazy\" decoding=\"async\" border=\"0\" height=\"640\" j8=\"true\" src=\"http:\/\/3.bp.blogspot.com\/-F5zfgSdNvtI\/TdeYTf-fpAI\/AAAAAAAAD3o\/5my3uKTjmQ4\/s640\/DSC_0012.JPG\" width=\"468\" \/><\/a><\/div>\n<div style=\"clear: both; text-align: center;\">B\u00e1lsamo labial ordinario en los labios, con un poco<span style=\"color: #cc0000; font-size: large;\"><strong> ROJO<\/strong><\/span> l\u00e1piz labial para obtener una suave <span style=\"color: black;\">rojo frambuesa<\/span> color.<\/div>\n<p>Ahora pronto ir\u00e9 a casa y tomar\u00e9 un caf\u00e9.<span style=\"font-size: x-large;\"> hermana linda<\/span> que finalmente ha regresado a casa desde Finlandia!<\/p>\n<div style=\"text-align: center;\"><span style=\"font-size: x-large;\">\u00a1Entonces consigo mi caf\u00e9 tan esperado!<\/span><\/div>","protected":false},"excerpt":{"rendered":"<p>\u00c4ntligen har jag f\u00e5tt sova ut ordentligt. N\u00e4stan 12 timmars s\u00f6mn blev det inatt, och det beh\u00f6vde jag! Nu \u00e4r det bara en kopp kaffe som fattas f\u00f6r det perfekta morgonen ;) Dagens sminkning blev en v\u00e4dligt somrig lila sminkning! Skulle ju inte banga p\u00e5 att ha den p\u00e5 en grillfest eller s\u00e5. Alla \u00f6gonskuggor [&hellip;]<\/p>\n","protected":false},"author":30,"featured_media":0,"comment_status":"open","ping_status":"open","sticky":false,"template":"","format":"standard","meta":{"footnotes":""},"categories":[3],"tags":[],"class_list":["post-1499","post","type-post","status-publish","format-standard","hentry","category-allmant"],"yoast_head":"<!-- This site is optimized with the Yoast SEO Premium plugin v14.9 - https:\/\/yoast.com\/wordpress\/plugins\/seo\/ -->\n<meta name=\"description\" content=\"Lila och rosa sminkning | Helena Amiley - H\u00e4r hittar du senaste infromation om sk\u00f6nhet, livsstil, entrepren\u00f6rskap, makeup &amp; tips.\" \/>\n<meta name=\"robots\" content=\"index, follow, max-snippet:-1, max-image-preview:large, max-video-preview:-1\" \/>\n<link rel=\"canonical\" href=\"https:\/\/www.imakeyousmile.se\/es\/lila-och-rosa-sminkning-4\/\" \/>\n<meta property=\"og:locale\" content=\"es_ES\" \/>\n<meta property=\"og:type\" content=\"article\" \/>\n<meta property=\"og:title\" content=\"Lila och rosa sminkning | Imakeyousmile.se\" \/>\n<meta property=\"og:description\" content=\"Lila och rosa sminkning | Helena Amiley - H\u00e4r hittar du senaste infromation om sk\u00f6nhet, livsstil, entrepren\u00f6rskap, makeup &amp; tips.\" \/>\n<meta property=\"og:url\" content=\"https:\/\/www.imakeyousmile.se\/es\/lila-och-rosa-sminkning-4\/\" \/>\n<meta property=\"og:site_name\" content=\"Imakeyousmile.se\" \/>\n<meta property=\"article:author\" content=\"https:\/\/www.facebook.com\/imakeyousmile.se\" \/>\n<meta property=\"article:published_time\" content=\"2011-05-21T09:57:00+00:00\" \/>\n<meta property=\"og:image\" content=\"http:\/\/3.bp.blogspot.com\/-c0fOFq-Xync\/TdeYSVw2oqI\/AAAAAAAAD3k\/eK_rqwOcots\/s320\/DSC_0003.JPG\" \/>\n<meta name=\"twitter:card\" content=\"summary_large_image\" \/>\n<script type=\"application\/ld+json\" class=\"yoast-schema-graph\">{\"@context\":\"https:\/\/schema.org\",\"@graph\":[{\"@type\":\"Organization\",\"@id\":\"https:\/\/www.imakeyousmile.se\/es\/#organization\",\"name\":\"Imakeyousmile\",\"url\":\"https:\/\/www.imakeyousmile.se\/es\/\",\"sameAs\":[],\"logo\":{\"@type\":\"ImageObject\",\"@id\":\"https:\/\/www.imakeyousmile.se\/es\/#logo\",\"inLanguage\":\"es\",\"url\":\"https:\/\/www.imakeyousmile.se\/wp-content\/uploads\/2020\/10\/HELENA-AMILEY_SVART-1-e1603367975324.png\",\"width\":280,\"height\":93,\"caption\":\"Imakeyousmile\"},\"image\":{\"@id\":\"https:\/\/www.imakeyousmile.se\/es\/#logo\"}},{\"@type\":\"WebSite\",\"@id\":\"https:\/\/www.imakeyousmile.se\/es\/#website\",\"url\":\"https:\/\/www.imakeyousmile.se\/es\/\",\"name\":\"Imakeyousmile.se\",\"description\":\"Helena Amiley - Beauty, Entrepreneur, Lifestyle\",\"publisher\":{\"@id\":\"https:\/\/www.imakeyousmile.se\/es\/#organization\"},\"potentialAction\":[{\"@type\":\"SearchAction\",\"target\":\"https:\/\/www.imakeyousmile.se\/es\/?s={search_term_string}\",\"query-input\":\"required name=search_term_string\"}],\"inLanguage\":\"es\"},{\"@type\":\"ImageObject\",\"@id\":\"https:\/\/www.imakeyousmile.se\/lila-och-rosa-sminkning-4\/#primaryimage\",\"inLanguage\":\"es\",\"url\":\"http:\/\/3.bp.blogspot.com\/-c0fOFq-Xync\/TdeYSVw2oqI\/AAAAAAAAD3k\/eK_rqwOcots\/s320\/DSC_0003.JPG\"},{\"@type\":\"WebPage\",\"@id\":\"https:\/\/www.imakeyousmile.se\/lila-och-rosa-sminkning-4\/#webpage\",\"url\":\"https:\/\/www.imakeyousmile.se\/lila-och-rosa-sminkning-4\/\",\"name\":\"Lila och rosa sminkning | Imakeyousmile.se\",\"isPartOf\":{\"@id\":\"https:\/\/www.imakeyousmile.se\/es\/#website\"},\"primaryImageOfPage\":{\"@id\":\"https:\/\/www.imakeyousmile.se\/lila-och-rosa-sminkning-4\/#primaryimage\"},\"datePublished\":\"2011-05-21T09:57:00+00:00\",\"dateModified\":\"2011-05-21T09:57:00+00:00\",\"description\":\"Lila och rosa sminkning | Helena Amiley - H\\u00e4r hittar du senaste infromation om sk\\u00f6nhet, livsstil, entrepren\\u00f6rskap, makeup & tips.\",\"inLanguage\":\"es\",\"potentialAction\":[{\"@type\":\"ReadAction\",\"target\":[\"https:\/\/www.imakeyousmile.se\/lila-och-rosa-sminkning-4\/\"]}]},{\"@type\":\"Article\",\"@id\":\"https:\/\/www.imakeyousmile.se\/lila-och-rosa-sminkning-4\/#article\",\"isPartOf\":{\"@id\":\"https:\/\/www.imakeyousmile.se\/lila-och-rosa-sminkning-4\/#webpage\"},\"author\":{\"@id\":\"https:\/\/www.imakeyousmile.se\/es\/#\/schema\/person\/b0fd43b1c6bb1c60cfd68bff9b4a10fb\"},\"headline\":\"Lila och rosa sminkning\",\"datePublished\":\"2011-05-21T09:57:00+00:00\",\"dateModified\":\"2011-05-21T09:57:00+00:00\",\"mainEntityOfPage\":{\"@id\":\"https:\/\/www.imakeyousmile.se\/lila-och-rosa-sminkning-4\/#webpage\"},\"commentCount\":0,\"publisher\":{\"@id\":\"https:\/\/www.imakeyousmile.se\/es\/#organization\"},\"image\":{\"@id\":\"https:\/\/www.imakeyousmile.se\/lila-och-rosa-sminkning-4\/#primaryimage\"},\"articleSection\":\"\\u00d6vrigt\",\"inLanguage\":\"es\",\"potentialAction\":[{\"@type\":\"CommentAction\",\"name\":\"Comment\",\"target\":[\"https:\/\/www.imakeyousmile.se\/lila-och-rosa-sminkning-4\/#respond\"]}]},{\"@type\":\"Person\",\"@id\":\"https:\/\/www.imakeyousmile.se\/es\/#\/schema\/person\/b0fd43b1c6bb1c60cfd68bff9b4a10fb\",\"name\":\"Helena Amiley\",\"image\":{\"@type\":\"ImageObject\",\"@id\":\"https:\/\/www.imakeyousmile.se\/es\/#personlogo\",\"inLanguage\":\"es\",\"url\":\"https:\/\/secure.gravatar.com\/avatar\/5645558e1e355457a23368d7e1b4c904?s=96&d=mm&r=g\",\"caption\":\"Helena Amiley\"},\"description\":\"Jag skriver mest om sk\\u00f6nhet men bjuder \\u00e4ven p\\u00e5 glimtar fr\\u00e5n entrepren\\u00f6rlivet och bygget av v\\u00e5r egen camper van. Vanlife here we come!\",\"sameAs\":[\"https:\/\/www.facebook.com\/imakeyousmile.se\",\"https:\/\/www.instagram.com\/helenaamiley\",\"https:\/\/www.youtube.com\/channel\/UCR5iB6rvpV6Yr8ZjpQfr5mg?view_as=subscriber\"]}]}<\/script>\n<!-- \/ Yoast SEO Premium plugin. -->","_links":{"self":[{"href":"https:\/\/www.imakeyousmile.se\/es\/wp-json\/wp\/v2\/posts\/1499"}],"collection":[{"href":"https:\/\/www.imakeyousmile.se\/es\/wp-json\/wp\/v2\/posts"}],"about":[{"href":"https:\/\/www.imakeyousmile.se\/es\/wp-json\/wp\/v2\/types\/post"}],"author":[{"embeddable":true,"href":"https:\/\/www.imakeyousmile.se\/es\/wp-json\/wp\/v2\/users\/30"}],"replies":[{"embeddable":true,"href":"https:\/\/www.imakeyousmile.se\/es\/wp-json\/wp\/v2\/comments?post=1499"}],"version-history":[{"count":0,"href":"https:\/\/www.imakeyousmile.se\/es\/wp-json\/wp\/v2\/posts\/1499\/revisions"}],"wp:attachment":[{"href":"https:\/\/www.imakeyousmile.se\/es\/wp-json\/wp\/v2\/media?parent=1499"}],"wp:term":[{"taxonomy":"category","embeddable":true,"href":"https:\/\/www.imakeyousmile.se\/es\/wp-json\/wp\/v2\/categories?post=1499"},{"taxonomy":"post_tag","embeddable":true,"href":"https:\/\/www.imakeyousmile.se\/es\/wp-json\/wp\/v2\/tags?post=1499"}],"curies":[{"name":"wp","href":"https:\/\/api.w.org\/{rel}","templated":true}]}}