{"id":1503,"date":"2011-05-18T19:02:00","date_gmt":"2011-05-18T17:02:00","guid":{"rendered":"http:\/\/www.imakeyousmile.se\/naturlig-festsminkning\/"},"modified":"2014-08-13T19:05:53","modified_gmt":"2014-08-13T17:05:53","slug":"naturlig-festsminkning","status":"publish","type":"post","link":"https:\/\/www.imakeyousmile.se\/es\/maquillaje-de-fiesta-natural\/","title":{"rendered":"Maquillaje de fiesta natural"},"content":{"rendered":"<div style=\"clear: both; text-align: left;\">\u00a1Nicolin se reconcili\u00f3 hoy antes de la cena de estudiante de su hermano!<\/div>\n<div style=\"clear: both; text-align: left;\"><\/div>\n<div style=\"clear: both; text-align: left;\">Entonces quieres ser un poco m\u00e1s amable, pero no mucho. <span style=\"font-size: x-large;\">fijo <\/span>tanto como. Entonces se convirti\u00f3 en un maquillaje de fiesta natural, \u00bfo c\u00f3mo deber\u00eda llamarlo?<\/div>\n<div style=\"clear: both; text-align: left;\"><\/div>\n<div style=\"clear: both; text-align: left;\">Ten\u00eda un poco de prisa, as\u00ed que solo era una imagen completa, \u00a1pero espero que te veas razonablemente bien de todos modos! :)<\/div>\n<div style=\"clear: both; text-align: center;\"><\/div>\n<div style=\"clear: both; text-align: center;\"><a style=\"margin-left: 1em; margin-right: 1em;\" href=\"http:\/\/3.bp.blogspot.com\/-7a-KZ9fEdsQ\/TdP9sePIyNI\/AAAAAAAAD28\/HFPFzeSI74A\/s1600\/DSCN1992.JPG\"><img decoding=\"async\" src=\"http:\/\/3.bp.blogspot.com\/-7a-KZ9fEdsQ\/TdP9sePIyNI\/AAAAAAAAD28\/HFPFzeSI74A\/s640\/DSCN1992.JPG\" alt=\"\" width=\"464px\" height=\"640px\" border=\"0\" \/><\/a><\/div>\n<div style=\"clear: both; text-align: center;\"><\/div>\n<div style=\"clear: both; text-align: center;\">Sombra de ojos color n\u00e1car en la parte interior del p\u00e1rpado, <em>no conozco la marca.<\/em><\/div>\n<div style=\"clear: both; text-align: center;\">Sombra de ojos rosa coral al final del p\u00e1rpado y en la parte inferior de la l\u00ednea de las pesta\u00f1as inferiores, <em>Tienda de maquillaje.<\/em><\/div>\n<div style=\"clear: both; text-align: center;\">Sombra de ojos marr\u00f3n en el resto de la l\u00ednea de las pesta\u00f1as inferiores y a lo largo de la l\u00ednea del globo, <em>Isadora.<\/em><\/div>\n<div style=\"clear: both; text-align: center;\">\u00a1Y un poco delineador de ojos y mejillas rosadas! :)<\/div>\n<p>Ugh y joder, me siento tan duro y solo <span style=\"font-size: x-large;\">azul<\/span> ahora mismo. Creo que tal vez sea solo en esa \u00e9poca del mes, o porque tengo tanto en la escuela en este momento.<\/p>\n<p>Solo vela <span style=\"font-size: x-large;\">las compras en l\u00ednea<\/span> casa un guardarropa nuevo<em>o mejor<\/em>) muchos zapatos, maquillaje y productos, lo que sea.<\/p>\n<p>Y luego recu\u00e9stame en la cama frente al televisor con un gran calor <span style=\"font-size: x-large;\">taza de t\u00e9<\/span> y t\u00f3matelo con calma.<\/p>\n<p>Pero en cambio me siento aqu\u00ed y seguir\u00e9 contando <span style=\"font-size: x-large;\">mate<\/span>, y posiblemente obligarme a salir y correr por la pista. Debe lavarse mucho tambi\u00e9n, tanto la ropa como las brochas de maquillaje. Mmmm ...<\/p>\n<div style=\"text-align: center;\"><span style=\"font-size: x-large;\">Probablemente tengas d\u00edas as\u00ed<\/span><\/div>\n<div style=\"text-align: center;\"><span style=\"font-size: x-large;\">\u00a1a veces muy simplemente!<\/span><\/div>","protected":false},"excerpt":{"rendered":"<p>Sminkade Nicolin idag inf\u00f6r sin brors studentmiddag! D\u00e5 vill man ju vara lite extra fin, men inte v\u00e4ldigt fixad liksom. S\u00e5 det blev en naturlig festsminkning, eller vad ska man kalla det? Hon hade lite br\u00e5ttom s\u00e5 det blev bara en helbild, men hoppas ni ser n\u00e5gorlunda bra \u00e4nd\u00e5! :) P\u00e4rlemor-f\u00e4rgad \u00f6gonskugga innerst p\u00e5 \u00f6gonlocket, [&hellip;]<\/p>\n","protected":false},"author":30,"featured_media":0,"comment_status":"open","ping_status":"open","sticky":false,"template":"","format":"standard","meta":{"footnotes":""},"categories":[3],"tags":[],"class_list":["post-1503","post","type-post","status-publish","format-standard","hentry","category-allmant"],"yoast_head":"<!-- This site is optimized with the Yoast SEO Premium plugin v14.9 - https:\/\/yoast.com\/wordpress\/plugins\/seo\/ -->\n<meta name=\"description\" content=\"Naturlig festsminkning | Helena Amiley - H\u00e4r hittar du senaste infromation om sk\u00f6nhet, livsstil, entrepren\u00f6rskap, makeup &amp; tips.\" \/>\n<meta name=\"robots\" content=\"index, follow, max-snippet:-1, max-image-preview:large, max-video-preview:-1\" \/>\n<link rel=\"canonical\" href=\"https:\/\/www.imakeyousmile.se\/es\/naturlig-festsminkning\/\" \/>\n<meta property=\"og:locale\" content=\"es_ES\" \/>\n<meta property=\"og:type\" content=\"article\" \/>\n<meta property=\"og:title\" content=\"Naturlig festsminkning | Imakeyousmile.se\" \/>\n<meta property=\"og:description\" content=\"Naturlig festsminkning | Helena Amiley - H\u00e4r hittar du senaste infromation om sk\u00f6nhet, livsstil, entrepren\u00f6rskap, makeup &amp; tips.\" \/>\n<meta property=\"og:url\" content=\"https:\/\/www.imakeyousmile.se\/es\/naturlig-festsminkning\/\" \/>\n<meta property=\"og:site_name\" content=\"Imakeyousmile.se\" \/>\n<meta property=\"article:author\" content=\"https:\/\/www.facebook.com\/imakeyousmile.se\" \/>\n<meta property=\"article:published_time\" content=\"2011-05-18T17:02:00+00:00\" \/>\n<meta property=\"article:modified_time\" content=\"2014-08-13T17:05:53+00:00\" \/>\n<meta property=\"og:image\" content=\"http:\/\/3.bp.blogspot.com\/-7a-KZ9fEdsQ\/TdP9sePIyNI\/AAAAAAAAD28\/HFPFzeSI74A\/s640\/DSCN1992.JPG\" \/>\n<meta name=\"twitter:card\" content=\"summary_large_image\" \/>\n<script type=\"application\/ld+json\" class=\"yoast-schema-graph\">{\"@context\":\"https:\/\/schema.org\",\"@graph\":[{\"@type\":\"Organization\",\"@id\":\"https:\/\/www.imakeyousmile.se\/es\/#organization\",\"name\":\"Imakeyousmile\",\"url\":\"https:\/\/www.imakeyousmile.se\/es\/\",\"sameAs\":[],\"logo\":{\"@type\":\"ImageObject\",\"@id\":\"https:\/\/www.imakeyousmile.se\/es\/#logo\",\"inLanguage\":\"es\",\"url\":\"https:\/\/www.imakeyousmile.se\/wp-content\/uploads\/2020\/10\/HELENA-AMILEY_SVART-1-e1603367975324.png\",\"width\":280,\"height\":93,\"caption\":\"Imakeyousmile\"},\"image\":{\"@id\":\"https:\/\/www.imakeyousmile.se\/es\/#logo\"}},{\"@type\":\"WebSite\",\"@id\":\"https:\/\/www.imakeyousmile.se\/es\/#website\",\"url\":\"https:\/\/www.imakeyousmile.se\/es\/\",\"name\":\"Imakeyousmile.se\",\"description\":\"Helena Amiley - Beauty, Entrepreneur, Lifestyle\",\"publisher\":{\"@id\":\"https:\/\/www.imakeyousmile.se\/es\/#organization\"},\"potentialAction\":[{\"@type\":\"SearchAction\",\"target\":\"https:\/\/www.imakeyousmile.se\/es\/?s={search_term_string}\",\"query-input\":\"required name=search_term_string\"}],\"inLanguage\":\"es\"},{\"@type\":\"ImageObject\",\"@id\":\"https:\/\/www.imakeyousmile.se\/naturlig-festsminkning\/#primaryimage\",\"inLanguage\":\"es\",\"url\":\"http:\/\/3.bp.blogspot.com\/-7a-KZ9fEdsQ\/TdP9sePIyNI\/AAAAAAAAD28\/HFPFzeSI74A\/s640\/DSCN1992.JPG\"},{\"@type\":\"WebPage\",\"@id\":\"https:\/\/www.imakeyousmile.se\/naturlig-festsminkning\/#webpage\",\"url\":\"https:\/\/www.imakeyousmile.se\/naturlig-festsminkning\/\",\"name\":\"Naturlig festsminkning | Imakeyousmile.se\",\"isPartOf\":{\"@id\":\"https:\/\/www.imakeyousmile.se\/es\/#website\"},\"primaryImageOfPage\":{\"@id\":\"https:\/\/www.imakeyousmile.se\/naturlig-festsminkning\/#primaryimage\"},\"datePublished\":\"2011-05-18T17:02:00+00:00\",\"dateModified\":\"2014-08-13T17:05:53+00:00\",\"description\":\"Naturlig festsminkning | Helena Amiley - H\\u00e4r hittar du senaste infromation om sk\\u00f6nhet, livsstil, entrepren\\u00f6rskap, makeup & tips.\",\"inLanguage\":\"es\",\"potentialAction\":[{\"@type\":\"ReadAction\",\"target\":[\"https:\/\/www.imakeyousmile.se\/naturlig-festsminkning\/\"]}]},{\"@type\":\"Article\",\"@id\":\"https:\/\/www.imakeyousmile.se\/naturlig-festsminkning\/#article\",\"isPartOf\":{\"@id\":\"https:\/\/www.imakeyousmile.se\/naturlig-festsminkning\/#webpage\"},\"author\":{\"@id\":\"https:\/\/www.imakeyousmile.se\/es\/#\/schema\/person\/b0fd43b1c6bb1c60cfd68bff9b4a10fb\"},\"headline\":\"Naturlig festsminkning\",\"datePublished\":\"2011-05-18T17:02:00+00:00\",\"dateModified\":\"2014-08-13T17:05:53+00:00\",\"mainEntityOfPage\":{\"@id\":\"https:\/\/www.imakeyousmile.se\/naturlig-festsminkning\/#webpage\"},\"commentCount\":0,\"publisher\":{\"@id\":\"https:\/\/www.imakeyousmile.se\/es\/#organization\"},\"image\":{\"@id\":\"https:\/\/www.imakeyousmile.se\/naturlig-festsminkning\/#primaryimage\"},\"articleSection\":\"\\u00d6vrigt\",\"inLanguage\":\"es\",\"potentialAction\":[{\"@type\":\"CommentAction\",\"name\":\"Comment\",\"target\":[\"https:\/\/www.imakeyousmile.se\/naturlig-festsminkning\/#respond\"]}]},{\"@type\":\"Person\",\"@id\":\"https:\/\/www.imakeyousmile.se\/es\/#\/schema\/person\/b0fd43b1c6bb1c60cfd68bff9b4a10fb\",\"name\":\"Helena Amiley\",\"image\":{\"@type\":\"ImageObject\",\"@id\":\"https:\/\/www.imakeyousmile.se\/es\/#personlogo\",\"inLanguage\":\"es\",\"url\":\"https:\/\/secure.gravatar.com\/avatar\/5645558e1e355457a23368d7e1b4c904?s=96&d=mm&r=g\",\"caption\":\"Helena Amiley\"},\"description\":\"Jag skriver mest om sk\\u00f6nhet men bjuder \\u00e4ven p\\u00e5 glimtar fr\\u00e5n entrepren\\u00f6rlivet och bygget av v\\u00e5r egen camper van. Vanlife here we come!\",\"sameAs\":[\"https:\/\/www.facebook.com\/imakeyousmile.se\",\"https:\/\/www.instagram.com\/helenaamiley\",\"https:\/\/www.youtube.com\/channel\/UCR5iB6rvpV6Yr8ZjpQfr5mg?view_as=subscriber\"]}]}<\/script>\n<!-- \/ Yoast SEO Premium plugin. -->","_links":{"self":[{"href":"https:\/\/www.imakeyousmile.se\/es\/wp-json\/wp\/v2\/posts\/1503"}],"collection":[{"href":"https:\/\/www.imakeyousmile.se\/es\/wp-json\/wp\/v2\/posts"}],"about":[{"href":"https:\/\/www.imakeyousmile.se\/es\/wp-json\/wp\/v2\/types\/post"}],"author":[{"embeddable":true,"href":"https:\/\/www.imakeyousmile.se\/es\/wp-json\/wp\/v2\/users\/30"}],"replies":[{"embeddable":true,"href":"https:\/\/www.imakeyousmile.se\/es\/wp-json\/wp\/v2\/comments?post=1503"}],"version-history":[{"count":0,"href":"https:\/\/www.imakeyousmile.se\/es\/wp-json\/wp\/v2\/posts\/1503\/revisions"}],"wp:attachment":[{"href":"https:\/\/www.imakeyousmile.se\/es\/wp-json\/wp\/v2\/media?parent=1503"}],"wp:term":[{"taxonomy":"category","embeddable":true,"href":"https:\/\/www.imakeyousmile.se\/es\/wp-json\/wp\/v2\/categories?post=1503"},{"taxonomy":"post_tag","embeddable":true,"href":"https:\/\/www.imakeyousmile.se\/es\/wp-json\/wp\/v2\/tags?post=1503"}],"curies":[{"name":"wp","href":"https:\/\/api.w.org\/{rel}","templated":true}]}}