{"id":1512,"date":"2011-05-15T17:10:00","date_gmt":"2011-05-15T15:10:00","guid":{"rendered":"http:\/\/www.imakeyousmile.se\/khakigron-sminkning-mitt-sakra-kort\/"},"modified":"2014-08-16T10:54:19","modified_gmt":"2014-08-16T08:54:19","slug":"khakigron-sminkning-mitt-sakra-kort","status":"publish","type":"post","link":"https:\/\/www.imakeyousmile.se\/es\/cakigron-maquillaje-mi-tarjeta-sagrada\/","title":{"rendered":"Maquillaje verde caqui - My safe card"},"content":{"rendered":"<div style=\"clear: both; text-align: left;\">El maquillaje de hoy probablemente lo he hecho antes y lo he publicado en el blog, al menos similar.<\/div>\n<div style=\"clear: both; text-align: left;\"><\/div>\n<div style=\"clear: both; text-align: left;\">Pero si tiene prisa por la ma\u00f1ana, es bueno tener uno <span style=\"font-size: x-large;\">tarjeta segura<\/span> en el que siempre prosperas! Y as\u00ed fue con este maquillaje esta ma\u00f1ana :)<\/div>\n<div style=\"clear: both; text-align: center;\"><\/div>\n<div style=\"clear: both; text-align: center;\"><a style=\"margin-left: 1em; margin-right: 1em;\" href=\"http:\/\/3.bp.blogspot.com\/-dyxTg_OP2Eg\/Tc_3Z8DcfmI\/AAAAAAAAD2I\/yUGk3UMPCBg\/s1600\/DSC_0014.JPG\"><img loading=\"lazy\" decoding=\"async\" src=\"http:\/\/3.bp.blogspot.com\/-dyxTg_OP2Eg\/Tc_3Z8DcfmI\/AAAAAAAAD2I\/yUGk3UMPCBg\/s320\/DSC_0014.JPG\" alt=\"\" width=\"313\" height=\"320\" border=\"0\" \/><\/a><\/div>\n<div style=\"clear: both; text-align: center;\"><em>Solo he usado la paleta de H&amp;M.<\/em><\/div>\n<div style=\"clear: both; text-align: center;\"><em>\u00bfVes lo buenos que son los colores?<span style=\"font-size: large;\"> Destacar<\/span> <span style=\"font-size: large;\">m\u00eda <span style=\"color: #3d85c6;\"><strong>ojos azules<\/strong><\/span><\/span>?<\/em><\/div>\n<div style=\"clear: both; text-align: center;\"><\/div>\n<div style=\"clear: both; text-align: center;\"><span style=\"color: #6aa84f; font-size: large;\"><strong>Verde<\/strong><\/span> sombra de ojos en todo el p\u00e1rpado e interior en la l\u00ednea de las pesta\u00f1as inferiores.<\/div>\n<div style=\"clear: both; text-align: center;\"><span style=\"color: #38761d; font-size: large;\"><strong>Verde caqui<\/strong><\/span> sombra de ojos a lo largo de la l\u00ednea del globo terr\u00e1queo y al final de la l\u00ednea de las pesta\u00f1as inferiores.<\/div>\n<div style=\"clear: both; text-align: center;\"><strong><span style=\"font-size: large;\"><span style=\"color: #7f6000;\">marr\u00f3n<\/span><span style=\"color: #38761d;\">Verde<\/span><\/span><\/strong> sombra de ojos sobre la l\u00ednea del globo.<\/div>\n<div style=\"clear: both; text-align: center;\"><span style=\"color: #999999; font-size: large;\">Blanco<\/span> iluminador debajo de la ceja y en el rabillo del ojo.<\/div>\n<div style=\"clear: both; text-align: center;\"><\/div>\n<div style=\"clear: both; text-align: center;\"><strong><span style=\"font-size: large;\">Negro<\/span><\/strong>\u00a0delineador de ojos <em>un poco<\/em> en el otro extremo <span style=\"text-decoration: underline;\">inferior<\/span> fransraden,<\/div>\n<div style=\"clear: both; text-align: center;\"><em>un poco<\/em> dentro <span style=\"text-decoration: underline;\">interno<\/span> l\u00ednea de pesta\u00f1as y finalmente en <span style=\"text-decoration: underline;\">Superior<\/span> fransraden, <em>H&amp;M.<\/em><\/div>\n<div style=\"clear: both; text-align: center;\"><a style=\"margin-left: 1em; margin-right: 1em;\" href=\"http:\/\/4.bp.blogspot.com\/-Xoe5Mpp4R9M\/Tc_3ivebSJI\/AAAAAAAAD2M\/19UQJCqC_E4\/s1600\/DSC_0018.JPG\"><img loading=\"lazy\" decoding=\"async\" src=\"http:\/\/4.bp.blogspot.com\/-Xoe5Mpp4R9M\/Tc_3ivebSJI\/AAAAAAAAD2M\/19UQJCqC_E4\/s640\/DSC_0018.JPG\" alt=\"\" width=\"484\" height=\"640\" border=\"0\" \/><\/a><\/div>\n<div style=\"clear: both; text-align: center;\"><em>\u00a1Un poco de rubor y labios naturales!<\/em><\/div>\n<p>Ahora voy a comer, y luego deber\u00eda empezar y empezar a estudiar. <span style=\"font-size: x-large;\">mate<\/span>. Pero se inclina m\u00e1s hacia tonter\u00edas con Frida y luego viendo hockey.<\/p>\n<div style=\"text-align: center;\"><span style=\"font-size: x-large;\">\u00a1Rega\u00f1ame, as\u00ed que estudio!<\/span><\/div>","protected":false},"excerpt":{"rendered":"<p>Dagens sminkning\u00a0har jag\u00a0s\u00e4kert gjort f\u00f6rut och lagt upp p\u00e5 bloggen, snarlika iallafall. Men har man br\u00e5ttom p\u00e5 morgonen \u00e4r det bra att ha ett s\u00e4kert kort som man alltid trivs i! Och s\u00e5 blev det med denna sminkning i morse :) Har bara anv\u00e4nt\u00a0H&amp;M paletten. Ser ni hur bra f\u00e4rgerna framh\u00e4ver mina bl\u00e5a \u00f6gon? Gr\u00f6n [&hellip;]<\/p>\n","protected":false},"author":30,"featured_media":0,"comment_status":"open","ping_status":"open","sticky":false,"template":"","format":"standard","meta":{"footnotes":""},"categories":[3],"tags":[],"class_list":["post-1512","post","type-post","status-publish","format-standard","hentry","category-allmant"],"yoast_head":"<!-- This site is optimized with the Yoast SEO Premium plugin v14.9 - https:\/\/yoast.com\/wordpress\/plugins\/seo\/ -->\n<meta name=\"description\" content=\"Khakigr\u00f6n sminkning - Mitt s\u00e4kra kort | Helena Amiley - H\u00e4r hittar du senaste infromation om sk\u00f6nhet, livsstil, entrepren\u00f6rskap, makeup &amp; tips.\" \/>\n<meta name=\"robots\" content=\"index, follow, max-snippet:-1, max-image-preview:large, max-video-preview:-1\" \/>\n<link rel=\"canonical\" href=\"https:\/\/www.imakeyousmile.se\/es\/khakigron-sminkning-mitt-sakra-kort\/\" \/>\n<meta property=\"og:locale\" content=\"es_ES\" \/>\n<meta property=\"og:type\" content=\"article\" \/>\n<meta property=\"og:title\" content=\"Khakigr\u00f6n sminkning - Mitt s\u00e4kra kort | Imakeyousmile.se\" \/>\n<meta property=\"og:description\" content=\"Khakigr\u00f6n sminkning - Mitt s\u00e4kra kort | Helena Amiley - H\u00e4r hittar du senaste infromation om sk\u00f6nhet, livsstil, entrepren\u00f6rskap, makeup &amp; tips.\" \/>\n<meta property=\"og:url\" content=\"https:\/\/www.imakeyousmile.se\/es\/khakigron-sminkning-mitt-sakra-kort\/\" \/>\n<meta property=\"og:site_name\" content=\"Imakeyousmile.se\" \/>\n<meta property=\"article:author\" content=\"https:\/\/www.facebook.com\/imakeyousmile.se\" \/>\n<meta property=\"article:published_time\" content=\"2011-05-15T15:10:00+00:00\" \/>\n<meta property=\"article:modified_time\" content=\"2014-08-16T08:54:19+00:00\" \/>\n<meta property=\"og:image\" content=\"http:\/\/3.bp.blogspot.com\/-dyxTg_OP2Eg\/Tc_3Z8DcfmI\/AAAAAAAAD2I\/yUGk3UMPCBg\/s320\/DSC_0014.JPG\" \/>\n<meta name=\"twitter:card\" content=\"summary_large_image\" \/>\n<script type=\"application\/ld+json\" class=\"yoast-schema-graph\">{\"@context\":\"https:\/\/schema.org\",\"@graph\":[{\"@type\":\"Organization\",\"@id\":\"https:\/\/www.imakeyousmile.se\/es\/#organization\",\"name\":\"Imakeyousmile\",\"url\":\"https:\/\/www.imakeyousmile.se\/es\/\",\"sameAs\":[],\"logo\":{\"@type\":\"ImageObject\",\"@id\":\"https:\/\/www.imakeyousmile.se\/es\/#logo\",\"inLanguage\":\"es\",\"url\":\"https:\/\/www.imakeyousmile.se\/wp-content\/uploads\/2020\/10\/HELENA-AMILEY_SVART-1-e1603367975324.png\",\"width\":280,\"height\":93,\"caption\":\"Imakeyousmile\"},\"image\":{\"@id\":\"https:\/\/www.imakeyousmile.se\/es\/#logo\"}},{\"@type\":\"WebSite\",\"@id\":\"https:\/\/www.imakeyousmile.se\/es\/#website\",\"url\":\"https:\/\/www.imakeyousmile.se\/es\/\",\"name\":\"Imakeyousmile.se\",\"description\":\"Helena Amiley - Beauty, Entrepreneur, Lifestyle\",\"publisher\":{\"@id\":\"https:\/\/www.imakeyousmile.se\/es\/#organization\"},\"potentialAction\":[{\"@type\":\"SearchAction\",\"target\":\"https:\/\/www.imakeyousmile.se\/es\/?s={search_term_string}\",\"query-input\":\"required name=search_term_string\"}],\"inLanguage\":\"es\"},{\"@type\":\"ImageObject\",\"@id\":\"https:\/\/www.imakeyousmile.se\/khakigron-sminkning-mitt-sakra-kort\/#primaryimage\",\"inLanguage\":\"es\",\"url\":\"http:\/\/3.bp.blogspot.com\/-dyxTg_OP2Eg\/Tc_3Z8DcfmI\/AAAAAAAAD2I\/yUGk3UMPCBg\/s320\/DSC_0014.JPG\"},{\"@type\":\"WebPage\",\"@id\":\"https:\/\/www.imakeyousmile.se\/khakigron-sminkning-mitt-sakra-kort\/#webpage\",\"url\":\"https:\/\/www.imakeyousmile.se\/khakigron-sminkning-mitt-sakra-kort\/\",\"name\":\"Khakigr\\u00f6n sminkning - Mitt s\\u00e4kra kort | Imakeyousmile.se\",\"isPartOf\":{\"@id\":\"https:\/\/www.imakeyousmile.se\/es\/#website\"},\"primaryImageOfPage\":{\"@id\":\"https:\/\/www.imakeyousmile.se\/khakigron-sminkning-mitt-sakra-kort\/#primaryimage\"},\"datePublished\":\"2011-05-15T15:10:00+00:00\",\"dateModified\":\"2014-08-16T08:54:19+00:00\",\"description\":\"Khakigr\\u00f6n sminkning - Mitt s\\u00e4kra kort | Helena Amiley - H\\u00e4r hittar du senaste infromation om sk\\u00f6nhet, livsstil, entrepren\\u00f6rskap, makeup & tips.\",\"inLanguage\":\"es\",\"potentialAction\":[{\"@type\":\"ReadAction\",\"target\":[\"https:\/\/www.imakeyousmile.se\/khakigron-sminkning-mitt-sakra-kort\/\"]}]},{\"@type\":\"Article\",\"@id\":\"https:\/\/www.imakeyousmile.se\/khakigron-sminkning-mitt-sakra-kort\/#article\",\"isPartOf\":{\"@id\":\"https:\/\/www.imakeyousmile.se\/khakigron-sminkning-mitt-sakra-kort\/#webpage\"},\"author\":{\"@id\":\"https:\/\/www.imakeyousmile.se\/es\/#\/schema\/person\/b0fd43b1c6bb1c60cfd68bff9b4a10fb\"},\"headline\":\"Khakigr\\u00f6n sminkning &#8211; Mitt s\\u00e4kra kort\",\"datePublished\":\"2011-05-15T15:10:00+00:00\",\"dateModified\":\"2014-08-16T08:54:19+00:00\",\"mainEntityOfPage\":{\"@id\":\"https:\/\/www.imakeyousmile.se\/khakigron-sminkning-mitt-sakra-kort\/#webpage\"},\"commentCount\":0,\"publisher\":{\"@id\":\"https:\/\/www.imakeyousmile.se\/es\/#organization\"},\"image\":{\"@id\":\"https:\/\/www.imakeyousmile.se\/khakigron-sminkning-mitt-sakra-kort\/#primaryimage\"},\"articleSection\":\"\\u00d6vrigt\",\"inLanguage\":\"es\",\"potentialAction\":[{\"@type\":\"CommentAction\",\"name\":\"Comment\",\"target\":[\"https:\/\/www.imakeyousmile.se\/khakigron-sminkning-mitt-sakra-kort\/#respond\"]}]},{\"@type\":\"Person\",\"@id\":\"https:\/\/www.imakeyousmile.se\/es\/#\/schema\/person\/b0fd43b1c6bb1c60cfd68bff9b4a10fb\",\"name\":\"Helena Amiley\",\"image\":{\"@type\":\"ImageObject\",\"@id\":\"https:\/\/www.imakeyousmile.se\/es\/#personlogo\",\"inLanguage\":\"es\",\"url\":\"https:\/\/secure.gravatar.com\/avatar\/5645558e1e355457a23368d7e1b4c904?s=96&d=mm&r=g\",\"caption\":\"Helena Amiley\"},\"description\":\"Jag skriver mest om sk\\u00f6nhet men bjuder \\u00e4ven p\\u00e5 glimtar fr\\u00e5n entrepren\\u00f6rlivet och bygget av v\\u00e5r egen camper van. Vanlife here we come!\",\"sameAs\":[\"https:\/\/www.facebook.com\/imakeyousmile.se\",\"https:\/\/www.instagram.com\/helenaamiley\",\"https:\/\/www.youtube.com\/channel\/UCR5iB6rvpV6Yr8ZjpQfr5mg?view_as=subscriber\"]}]}<\/script>\n<!-- \/ Yoast SEO Premium plugin. -->","_links":{"self":[{"href":"https:\/\/www.imakeyousmile.se\/es\/wp-json\/wp\/v2\/posts\/1512"}],"collection":[{"href":"https:\/\/www.imakeyousmile.se\/es\/wp-json\/wp\/v2\/posts"}],"about":[{"href":"https:\/\/www.imakeyousmile.se\/es\/wp-json\/wp\/v2\/types\/post"}],"author":[{"embeddable":true,"href":"https:\/\/www.imakeyousmile.se\/es\/wp-json\/wp\/v2\/users\/30"}],"replies":[{"embeddable":true,"href":"https:\/\/www.imakeyousmile.se\/es\/wp-json\/wp\/v2\/comments?post=1512"}],"version-history":[{"count":0,"href":"https:\/\/www.imakeyousmile.se\/es\/wp-json\/wp\/v2\/posts\/1512\/revisions"}],"wp:attachment":[{"href":"https:\/\/www.imakeyousmile.se\/es\/wp-json\/wp\/v2\/media?parent=1512"}],"wp:term":[{"taxonomy":"category","embeddable":true,"href":"https:\/\/www.imakeyousmile.se\/es\/wp-json\/wp\/v2\/categories?post=1512"},{"taxonomy":"post_tag","embeddable":true,"href":"https:\/\/www.imakeyousmile.se\/es\/wp-json\/wp\/v2\/tags?post=1512"}],"curies":[{"name":"wp","href":"https:\/\/api.w.org\/{rel}","templated":true}]}}