{"id":1514,"date":"2011-05-14T19:56:00","date_gmt":"2011-05-14T17:56:00","guid":{"rendered":"http:\/\/www.imakeyousmile.se\/turkos-och-lila-sminkning\/"},"modified":"2012-12-02T18:36:10","modified_gmt":"2012-12-02T17:36:10","slug":"turkos-och-lila-sminkning","status":"publish","type":"post","link":"https:\/\/www.imakeyousmile.se\/es\/maquillaje-turquesa-y-morado\/","title":{"rendered":"Maquillaje turquesa y morado"},"content":{"rendered":"<div style=\"clear: both; text-align: left;\">Ahora estoy completamente exhausto. Han trabajado en<span style=\"font-size: x-large;\"> ICA<\/span> todo el d\u00eda, y cuando no est\u00e1s acostumbrado, \u00a1te pasa factura!<\/div>\n<div style=\"clear: both; text-align: left;\"><\/div>\n<div style=\"clear: both; text-align: left;\">Me sent\u00ed como uno<span style=\"font-size: x-large;\"> eternidad<\/span> cuando estaba esperando el autob\u00fas a casa &quot;<em>nunca vendr\u00e1, me quedar\u00e9 aqu\u00ed y me pudrir\u00e9 hasta morir<\/em>Entonces pens\u00e9, jaja.<\/div>\n<div style=\"clear: both; text-align: left;\"><\/div>\n<div style=\"clear: both; text-align: left;\">Al menos as\u00ed es como me ve\u00eda hoy:<\/div>\n<div style=\"clear: both; text-align: center;\"><a style=\"margin-left: 1em; margin-right: 1em;\" href=\"http:\/\/1.bp.blogspot.com\/-NPKX7uHUAtU\/Tc7Ojpa-h1I\/AAAAAAAAD18\/_tUrmeRNofA\/s1600\/DSC_0092.JPG\"><img loading=\"lazy\" decoding=\"async\" src=\"http:\/\/1.bp.blogspot.com\/-NPKX7uHUAtU\/Tc7Ojpa-h1I\/AAAAAAAAD18\/_tUrmeRNofA\/s320\/DSC_0092.JPG\" alt=\"\" width=\"307\" height=\"320\" border=\"0\" \/><\/a><\/div>\n<div style=\"clear: both; text-align: center;\">(<em>Todas las sombras de ojos son de la paleta 180<\/em>)<\/div>\n<div style=\"clear: both; text-align: center;\"><\/div>\n<div style=\"clear: both; text-align: center;\"><span style=\"color: #6fa8dc; font-size: large;\"><strong>Azul claro<\/strong><\/span> sombra de ojos en el p\u00e1rpado y en la parte inferior de la l\u00ednea de las pesta\u00f1as inferiores.<\/div>\n<div style=\"clear: both; text-align: center;\"><span style=\"color: #3d85c6; font-size: large;\"><strong>Azul<\/strong><\/span>\u00a0sombra de ojos al final del p\u00e1rpado.<\/div>\n<div style=\"clear: both; text-align: center;\"><span style=\"color: #45818e; font-size: large;\"><strong>Turquesa<\/strong><\/span> sombra de ojos a lo largo de la l\u00ednea del globo y la l\u00ednea de las pesta\u00f1as inferiores.<\/div>\n<div style=\"clear: both; text-align: center;\"><span style=\"color: #674ea7; font-size: large;\"><strong>P\u00farpura<\/strong><\/span> sombra de ojos sobre la l\u00ednea del globo.<\/div>\n<div style=\"clear: both; text-align: center;\"><\/div>\n<div style=\"clear: both; text-align: center;\"><span style=\"color: #45818e; font-size: large;\"><strong>Turquesa<\/strong><\/span> delineador de ojos en la l\u00ednea interior de las pesta\u00f1as, <span style=\"color: black;\"><em>L\u00e1piz de ojos resistente al agua Yves Rocher<\/em><\/span><em>.<\/em><\/div>\n<div style=\"clear: both; text-align: center;\"><a style=\"margin-left: 1em; margin-right: 1em;\" href=\"http:\/\/2.bp.blogspot.com\/--Fc3w475btU\/Tc7OkiJl-fI\/AAAAAAAAD2A\/AHw4U24so9I\/s1600\/DSC_0098.JPG\"><img loading=\"lazy\" decoding=\"async\" src=\"http:\/\/2.bp.blogspot.com\/--Fc3w475btU\/Tc7OkiJl-fI\/AAAAAAAAD2A\/AHw4U24so9I\/s640\/DSC_0098.JPG\" alt=\"\" width=\"424\" height=\"640\" border=\"0\" \/><\/a><\/div>\n<div style=\"clear: both; text-align: center;\"><\/div>\n<div style=\"clear: both; text-align: center;\"><strong><span style=\"font-size: x-large;\">Ahora sera<span style=\"color: red;\"> fresas<\/span><\/span><\/strong><\/div>\n<div style=\"clear: both; text-align: center;\"><strong><span style=\"font-size: x-large;\">y <\/span><\/strong><a href=\"http:\/\/www.google.se\/search?hl=sv&amp;biw=1284&amp;bih=670&amp;sa=X&amp;ei=7s_OTbXfA4TDtAbS5_C0Cw&amp;ved=0CCAQBSgA&amp;q=Eurovision+song+contest&amp;spell=1\"><span style=\"color: black; font-size: x-large;\"><strong>Concurso de canto Eurovisi\u00f3n<\/strong><\/span><\/a><span style=\"color: black; font-size: x-large;\"><strong>!<\/strong><\/span><\/div>","protected":false},"excerpt":{"rendered":"<p>Nu \u00e4r jag heeelt slutk\u00f6rd. Har jobbat p\u00e5 ICA hela dagen, och n\u00e4r man inte \u00e4r van s\u00e5 tar det k\u00e5l p\u00e5 en! K\u00e4ndes som en evighet n\u00e4r jag v\u00e4ntade p\u00e5 bussen hem\u00a0&#8221;den kommer aldrig komma, jag kommer f\u00e5 st\u00e5 h\u00e4r och ruttna tills jag d\u00f6r&#8221; t\u00e4nkte jag d\u00e5, haha. S\u00e5 h\u00e4r s\u00e5g jag iallafall [&hellip;]<\/p>\n","protected":false},"author":30,"featured_media":0,"comment_status":"open","ping_status":"open","sticky":false,"template":"","format":"standard","meta":{"footnotes":""},"categories":[3],"tags":[],"class_list":["post-1514","post","type-post","status-publish","format-standard","hentry","category-allmant"],"yoast_head":"<!-- This site is optimized with the Yoast SEO Premium plugin v14.9 - https:\/\/yoast.com\/wordpress\/plugins\/seo\/ -->\n<meta name=\"description\" content=\"Turkos och lila sminkning | Helena Amiley - H\u00e4r hittar du senaste infromation om sk\u00f6nhet, livsstil, entrepren\u00f6rskap, makeup &amp; tips.\" \/>\n<meta name=\"robots\" content=\"index, follow, max-snippet:-1, max-image-preview:large, max-video-preview:-1\" \/>\n<link rel=\"canonical\" href=\"https:\/\/www.imakeyousmile.se\/es\/turkos-och-lila-sminkning\/\" \/>\n<meta property=\"og:locale\" content=\"es_ES\" \/>\n<meta property=\"og:type\" content=\"article\" \/>\n<meta property=\"og:title\" content=\"Turkos och lila sminkning | Imakeyousmile.se\" \/>\n<meta property=\"og:description\" content=\"Turkos och lila sminkning | Helena Amiley - H\u00e4r hittar du senaste infromation om sk\u00f6nhet, livsstil, entrepren\u00f6rskap, makeup &amp; tips.\" \/>\n<meta property=\"og:url\" content=\"https:\/\/www.imakeyousmile.se\/es\/turkos-och-lila-sminkning\/\" \/>\n<meta property=\"og:site_name\" content=\"Imakeyousmile.se\" \/>\n<meta property=\"article:author\" content=\"https:\/\/www.facebook.com\/imakeyousmile.se\" \/>\n<meta property=\"article:published_time\" content=\"2011-05-14T17:56:00+00:00\" \/>\n<meta property=\"article:modified_time\" content=\"2012-12-02T17:36:10+00:00\" \/>\n<meta property=\"og:image\" content=\"http:\/\/1.bp.blogspot.com\/-NPKX7uHUAtU\/Tc7Ojpa-h1I\/AAAAAAAAD18\/_tUrmeRNofA\/s320\/DSC_0092.JPG\" \/>\n<meta name=\"twitter:card\" content=\"summary_large_image\" \/>\n<script type=\"application\/ld+json\" class=\"yoast-schema-graph\">{\"@context\":\"https:\/\/schema.org\",\"@graph\":[{\"@type\":\"Organization\",\"@id\":\"https:\/\/www.imakeyousmile.se\/es\/#organization\",\"name\":\"Imakeyousmile\",\"url\":\"https:\/\/www.imakeyousmile.se\/es\/\",\"sameAs\":[],\"logo\":{\"@type\":\"ImageObject\",\"@id\":\"https:\/\/www.imakeyousmile.se\/es\/#logo\",\"inLanguage\":\"es\",\"url\":\"https:\/\/www.imakeyousmile.se\/wp-content\/uploads\/2020\/10\/HELENA-AMILEY_SVART-1-e1603367975324.png\",\"width\":280,\"height\":93,\"caption\":\"Imakeyousmile\"},\"image\":{\"@id\":\"https:\/\/www.imakeyousmile.se\/es\/#logo\"}},{\"@type\":\"WebSite\",\"@id\":\"https:\/\/www.imakeyousmile.se\/es\/#website\",\"url\":\"https:\/\/www.imakeyousmile.se\/es\/\",\"name\":\"Imakeyousmile.se\",\"description\":\"Helena Amiley - Beauty, Entrepreneur, Lifestyle\",\"publisher\":{\"@id\":\"https:\/\/www.imakeyousmile.se\/es\/#organization\"},\"potentialAction\":[{\"@type\":\"SearchAction\",\"target\":\"https:\/\/www.imakeyousmile.se\/es\/?s={search_term_string}\",\"query-input\":\"required name=search_term_string\"}],\"inLanguage\":\"es\"},{\"@type\":\"ImageObject\",\"@id\":\"https:\/\/www.imakeyousmile.se\/turkos-och-lila-sminkning\/#primaryimage\",\"inLanguage\":\"es\",\"url\":\"http:\/\/1.bp.blogspot.com\/-NPKX7uHUAtU\/Tc7Ojpa-h1I\/AAAAAAAAD18\/_tUrmeRNofA\/s320\/DSC_0092.JPG\"},{\"@type\":\"WebPage\",\"@id\":\"https:\/\/www.imakeyousmile.se\/turkos-och-lila-sminkning\/#webpage\",\"url\":\"https:\/\/www.imakeyousmile.se\/turkos-och-lila-sminkning\/\",\"name\":\"Turkos och lila sminkning | Imakeyousmile.se\",\"isPartOf\":{\"@id\":\"https:\/\/www.imakeyousmile.se\/es\/#website\"},\"primaryImageOfPage\":{\"@id\":\"https:\/\/www.imakeyousmile.se\/turkos-och-lila-sminkning\/#primaryimage\"},\"datePublished\":\"2011-05-14T17:56:00+00:00\",\"dateModified\":\"2012-12-02T17:36:10+00:00\",\"description\":\"Turkos och lila sminkning | Helena Amiley - H\\u00e4r hittar du senaste infromation om sk\\u00f6nhet, livsstil, entrepren\\u00f6rskap, makeup & tips.\",\"inLanguage\":\"es\",\"potentialAction\":[{\"@type\":\"ReadAction\",\"target\":[\"https:\/\/www.imakeyousmile.se\/turkos-och-lila-sminkning\/\"]}]},{\"@type\":\"Article\",\"@id\":\"https:\/\/www.imakeyousmile.se\/turkos-och-lila-sminkning\/#article\",\"isPartOf\":{\"@id\":\"https:\/\/www.imakeyousmile.se\/turkos-och-lila-sminkning\/#webpage\"},\"author\":{\"@id\":\"https:\/\/www.imakeyousmile.se\/es\/#\/schema\/person\/b0fd43b1c6bb1c60cfd68bff9b4a10fb\"},\"headline\":\"Turkos och lila sminkning\",\"datePublished\":\"2011-05-14T17:56:00+00:00\",\"dateModified\":\"2012-12-02T17:36:10+00:00\",\"mainEntityOfPage\":{\"@id\":\"https:\/\/www.imakeyousmile.se\/turkos-och-lila-sminkning\/#webpage\"},\"commentCount\":0,\"publisher\":{\"@id\":\"https:\/\/www.imakeyousmile.se\/es\/#organization\"},\"image\":{\"@id\":\"https:\/\/www.imakeyousmile.se\/turkos-och-lila-sminkning\/#primaryimage\"},\"articleSection\":\"\\u00d6vrigt\",\"inLanguage\":\"es\",\"potentialAction\":[{\"@type\":\"CommentAction\",\"name\":\"Comment\",\"target\":[\"https:\/\/www.imakeyousmile.se\/turkos-och-lila-sminkning\/#respond\"]}]},{\"@type\":\"Person\",\"@id\":\"https:\/\/www.imakeyousmile.se\/es\/#\/schema\/person\/b0fd43b1c6bb1c60cfd68bff9b4a10fb\",\"name\":\"Helena Amiley\",\"image\":{\"@type\":\"ImageObject\",\"@id\":\"https:\/\/www.imakeyousmile.se\/es\/#personlogo\",\"inLanguage\":\"es\",\"url\":\"https:\/\/secure.gravatar.com\/avatar\/5645558e1e355457a23368d7e1b4c904?s=96&d=mm&r=g\",\"caption\":\"Helena Amiley\"},\"description\":\"Jag skriver mest om sk\\u00f6nhet men bjuder \\u00e4ven p\\u00e5 glimtar fr\\u00e5n entrepren\\u00f6rlivet och bygget av v\\u00e5r egen camper van. Vanlife here we come!\",\"sameAs\":[\"https:\/\/www.facebook.com\/imakeyousmile.se\",\"https:\/\/www.instagram.com\/helenaamiley\",\"https:\/\/www.youtube.com\/channel\/UCR5iB6rvpV6Yr8ZjpQfr5mg?view_as=subscriber\"]}]}<\/script>\n<!-- \/ Yoast SEO Premium plugin. -->","_links":{"self":[{"href":"https:\/\/www.imakeyousmile.se\/es\/wp-json\/wp\/v2\/posts\/1514"}],"collection":[{"href":"https:\/\/www.imakeyousmile.se\/es\/wp-json\/wp\/v2\/posts"}],"about":[{"href":"https:\/\/www.imakeyousmile.se\/es\/wp-json\/wp\/v2\/types\/post"}],"author":[{"embeddable":true,"href":"https:\/\/www.imakeyousmile.se\/es\/wp-json\/wp\/v2\/users\/30"}],"replies":[{"embeddable":true,"href":"https:\/\/www.imakeyousmile.se\/es\/wp-json\/wp\/v2\/comments?post=1514"}],"version-history":[{"count":0,"href":"https:\/\/www.imakeyousmile.se\/es\/wp-json\/wp\/v2\/posts\/1514\/revisions"}],"wp:attachment":[{"href":"https:\/\/www.imakeyousmile.se\/es\/wp-json\/wp\/v2\/media?parent=1514"}],"wp:term":[{"taxonomy":"category","embeddable":true,"href":"https:\/\/www.imakeyousmile.se\/es\/wp-json\/wp\/v2\/categories?post=1514"},{"taxonomy":"post_tag","embeddable":true,"href":"https:\/\/www.imakeyousmile.se\/es\/wp-json\/wp\/v2\/tags?post=1514"}],"curies":[{"name":"wp","href":"https:\/\/api.w.org\/{rel}","templated":true}]}}