{"id":1515,"date":"2011-05-14T07:00:00","date_gmt":"2011-05-14T05:00:00","guid":{"rendered":"http:\/\/www.imakeyousmile.se\/fargglad-sminkning-7\/"},"modified":"2011-05-14T07:00:00","modified_gmt":"2011-05-14T05:00:00","slug":"fargglad-sminkning-7","status":"publish","type":"post","link":"https:\/\/www.imakeyousmile.se\/es\/maquillaje-colorido-7-2\/","title":{"rendered":"Maquillaje colorido"},"content":{"rendered":"<div style=\"clear: both; text-align: left;\">\u00a1Aqu\u00ed est\u00e1 el maquillaje del jueves, probado los colores moteados en la paleta 180!<\/div>\n<div style=\"clear: both; text-align: center;\"><\/div>\n<div style=\"clear: both; text-align: center;\"><a href=\"http:\/\/1.bp.blogspot.com\/-tjlPLJrR5PE\/Tc2X4xLx_iI\/AAAAAAAAD10\/TpDuskN0Fuk\/s1600\/DSCN1927.JPG\" style=\"margin-left: 1em; margin-right: 1em;\"><img loading=\"lazy\" decoding=\"async\" border=\"0\" height=\"292\" j8=\"true\" src=\"http:\/\/1.bp.blogspot.com\/-tjlPLJrR5PE\/Tc2X4xLx_iI\/AAAAAAAAD10\/TpDuskN0Fuk\/s320\/DSCN1927.JPG\" width=\"320\" \/><\/a><\/div>\n<div style=\"clear: both; text-align: center;\"><\/div>\n<div style=\"clear: both; text-align: center;\"><strong><span style=\"font-size: large;\"><span style=\"color: #674ea7;\">P\u00farpura<\/span><span style=\"color: #ea9999;\">Rosado<\/span><\/span><\/strong> sombra de ojos en la l\u00ednea de las pesta\u00f1as inferiores.<\/div>\n<div style=\"clear: both; text-align: center;\"><strong><span style=\"font-size: large;\"><span style=\"color: #e69138;\">naranja<\/span><span style=\"color: red;\">ROJO<\/span><\/span><\/strong> sombra de ojos sobre la l\u00ednea del globo.<\/div>\n<div style=\"clear: both; text-align: center;\"><span style=\"color: #f1c232; font-size: large;\"><strong>Amarillo<\/strong><\/span><span style=\"color: #783f04; font-size: large;\"><strong>marr\u00f3n<\/strong><\/span> sombra de ojos en la parte inferior del p\u00e1rpado y en la esquina del ojo.<\/div>\n<div style=\"clear: both; text-align: center;\"><strong><span style=\"font-size: large;\"><span style=\"color: #666666;\">gris<\/span>Negro<\/span><\/strong> sombra de ojos al final del p\u00e1rpado y en la parte inferior de la l\u00ednea de las pesta\u00f1as inferiores (<em>difumina mucho<\/em>)<\/div>\n<p><\/p>\n<div style=\"clear: both; text-align: center;\"><a href=\"http:\/\/2.bp.blogspot.com\/-N8Xa5gXSVN0\/Tc2X6b9znbI\/AAAAAAAAD14\/rDpO1I4IeBI\/s1600\/DSCN1942.JPG\" style=\"margin-left: 1em; margin-right: 1em;\"><img loading=\"lazy\" decoding=\"async\" border=\"0\" height=\"640\" j8=\"true\" src=\"http:\/\/2.bp.blogspot.com\/-N8Xa5gXSVN0\/Tc2X6b9znbI\/AAAAAAAAD14\/rDpO1I4IeBI\/s640\/DSCN1942.JPG\" width=\"496\" \/><\/a><\/div>\n<p>Ahora voy a ICA Alundahallen y<span style=\"font-size: x-large;\"> trabajo<\/span> en la barra de cristal!<\/p>\n<div style=\"text-align: center;\"><span style=\"font-size: x-large;\">\u00a1Ven y c\u00f3mprame helado!<\/span><\/div>","protected":false},"excerpt":{"rendered":"<p>H\u00e4r kommer torsdagens sminkning, testade de spr\u00e4ckliga f\u00e4rgerna i 180 paletten! LilaRosa \u00f6gonskugga p\u00e5 undre fransraden. Oranger\u00f6d \u00f6gonskugga \u00f6ver globlinjen. GulBrun \u00f6gonskugga l\u00e4ngst in p\u00e5 \u00f6gonlocket och i \u00f6gonvr\u00e5n. Gr\u00e5Svart \u00f6gonskugga ytterst p\u00e5 \u00f6gonlocket och ytterst p\u00e5 undre fransraden\u00a0(suddas j\u00e4ttemycket) Nu ska jag bege mig till ICA Alundahallen och jobba i glassbaren! Kom och k\u00f6p [&hellip;]<\/p>\n","protected":false},"author":30,"featured_media":0,"comment_status":"open","ping_status":"open","sticky":false,"template":"","format":"standard","meta":{"footnotes":""},"categories":[3],"tags":[],"class_list":["post-1515","post","type-post","status-publish","format-standard","hentry","category-allmant"],"yoast_head":"<!-- This site is optimized with the Yoast SEO Premium plugin v14.9 - https:\/\/yoast.com\/wordpress\/plugins\/seo\/ -->\n<meta name=\"description\" content=\"F\u00e4rgglad sminkning | Helena Amiley - H\u00e4r hittar du senaste infromation om sk\u00f6nhet, livsstil, entrepren\u00f6rskap, makeup &amp; tips.\" \/>\n<meta name=\"robots\" content=\"index, follow, max-snippet:-1, max-image-preview:large, max-video-preview:-1\" \/>\n<link rel=\"canonical\" href=\"https:\/\/www.imakeyousmile.se\/es\/fargglad-sminkning-7\/\" \/>\n<meta property=\"og:locale\" content=\"es_ES\" \/>\n<meta property=\"og:type\" content=\"article\" \/>\n<meta property=\"og:title\" content=\"F\u00e4rgglad sminkning | Imakeyousmile.se\" \/>\n<meta property=\"og:description\" content=\"F\u00e4rgglad sminkning | Helena Amiley - H\u00e4r hittar du senaste infromation om sk\u00f6nhet, livsstil, entrepren\u00f6rskap, makeup &amp; tips.\" \/>\n<meta property=\"og:url\" content=\"https:\/\/www.imakeyousmile.se\/es\/fargglad-sminkning-7\/\" \/>\n<meta property=\"og:site_name\" content=\"Imakeyousmile.se\" \/>\n<meta property=\"article:author\" content=\"https:\/\/www.facebook.com\/imakeyousmile.se\" \/>\n<meta property=\"article:published_time\" content=\"2011-05-14T05:00:00+00:00\" \/>\n<meta property=\"og:image\" content=\"http:\/\/1.bp.blogspot.com\/-tjlPLJrR5PE\/Tc2X4xLx_iI\/AAAAAAAAD10\/TpDuskN0Fuk\/s320\/DSCN1927.JPG\" \/>\n<meta name=\"twitter:card\" content=\"summary_large_image\" \/>\n<script type=\"application\/ld+json\" class=\"yoast-schema-graph\">{\"@context\":\"https:\/\/schema.org\",\"@graph\":[{\"@type\":\"Organization\",\"@id\":\"https:\/\/www.imakeyousmile.se\/es\/#organization\",\"name\":\"Imakeyousmile\",\"url\":\"https:\/\/www.imakeyousmile.se\/es\/\",\"sameAs\":[],\"logo\":{\"@type\":\"ImageObject\",\"@id\":\"https:\/\/www.imakeyousmile.se\/es\/#logo\",\"inLanguage\":\"es\",\"url\":\"https:\/\/www.imakeyousmile.se\/wp-content\/uploads\/2020\/10\/HELENA-AMILEY_SVART-1-e1603367975324.png\",\"width\":280,\"height\":93,\"caption\":\"Imakeyousmile\"},\"image\":{\"@id\":\"https:\/\/www.imakeyousmile.se\/es\/#logo\"}},{\"@type\":\"WebSite\",\"@id\":\"https:\/\/www.imakeyousmile.se\/es\/#website\",\"url\":\"https:\/\/www.imakeyousmile.se\/es\/\",\"name\":\"Imakeyousmile.se\",\"description\":\"Helena Amiley - Beauty, Entrepreneur, Lifestyle\",\"publisher\":{\"@id\":\"https:\/\/www.imakeyousmile.se\/es\/#organization\"},\"potentialAction\":[{\"@type\":\"SearchAction\",\"target\":\"https:\/\/www.imakeyousmile.se\/es\/?s={search_term_string}\",\"query-input\":\"required name=search_term_string\"}],\"inLanguage\":\"es\"},{\"@type\":\"ImageObject\",\"@id\":\"https:\/\/www.imakeyousmile.se\/fargglad-sminkning-7\/#primaryimage\",\"inLanguage\":\"es\",\"url\":\"http:\/\/1.bp.blogspot.com\/-tjlPLJrR5PE\/Tc2X4xLx_iI\/AAAAAAAAD10\/TpDuskN0Fuk\/s320\/DSCN1927.JPG\"},{\"@type\":\"WebPage\",\"@id\":\"https:\/\/www.imakeyousmile.se\/fargglad-sminkning-7\/#webpage\",\"url\":\"https:\/\/www.imakeyousmile.se\/fargglad-sminkning-7\/\",\"name\":\"F\\u00e4rgglad sminkning | Imakeyousmile.se\",\"isPartOf\":{\"@id\":\"https:\/\/www.imakeyousmile.se\/es\/#website\"},\"primaryImageOfPage\":{\"@id\":\"https:\/\/www.imakeyousmile.se\/fargglad-sminkning-7\/#primaryimage\"},\"datePublished\":\"2011-05-14T05:00:00+00:00\",\"dateModified\":\"2011-05-14T05:00:00+00:00\",\"description\":\"F\\u00e4rgglad sminkning | Helena Amiley - H\\u00e4r hittar du senaste infromation om sk\\u00f6nhet, livsstil, entrepren\\u00f6rskap, makeup & tips.\",\"inLanguage\":\"es\",\"potentialAction\":[{\"@type\":\"ReadAction\",\"target\":[\"https:\/\/www.imakeyousmile.se\/fargglad-sminkning-7\/\"]}]},{\"@type\":\"Article\",\"@id\":\"https:\/\/www.imakeyousmile.se\/fargglad-sminkning-7\/#article\",\"isPartOf\":{\"@id\":\"https:\/\/www.imakeyousmile.se\/fargglad-sminkning-7\/#webpage\"},\"author\":{\"@id\":\"https:\/\/www.imakeyousmile.se\/es\/#\/schema\/person\/b0fd43b1c6bb1c60cfd68bff9b4a10fb\"},\"headline\":\"F\\u00e4rgglad sminkning\",\"datePublished\":\"2011-05-14T05:00:00+00:00\",\"dateModified\":\"2011-05-14T05:00:00+00:00\",\"mainEntityOfPage\":{\"@id\":\"https:\/\/www.imakeyousmile.se\/fargglad-sminkning-7\/#webpage\"},\"commentCount\":0,\"publisher\":{\"@id\":\"https:\/\/www.imakeyousmile.se\/es\/#organization\"},\"image\":{\"@id\":\"https:\/\/www.imakeyousmile.se\/fargglad-sminkning-7\/#primaryimage\"},\"articleSection\":\"\\u00d6vrigt\",\"inLanguage\":\"es\",\"potentialAction\":[{\"@type\":\"CommentAction\",\"name\":\"Comment\",\"target\":[\"https:\/\/www.imakeyousmile.se\/fargglad-sminkning-7\/#respond\"]}]},{\"@type\":\"Person\",\"@id\":\"https:\/\/www.imakeyousmile.se\/es\/#\/schema\/person\/b0fd43b1c6bb1c60cfd68bff9b4a10fb\",\"name\":\"Helena Amiley\",\"image\":{\"@type\":\"ImageObject\",\"@id\":\"https:\/\/www.imakeyousmile.se\/es\/#personlogo\",\"inLanguage\":\"es\",\"url\":\"https:\/\/secure.gravatar.com\/avatar\/5645558e1e355457a23368d7e1b4c904?s=96&d=mm&r=g\",\"caption\":\"Helena Amiley\"},\"description\":\"Jag skriver mest om sk\\u00f6nhet men bjuder \\u00e4ven p\\u00e5 glimtar fr\\u00e5n entrepren\\u00f6rlivet och bygget av v\\u00e5r egen camper van. Vanlife here we come!\",\"sameAs\":[\"https:\/\/www.facebook.com\/imakeyousmile.se\",\"https:\/\/www.instagram.com\/helenaamiley\",\"https:\/\/www.youtube.com\/channel\/UCR5iB6rvpV6Yr8ZjpQfr5mg?view_as=subscriber\"]}]}<\/script>\n<!-- \/ Yoast SEO Premium plugin. -->","_links":{"self":[{"href":"https:\/\/www.imakeyousmile.se\/es\/wp-json\/wp\/v2\/posts\/1515"}],"collection":[{"href":"https:\/\/www.imakeyousmile.se\/es\/wp-json\/wp\/v2\/posts"}],"about":[{"href":"https:\/\/www.imakeyousmile.se\/es\/wp-json\/wp\/v2\/types\/post"}],"author":[{"embeddable":true,"href":"https:\/\/www.imakeyousmile.se\/es\/wp-json\/wp\/v2\/users\/30"}],"replies":[{"embeddable":true,"href":"https:\/\/www.imakeyousmile.se\/es\/wp-json\/wp\/v2\/comments?post=1515"}],"version-history":[{"count":0,"href":"https:\/\/www.imakeyousmile.se\/es\/wp-json\/wp\/v2\/posts\/1515\/revisions"}],"wp:attachment":[{"href":"https:\/\/www.imakeyousmile.se\/es\/wp-json\/wp\/v2\/media?parent=1515"}],"wp:term":[{"taxonomy":"category","embeddable":true,"href":"https:\/\/www.imakeyousmile.se\/es\/wp-json\/wp\/v2\/categories?post=1515"},{"taxonomy":"post_tag","embeddable":true,"href":"https:\/\/www.imakeyousmile.se\/es\/wp-json\/wp\/v2\/tags?post=1515"}],"curies":[{"name":"wp","href":"https:\/\/api.w.org\/{rel}","templated":true}]}}