{"id":1516,"date":"2011-05-13T20:30:00","date_gmt":"2011-05-13T18:30:00","guid":{"rendered":"http:\/\/www.imakeyousmile.se\/sminkning-infor-fotografering\/"},"modified":"2011-05-13T20:30:00","modified_gmt":"2011-05-13T18:30:00","slug":"sminkning-infor-fotografering","status":"publish","type":"post","link":"https:\/\/www.imakeyousmile.se\/es\/maquillaje-en-fotografia\/","title":{"rendered":"Maquillaje antes de la fotograf\u00eda"},"content":{"rendered":"<div style=\"clear: both; text-align: left;\">\u00a1Aqu\u00ed est\u00e1 el maquillaje que le hice a Johanna antes de la sesi\u00f3n de fotos de este martes!<\/div>\n<div style=\"clear: both; text-align: center;\"><\/div>\n<div style=\"clear: both; text-align: center;\"><a href=\"http:\/\/3.bp.blogspot.com\/-Hnr5bUZAZRA\/Tc2COZr0LxI\/AAAAAAAAD1o\/wqjHqC6HXzM\/s1600\/IMG_4355.jpg\" style=\"margin-left: 1em; margin-right: 1em;\"><img loading=\"lazy\" decoding=\"async\" border=\"0\" height=\"305\" j8=\"true\" src=\"http:\/\/3.bp.blogspot.com\/-Hnr5bUZAZRA\/Tc2COZr0LxI\/AAAAAAAAD1o\/wqjHqC6HXzM\/s400\/IMG_4355.jpg\" width=\"400\" \/><\/a><\/div>\n<div style=\"clear: both; text-align: center;\"><em>(Todas las sombras de ojos son de la paleta 180<\/em>)<\/div>\n<div style=\"clear: both; text-align: center;\"><\/div>\n<div style=\"clear: both; text-align: center;\"><span style=\"color: #ea9999; font-size: large;\"><strong>Rosa claro<\/strong><\/span> m\u00e1s profundo en el p\u00e1rpado.<\/div>\n<div style=\"clear: both; text-align: center;\"><span style=\"color: #e06666; font-size: large;\"><strong>Rosado<\/strong><\/span> al final del p\u00e1rpado y en la l\u00ednea de las pesta\u00f1as inferiores.<\/div>\n<div style=\"clear: both; text-align: center;\"><strong><span style=\"font-size: large;\">Negro<\/span><\/strong> sombra de ojos a lo largo de la l\u00ednea del globo <em>(no hacia la l\u00ednea de las pesta\u00f1as<\/em>)<\/div>\n<div style=\"clear: both; text-align: center;\"><\/div>\n<div style=\"clear: both; text-align: center;\"><strong><span style=\"font-size: large;\">Negro<\/span><\/strong> delineador l\u00edquido, <em>Doble uso: cero manchas.<\/em><\/div>\n<div style=\"clear: both; text-align: center;\"><strong><span style=\"font-size: large;\">Negro<\/span><\/strong> sombra de ojos en el conducto lagrimal superior <em>(hace que el delineador de ojos se vea mil veces mejor<\/em>)<\/div>\n<div style=\"clear: both; text-align: center;\"><\/div>\n<div style=\"clear: both; text-align: center;\">\u00a1S\u00ed, no fue m\u00e1s que eso! :)<\/div>\n<p><\/p>\n<div style=\"clear: both; text-align: center;\"><a href=\"http:\/\/3.bp.blogspot.com\/-uKKrnY_3TZs\/Tc2CQjs0XYI\/AAAAAAAAD1s\/-zyL9BlWiBc\/s1600\/IMG_4354+-+Copy.jpg\" style=\"margin-left: 1em; margin-right: 1em;\"><img loading=\"lazy\" decoding=\"async\" border=\"0\" height=\"341\" j8=\"true\" src=\"http:\/\/3.bp.blogspot.com\/-uKKrnY_3TZs\/Tc2CQjs0XYI\/AAAAAAAAD1s\/-zyL9BlWiBc\/s400\/IMG_4354+-+Copy.jpg\" width=\"400\" \/><\/a><\/div>\n<p><\/p>\n<div style=\"clear: both; text-align: center;\"><a href=\"http:\/\/2.bp.blogspot.com\/-gYFXAWRTE9k\/Tc2CS2kb9BI\/AAAAAAAAD1w\/4UYxycwivTA\/s1600\/IMG_4352.jpg\" style=\"margin-left: 1em; margin-right: 1em;\"><img loading=\"lazy\" decoding=\"async\" border=\"0\" height=\"395\" j8=\"true\" src=\"http:\/\/2.bp.blogspot.com\/-gYFXAWRTE9k\/Tc2CS2kb9BI\/AAAAAAAAD1w\/4UYxycwivTA\/s400\/IMG_4352.jpg\" width=\"400\" \/><\/a><\/div>\n<div style=\"clear: both; text-align: center;\"><em>\u00a1Tambi\u00e9n consigui\u00f3 rubor, polvo solar y l\u00e1piz labial!<\/em><\/div>\n<div style=\"clear: both; text-align: center;\"><\/div>\n<div align=\"left\">Nunca estar\u00e9 100% feliz con un maquillaje.<\/div>\n<div align=\"left\"><\/div>\n<div align=\"left\">Pero tr\u00e1tame casi para alabar esto, porque Johanna ya estaba <span style=\"font-size: x-large;\">inventado antes<\/span> lo que hace que todo sea mucho m\u00e1s dif\u00edcil de arreglar. \u00a1Especialmente el delineador de ojos si ya tienes r\u00edmel!<\/div>\n<div align=\"left\"><\/div>\n<div align=\"left\">Su\u00a0<span style=\"font-size: x-large;\">pesta\u00f1as largas<\/span> cubre casi todo el ojo! :)<\/div>","protected":false},"excerpt":{"rendered":"<p>H\u00e4r kommer sminkningen jag gjorde p\u00e5 Johanna inf\u00f6r fotograferingen\u00a0i tisdags! (Alla \u00f6gonskuggor \u00e4r fr\u00e4n 180 paletten) Ljusrosa innerst p\u00e5 \u00f6gonlocket. Rosa ytterst p\u00e5 \u00f6gonlocket och p\u00e5 undre fransraden. Svart \u00f6gonskugga l\u00e4ngs globlinjen (inte ner mot fransraden) Svart flytande eyeliner, Double Wear &#8211; zero smudge. Svart \u00f6gonskugga p\u00e5 \u00f6vre t\u00e5rkanalen (g\u00f6r att eyelinern blir tusen g\u00e5nger [&hellip;]<\/p>\n","protected":false},"author":30,"featured_media":0,"comment_status":"open","ping_status":"open","sticky":false,"template":"","format":"standard","meta":{"footnotes":""},"categories":[3],"tags":[],"class_list":["post-1516","post","type-post","status-publish","format-standard","hentry","category-allmant"],"yoast_head":"<!-- This site is optimized with the Yoast SEO Premium plugin v14.9 - https:\/\/yoast.com\/wordpress\/plugins\/seo\/ -->\n<meta name=\"description\" content=\"Sminkning inf\u00f6r fotografering | Helena Amiley - H\u00e4r hittar du senaste infromation om sk\u00f6nhet, livsstil, entrepren\u00f6rskap, makeup &amp; tips.\" \/>\n<meta name=\"robots\" content=\"index, follow, max-snippet:-1, max-image-preview:large, max-video-preview:-1\" \/>\n<link rel=\"canonical\" href=\"https:\/\/www.imakeyousmile.se\/es\/sminkning-infor-fotografering\/\" \/>\n<meta property=\"og:locale\" content=\"es_ES\" \/>\n<meta property=\"og:type\" content=\"article\" \/>\n<meta property=\"og:title\" content=\"Sminkning inf\u00f6r fotografering | Imakeyousmile.se\" \/>\n<meta property=\"og:description\" content=\"Sminkning inf\u00f6r fotografering | Helena Amiley - H\u00e4r hittar du senaste infromation om sk\u00f6nhet, livsstil, entrepren\u00f6rskap, makeup &amp; tips.\" \/>\n<meta property=\"og:url\" content=\"https:\/\/www.imakeyousmile.se\/es\/sminkning-infor-fotografering\/\" \/>\n<meta property=\"og:site_name\" content=\"Imakeyousmile.se\" \/>\n<meta property=\"article:author\" content=\"https:\/\/www.facebook.com\/imakeyousmile.se\" \/>\n<meta property=\"article:published_time\" content=\"2011-05-13T18:30:00+00:00\" \/>\n<meta property=\"og:image\" content=\"http:\/\/3.bp.blogspot.com\/-Hnr5bUZAZRA\/Tc2COZr0LxI\/AAAAAAAAD1o\/wqjHqC6HXzM\/s400\/IMG_4355.jpg\" \/>\n<meta name=\"twitter:card\" content=\"summary_large_image\" \/>\n<script type=\"application\/ld+json\" class=\"yoast-schema-graph\">{\"@context\":\"https:\/\/schema.org\",\"@graph\":[{\"@type\":\"Organization\",\"@id\":\"https:\/\/www.imakeyousmile.se\/es\/#organization\",\"name\":\"Imakeyousmile\",\"url\":\"https:\/\/www.imakeyousmile.se\/es\/\",\"sameAs\":[],\"logo\":{\"@type\":\"ImageObject\",\"@id\":\"https:\/\/www.imakeyousmile.se\/es\/#logo\",\"inLanguage\":\"es\",\"url\":\"https:\/\/www.imakeyousmile.se\/wp-content\/uploads\/2020\/10\/HELENA-AMILEY_SVART-1-e1603367975324.png\",\"width\":280,\"height\":93,\"caption\":\"Imakeyousmile\"},\"image\":{\"@id\":\"https:\/\/www.imakeyousmile.se\/es\/#logo\"}},{\"@type\":\"WebSite\",\"@id\":\"https:\/\/www.imakeyousmile.se\/es\/#website\",\"url\":\"https:\/\/www.imakeyousmile.se\/es\/\",\"name\":\"Imakeyousmile.se\",\"description\":\"Helena Amiley - Beauty, Entrepreneur, Lifestyle\",\"publisher\":{\"@id\":\"https:\/\/www.imakeyousmile.se\/es\/#organization\"},\"potentialAction\":[{\"@type\":\"SearchAction\",\"target\":\"https:\/\/www.imakeyousmile.se\/es\/?s={search_term_string}\",\"query-input\":\"required name=search_term_string\"}],\"inLanguage\":\"es\"},{\"@type\":\"ImageObject\",\"@id\":\"https:\/\/www.imakeyousmile.se\/sminkning-infor-fotografering\/#primaryimage\",\"inLanguage\":\"es\",\"url\":\"http:\/\/3.bp.blogspot.com\/-Hnr5bUZAZRA\/Tc2COZr0LxI\/AAAAAAAAD1o\/wqjHqC6HXzM\/s400\/IMG_4355.jpg\"},{\"@type\":\"WebPage\",\"@id\":\"https:\/\/www.imakeyousmile.se\/sminkning-infor-fotografering\/#webpage\",\"url\":\"https:\/\/www.imakeyousmile.se\/sminkning-infor-fotografering\/\",\"name\":\"Sminkning inf\\u00f6r fotografering | Imakeyousmile.se\",\"isPartOf\":{\"@id\":\"https:\/\/www.imakeyousmile.se\/es\/#website\"},\"primaryImageOfPage\":{\"@id\":\"https:\/\/www.imakeyousmile.se\/sminkning-infor-fotografering\/#primaryimage\"},\"datePublished\":\"2011-05-13T18:30:00+00:00\",\"dateModified\":\"2011-05-13T18:30:00+00:00\",\"description\":\"Sminkning inf\\u00f6r fotografering | Helena Amiley - H\\u00e4r hittar du senaste infromation om sk\\u00f6nhet, livsstil, entrepren\\u00f6rskap, makeup & tips.\",\"inLanguage\":\"es\",\"potentialAction\":[{\"@type\":\"ReadAction\",\"target\":[\"https:\/\/www.imakeyousmile.se\/sminkning-infor-fotografering\/\"]}]},{\"@type\":\"Article\",\"@id\":\"https:\/\/www.imakeyousmile.se\/sminkning-infor-fotografering\/#article\",\"isPartOf\":{\"@id\":\"https:\/\/www.imakeyousmile.se\/sminkning-infor-fotografering\/#webpage\"},\"author\":{\"@id\":\"https:\/\/www.imakeyousmile.se\/es\/#\/schema\/person\/b0fd43b1c6bb1c60cfd68bff9b4a10fb\"},\"headline\":\"Sminkning inf\\u00f6r fotografering\",\"datePublished\":\"2011-05-13T18:30:00+00:00\",\"dateModified\":\"2011-05-13T18:30:00+00:00\",\"mainEntityOfPage\":{\"@id\":\"https:\/\/www.imakeyousmile.se\/sminkning-infor-fotografering\/#webpage\"},\"commentCount\":0,\"publisher\":{\"@id\":\"https:\/\/www.imakeyousmile.se\/es\/#organization\"},\"image\":{\"@id\":\"https:\/\/www.imakeyousmile.se\/sminkning-infor-fotografering\/#primaryimage\"},\"articleSection\":\"\\u00d6vrigt\",\"inLanguage\":\"es\",\"potentialAction\":[{\"@type\":\"CommentAction\",\"name\":\"Comment\",\"target\":[\"https:\/\/www.imakeyousmile.se\/sminkning-infor-fotografering\/#respond\"]}]},{\"@type\":\"Person\",\"@id\":\"https:\/\/www.imakeyousmile.se\/es\/#\/schema\/person\/b0fd43b1c6bb1c60cfd68bff9b4a10fb\",\"name\":\"Helena Amiley\",\"image\":{\"@type\":\"ImageObject\",\"@id\":\"https:\/\/www.imakeyousmile.se\/es\/#personlogo\",\"inLanguage\":\"es\",\"url\":\"https:\/\/secure.gravatar.com\/avatar\/5645558e1e355457a23368d7e1b4c904?s=96&d=mm&r=g\",\"caption\":\"Helena Amiley\"},\"description\":\"Jag skriver mest om sk\\u00f6nhet men bjuder \\u00e4ven p\\u00e5 glimtar fr\\u00e5n entrepren\\u00f6rlivet och bygget av v\\u00e5r egen camper van. Vanlife here we come!\",\"sameAs\":[\"https:\/\/www.facebook.com\/imakeyousmile.se\",\"https:\/\/www.instagram.com\/helenaamiley\",\"https:\/\/www.youtube.com\/channel\/UCR5iB6rvpV6Yr8ZjpQfr5mg?view_as=subscriber\"]}]}<\/script>\n<!-- \/ Yoast SEO Premium plugin. -->","_links":{"self":[{"href":"https:\/\/www.imakeyousmile.se\/es\/wp-json\/wp\/v2\/posts\/1516"}],"collection":[{"href":"https:\/\/www.imakeyousmile.se\/es\/wp-json\/wp\/v2\/posts"}],"about":[{"href":"https:\/\/www.imakeyousmile.se\/es\/wp-json\/wp\/v2\/types\/post"}],"author":[{"embeddable":true,"href":"https:\/\/www.imakeyousmile.se\/es\/wp-json\/wp\/v2\/users\/30"}],"replies":[{"embeddable":true,"href":"https:\/\/www.imakeyousmile.se\/es\/wp-json\/wp\/v2\/comments?post=1516"}],"version-history":[{"count":0,"href":"https:\/\/www.imakeyousmile.se\/es\/wp-json\/wp\/v2\/posts\/1516\/revisions"}],"wp:attachment":[{"href":"https:\/\/www.imakeyousmile.se\/es\/wp-json\/wp\/v2\/media?parent=1516"}],"wp:term":[{"taxonomy":"category","embeddable":true,"href":"https:\/\/www.imakeyousmile.se\/es\/wp-json\/wp\/v2\/categories?post=1516"},{"taxonomy":"post_tag","embeddable":true,"href":"https:\/\/www.imakeyousmile.se\/es\/wp-json\/wp\/v2\/tags?post=1516"}],"curies":[{"name":"wp","href":"https:\/\/api.w.org\/{rel}","templated":true}]}}