{"id":1597,"date":"2011-04-04T08:59:00","date_gmt":"2011-04-04T06:59:00","guid":{"rendered":"http:\/\/www.imakeyousmile.se\/fargade-frasar-och-ogonbryn\/"},"modified":"2011-04-04T08:59:00","modified_gmt":"2011-04-04T06:59:00","slug":"fargade-frasar-och-ogonbryn","status":"publish","type":"post","link":"https:\/\/www.imakeyousmile.se\/es\/frases-de-colores-y-cejas\/","title":{"rendered":"Frases de colores y cejas"},"content":{"rendered":"<div style=\"clear: both; text-align: center;\"><\/div>\n<p>La semana pasada en la pasant\u00eda, Josefin colore\u00f3 mis cejas y pesta\u00f1as. \u00a1Absolutamente gratis para m\u00ed porque lo hizo para practicar!<\/p>\n<p>Ahora te sientes un poco m\u00e1s fresco por la ma\u00f1ana antes de maquillarte :)<\/p>\n<div style=\"clear: both; text-align: center;\"><a href=\"http:\/\/4.bp.blogspot.com\/-0qTkG1IfmXM\/TZl4jAo9QEI\/AAAAAAAADoQ\/zRb3JU768EA\/s1600\/F%25C3%25A4rgade+%25C3%25B6gonbryn+och+fransar.JPG\" style=\"margin-left: 1em; margin-right: 1em;\"><img loading=\"lazy\" decoding=\"async\" border=\"0\" height=\"400\" r6=\"true\" src=\"http:\/\/4.bp.blogspot.com\/-0qTkG1IfmXM\/TZl4jAo9QEI\/AAAAAAAADoQ\/zRb3JU768EA\/s400\/F%25C3%25A4rgade+%25C3%25B6gonbryn+och+fransar.JPG\" width=\"302\" \/><\/a><\/div>\n<div style=\"clear: both; text-align: center;\"><em>Solo base y rubor.<\/em><\/div>\n<div style=\"clear: both; text-align: center;\"><\/div>\n<div style=\"clear: both; text-align: left;\">Hoy solo comienza a las dos y media, as\u00ed que todav\u00eda me relajo con solo pantalones suaves a pesar de que son las 10. Este ser\u00e1 un d\u00eda corto. \u00a1Ahora voy a llevar a mi mam\u00e1 a casa y desayunar!<\/div>\n<div style=\"clear: both; text-align: left;\"><\/div>\n<div style=\"text-align: center;\"><span style=\"font-size: x-large;\">\u00a1Te deseo un buen comienzo de semana!<\/span><\/div>","protected":false},"excerpt":{"rendered":"<p>F\u00f6rra veckan p\u00e5 praktiken s\u00e5 f\u00e4rgade Josefin mina \u00f6gonbryn och \u00f6gonfransar. Helt gratis f\u00f6r mig eftersom hon gjorde det f\u00f6r att \u00f6va! Nu k\u00e4nner man sig en aning fr\u00e4schare p\u00e5 morgonen innan man sminkar sig :) Bara foundation och rouge. B\u00f6rjar f\u00f6rst halv 2 idag, s\u00e5 jag chillar fortfarande i bara mjukisbyxor fast klockan \u00e4r [&hellip;]<\/p>\n","protected":false},"author":30,"featured_media":0,"comment_status":"open","ping_status":"open","sticky":false,"template":"","format":"standard","meta":{"footnotes":""},"categories":[3],"tags":[],"class_list":["post-1597","post","type-post","status-publish","format-standard","hentry","category-allmant"],"yoast_head":"<!-- This site is optimized with the Yoast SEO Premium plugin v14.9 - https:\/\/yoast.com\/wordpress\/plugins\/seo\/ -->\n<meta name=\"description\" content=\"F\u00e4rgade frasar och \u00f6gonbryn | Helena Amiley - H\u00e4r hittar du senaste infromation om sk\u00f6nhet, livsstil, entrepren\u00f6rskap, makeup &amp; tips.\" \/>\n<meta name=\"robots\" content=\"index, follow, max-snippet:-1, max-image-preview:large, max-video-preview:-1\" \/>\n<link rel=\"canonical\" href=\"https:\/\/www.imakeyousmile.se\/es\/fargade-frasar-och-ogonbryn\/\" \/>\n<meta property=\"og:locale\" content=\"es_ES\" \/>\n<meta property=\"og:type\" content=\"article\" \/>\n<meta property=\"og:title\" content=\"F\u00e4rgade frasar och \u00f6gonbryn | Imakeyousmile.se\" \/>\n<meta property=\"og:description\" content=\"F\u00e4rgade frasar och \u00f6gonbryn | Helena Amiley - H\u00e4r hittar du senaste infromation om sk\u00f6nhet, livsstil, entrepren\u00f6rskap, makeup &amp; tips.\" \/>\n<meta property=\"og:url\" content=\"https:\/\/www.imakeyousmile.se\/es\/fargade-frasar-och-ogonbryn\/\" \/>\n<meta property=\"og:site_name\" content=\"Imakeyousmile.se\" \/>\n<meta property=\"article:author\" content=\"https:\/\/www.facebook.com\/imakeyousmile.se\" \/>\n<meta property=\"article:published_time\" content=\"2011-04-04T06:59:00+00:00\" \/>\n<meta property=\"og:image\" content=\"http:\/\/4.bp.blogspot.com\/-0qTkG1IfmXM\/TZl4jAo9QEI\/AAAAAAAADoQ\/zRb3JU768EA\/s400\/F%25C3%25A4rgade+%25C3%25B6gonbryn+och+fransar.JPG\" \/>\n<meta name=\"twitter:card\" content=\"summary_large_image\" \/>\n<script type=\"application\/ld+json\" class=\"yoast-schema-graph\">{\"@context\":\"https:\/\/schema.org\",\"@graph\":[{\"@type\":\"Organization\",\"@id\":\"https:\/\/www.imakeyousmile.se\/es\/#organization\",\"name\":\"Imakeyousmile\",\"url\":\"https:\/\/www.imakeyousmile.se\/es\/\",\"sameAs\":[],\"logo\":{\"@type\":\"ImageObject\",\"@id\":\"https:\/\/www.imakeyousmile.se\/es\/#logo\",\"inLanguage\":\"es\",\"url\":\"https:\/\/www.imakeyousmile.se\/wp-content\/uploads\/2020\/10\/HELENA-AMILEY_SVART-1-e1603367975324.png\",\"width\":280,\"height\":93,\"caption\":\"Imakeyousmile\"},\"image\":{\"@id\":\"https:\/\/www.imakeyousmile.se\/es\/#logo\"}},{\"@type\":\"WebSite\",\"@id\":\"https:\/\/www.imakeyousmile.se\/es\/#website\",\"url\":\"https:\/\/www.imakeyousmile.se\/es\/\",\"name\":\"Imakeyousmile.se\",\"description\":\"Helena Amiley - Beauty, Entrepreneur, Lifestyle\",\"publisher\":{\"@id\":\"https:\/\/www.imakeyousmile.se\/es\/#organization\"},\"potentialAction\":[{\"@type\":\"SearchAction\",\"target\":\"https:\/\/www.imakeyousmile.se\/es\/?s={search_term_string}\",\"query-input\":\"required name=search_term_string\"}],\"inLanguage\":\"es\"},{\"@type\":\"ImageObject\",\"@id\":\"https:\/\/www.imakeyousmile.se\/fargade-frasar-och-ogonbryn\/#primaryimage\",\"inLanguage\":\"es\",\"url\":\"http:\/\/4.bp.blogspot.com\/-0qTkG1IfmXM\/TZl4jAo9QEI\/AAAAAAAADoQ\/zRb3JU768EA\/s400\/F%25C3%25A4rgade+%25C3%25B6gonbryn+och+fransar.JPG\"},{\"@type\":\"WebPage\",\"@id\":\"https:\/\/www.imakeyousmile.se\/fargade-frasar-och-ogonbryn\/#webpage\",\"url\":\"https:\/\/www.imakeyousmile.se\/fargade-frasar-och-ogonbryn\/\",\"name\":\"F\\u00e4rgade frasar och \\u00f6gonbryn | Imakeyousmile.se\",\"isPartOf\":{\"@id\":\"https:\/\/www.imakeyousmile.se\/es\/#website\"},\"primaryImageOfPage\":{\"@id\":\"https:\/\/www.imakeyousmile.se\/fargade-frasar-och-ogonbryn\/#primaryimage\"},\"datePublished\":\"2011-04-04T06:59:00+00:00\",\"dateModified\":\"2011-04-04T06:59:00+00:00\",\"description\":\"F\\u00e4rgade frasar och \\u00f6gonbryn | Helena Amiley - H\\u00e4r hittar du senaste infromation om sk\\u00f6nhet, livsstil, entrepren\\u00f6rskap, makeup & tips.\",\"inLanguage\":\"es\",\"potentialAction\":[{\"@type\":\"ReadAction\",\"target\":[\"https:\/\/www.imakeyousmile.se\/fargade-frasar-och-ogonbryn\/\"]}]},{\"@type\":\"Article\",\"@id\":\"https:\/\/www.imakeyousmile.se\/fargade-frasar-och-ogonbryn\/#article\",\"isPartOf\":{\"@id\":\"https:\/\/www.imakeyousmile.se\/fargade-frasar-och-ogonbryn\/#webpage\"},\"author\":{\"@id\":\"https:\/\/www.imakeyousmile.se\/es\/#\/schema\/person\/b0fd43b1c6bb1c60cfd68bff9b4a10fb\"},\"headline\":\"F\\u00e4rgade frasar och \\u00f6gonbryn\",\"datePublished\":\"2011-04-04T06:59:00+00:00\",\"dateModified\":\"2011-04-04T06:59:00+00:00\",\"mainEntityOfPage\":{\"@id\":\"https:\/\/www.imakeyousmile.se\/fargade-frasar-och-ogonbryn\/#webpage\"},\"commentCount\":0,\"publisher\":{\"@id\":\"https:\/\/www.imakeyousmile.se\/es\/#organization\"},\"image\":{\"@id\":\"https:\/\/www.imakeyousmile.se\/fargade-frasar-och-ogonbryn\/#primaryimage\"},\"articleSection\":\"\\u00d6vrigt\",\"inLanguage\":\"es\",\"potentialAction\":[{\"@type\":\"CommentAction\",\"name\":\"Comment\",\"target\":[\"https:\/\/www.imakeyousmile.se\/fargade-frasar-och-ogonbryn\/#respond\"]}]},{\"@type\":\"Person\",\"@id\":\"https:\/\/www.imakeyousmile.se\/es\/#\/schema\/person\/b0fd43b1c6bb1c60cfd68bff9b4a10fb\",\"name\":\"Helena Amiley\",\"image\":{\"@type\":\"ImageObject\",\"@id\":\"https:\/\/www.imakeyousmile.se\/es\/#personlogo\",\"inLanguage\":\"es\",\"url\":\"https:\/\/secure.gravatar.com\/avatar\/5645558e1e355457a23368d7e1b4c904?s=96&d=mm&r=g\",\"caption\":\"Helena Amiley\"},\"description\":\"Jag skriver mest om sk\\u00f6nhet men bjuder \\u00e4ven p\\u00e5 glimtar fr\\u00e5n entrepren\\u00f6rlivet och bygget av v\\u00e5r egen camper van. Vanlife here we come!\",\"sameAs\":[\"https:\/\/www.facebook.com\/imakeyousmile.se\",\"https:\/\/www.instagram.com\/helenaamiley\",\"https:\/\/www.youtube.com\/channel\/UCR5iB6rvpV6Yr8ZjpQfr5mg?view_as=subscriber\"]}]}<\/script>\n<!-- \/ Yoast SEO Premium plugin. -->","_links":{"self":[{"href":"https:\/\/www.imakeyousmile.se\/es\/wp-json\/wp\/v2\/posts\/1597"}],"collection":[{"href":"https:\/\/www.imakeyousmile.se\/es\/wp-json\/wp\/v2\/posts"}],"about":[{"href":"https:\/\/www.imakeyousmile.se\/es\/wp-json\/wp\/v2\/types\/post"}],"author":[{"embeddable":true,"href":"https:\/\/www.imakeyousmile.se\/es\/wp-json\/wp\/v2\/users\/30"}],"replies":[{"embeddable":true,"href":"https:\/\/www.imakeyousmile.se\/es\/wp-json\/wp\/v2\/comments?post=1597"}],"version-history":[{"count":0,"href":"https:\/\/www.imakeyousmile.se\/es\/wp-json\/wp\/v2\/posts\/1597\/revisions"}],"wp:attachment":[{"href":"https:\/\/www.imakeyousmile.se\/es\/wp-json\/wp\/v2\/media?parent=1597"}],"wp:term":[{"taxonomy":"category","embeddable":true,"href":"https:\/\/www.imakeyousmile.se\/es\/wp-json\/wp\/v2\/categories?post=1597"},{"taxonomy":"post_tag","embeddable":true,"href":"https:\/\/www.imakeyousmile.se\/es\/wp-json\/wp\/v2\/tags?post=1597"}],"curies":[{"name":"wp","href":"https:\/\/api.w.org\/{rel}","templated":true}]}}