{"id":16155,"date":"2014-08-13T20:26:41","date_gmt":"2014-08-13T18:26:41","guid":{"rendered":"http:\/\/www.imakeyousmile.se\/?p=16155"},"modified":"2018-01-03T15:32:25","modified_gmt":"2018-01-03T14:32:25","slug":"ogonbrynstatuering-3","status":"publish","type":"post","link":"https:\/\/www.imakeyousmile.se\/es\/tatuaje-de-cejas-3\/","title":{"rendered":"Tatuaje de cejas"},"content":{"rendered":"<p>\u00a1Finalmente llen\u00e9 el tatuaje de mi ceja que se hab\u00eda desvanecido casi por completo!<\/p>\n<p>Annika en <a href=\"http:\/\/creativemakeup.se\/\" target=\"_blank\" rel=\"noopener noreferrer\">Maquillaje creativo<\/a> es tan incre\u00edblemente bueno y completo que realmente sientes que est\u00e1s en buenas manos :)<\/p>\n<p>Ahora las cejas est\u00e1n muy afiladas y oscuras pero ser\u00e1n m\u00e1s claras cuando hayan sanado, \u00a1aqu\u00ed est\u00e1n las fotos de antes y despu\u00e9s!<\/p>\n<p><a style=\"color: #1f9ee7;\" href=\"http:\/\/www.imakeyousmile.se\/wp-content\/uploads\/2014\/08\/\u00f6gonbrynstatuering-f\u00f6re-efter.jpg\"><img loading=\"lazy\" decoding=\"async\" class=\"alignnone size-large wp-image-16158\" src=\"http:\/\/www.imakeyousmile.se\/wp-content\/uploads\/2014\/08\/\u00f6gonbrynstatuering-f\u00f6re-efter-1024x285.jpg\" alt=\"tatuaje de cejas antes y despues\" width=\"700\" height=\"194\" srcset=\"https:\/\/www.imakeyousmile.se\/wp-content\/uploads\/2014\/08\/\u00f6gonbrynstatuering-f\u00f6re-efter-1024x285.jpg 1024w, https:\/\/www.imakeyousmile.se\/wp-content\/uploads\/2014\/08\/\u00f6gonbrynstatuering-f\u00f6re-efter-300x83.jpg 300w, https:\/\/www.imakeyousmile.se\/wp-content\/uploads\/2014\/08\/\u00f6gonbrynstatuering-f\u00f6re-efter-700x195.jpg 700w, https:\/\/www.imakeyousmile.se\/wp-content\/uploads\/2014\/08\/\u00f6gonbrynstatuering-f\u00f6re-efter-1280x357.jpg 1280w, https:\/\/www.imakeyousmile.se\/wp-content\/uploads\/2014\/08\/\u00f6gonbrynstatuering-f\u00f6re-efter-1732x483.jpg 1732w\" sizes=\"(max-width: 700px) 100vw, 700px\" \/><\/a><\/p>\n<p>Seguramente ahora son muy guapos ?? : D<\/p>\n<p>1. Lo primero que hicimos fue aplicar una crema anest\u00e9sica para que no duela hacerse un tatuaje.<br \/>\n2. Annika dibuj\u00f3 la forma y quedamos satisfechos casi de inmediato, \u00a1son m\u00e1s anchos que lo que hicimos la \u00faltima vez!<br \/>\nCuando empieces a tatuar, haz un poco en una ceja, aplica m\u00e1s anest\u00e9sico y toma la otra por un rato. Entonces ella salta todo el tiempo y se llena de anestesia, cuanto m\u00e1s se tat\u00faa, menos se siente porque la anestesia entra donde la aguja ha hecho un agujero en la piel. \u00a1Despu\u00e9s de un tiempo, no se siente en absoluto!<br \/>\n4. Cuando haya terminado, el tatuaje ser\u00e1 oscuro y n\u00edtido durante aprox. una semana antes de que sane.<\/p>\n<p>\u00a1Volver\u00e9 a mostrar el resultado m\u00e1s tarde cuando el tatuaje haya sanado! :)<\/p>\n<p><a href=\"http:\/\/www.imakeyousmile.se\/wp-content\/uploads\/2014\/08\/kosmetisk-tatuering-\u00f6gonbryn.jpg\"><img loading=\"lazy\" decoding=\"async\" class=\"alignnone size-large wp-image-16156\" src=\"http:\/\/www.imakeyousmile.se\/wp-content\/uploads\/2014\/08\/kosmetisk-tatuering-\u00f6gonbryn-1024x903.jpg\" alt=\"cosm\u00e9tica-tatuaje-cejas\" width=\"700\" height=\"617\" srcset=\"https:\/\/www.imakeyousmile.se\/wp-content\/uploads\/2014\/08\/kosmetisk-tatuering-\u00f6gonbryn-1024x903.jpg 1024w, https:\/\/www.imakeyousmile.se\/wp-content\/uploads\/2014\/08\/kosmetisk-tatuering-\u00f6gonbryn-300x264.jpg 300w, https:\/\/www.imakeyousmile.se\/wp-content\/uploads\/2014\/08\/kosmetisk-tatuering-\u00f6gonbryn-700x617.jpg 700w, https:\/\/www.imakeyousmile.se\/wp-content\/uploads\/2014\/08\/kosmetisk-tatuering-\u00f6gonbryn-404x357.jpg 404w, https:\/\/www.imakeyousmile.se\/wp-content\/uploads\/2014\/08\/kosmetisk-tatuering-\u00f6gonbryn-547x483.jpg 547w, https:\/\/www.imakeyousmile.se\/wp-content\/uploads\/2014\/08\/kosmetisk-tatuering-\u00f6gonbryn.jpg 1688w\" sizes=\"(max-width: 700px) 100vw, 700px\" \/><\/a><\/p>\n<p>\u00a1Annika ha desarrollado su propia tecnolog\u00eda para el cabello que da este resultado natural!<\/p>\n<p><a href=\"http:\/\/www.imakeyousmile.se\/wp-content\/uploads\/2014\/08\/permanent-makeup-\u00f6gonbryn.jpg\"><img loading=\"lazy\" decoding=\"async\" class=\"alignnone size-large wp-image-16157\" src=\"http:\/\/www.imakeyousmile.se\/wp-content\/uploads\/2014\/08\/permanent-makeup-\u00f6gonbryn-1024x580.jpg\" alt=\"maquillaje-permanente-cejas\" width=\"700\" height=\"396\" srcset=\"https:\/\/www.imakeyousmile.se\/wp-content\/uploads\/2014\/08\/permanent-makeup-\u00f6gonbryn-1024x580.jpg 1024w, https:\/\/www.imakeyousmile.se\/wp-content\/uploads\/2014\/08\/permanent-makeup-\u00f6gonbryn-300x170.jpg 300w, https:\/\/www.imakeyousmile.se\/wp-content\/uploads\/2014\/08\/permanent-makeup-\u00f6gonbryn-700x396.jpg 700w, https:\/\/www.imakeyousmile.se\/wp-content\/uploads\/2014\/08\/permanent-makeup-\u00f6gonbryn-629x357.jpg 629w, https:\/\/www.imakeyousmile.se\/wp-content\/uploads\/2014\/08\/permanent-makeup-\u00f6gonbryn-852x483.jpg 852w\" sizes=\"(max-width: 700px) 100vw, 700px\" \/><\/a>Ahora mismo son tan oscuros y n\u00edtidos que se siente como un gran farol, jaja. Pero me encanta la forma y el tama\u00f1o, \u00a1ser\u00e1 tan agradable cuando se haya curado!<\/p>\n<p>\u00a1Abrazo!<\/p>","protected":false},"excerpt":{"rendered":"<p>\u00c4ntligen har jag fyllt i min \u00f6gonbrynstatuering som n\u00e4stan helt hade bleknat bort! Annika p\u00e5 Creative Make Up \u00e4r s\u00e5 oerh\u00f6rt duktig och noggrann, man k\u00e4nner verkligen att man \u00e4r i trygga h\u00e4nder :) Nu \u00e4r \u00f6gonbrynen j\u00e4tteskarpa och m\u00f6rka men dom kommer bli ljusare n\u00e4r dom har l\u00e4kt, h\u00e4r kommer\u00a0f\u00f6re och efter-bilderna! Visst \u00e4r [&hellip;]<\/p>\n","protected":false},"author":30,"featured_media":16158,"comment_status":"open","ping_status":"closed","sticky":false,"template":"","format":"standard","meta":{"footnotes":""},"categories":[12,65],"tags":[],"class_list":["post-16155","post","type-post","status-publish","format-standard","has-post-thumbnail","hentry","category-ogonbryn","category-permanent-make-up"],"yoast_head":"<!-- This site is optimized with the Yoast SEO Premium plugin v14.9 - https:\/\/yoast.com\/wordpress\/plugins\/seo\/ -->\n<meta name=\"description\" content=\"\u00d6gonbrynstatuering | Helena Amiley - H\u00e4r hittar du senaste infromation om sk\u00f6nhet, livsstil, entrepren\u00f6rskap, makeup &amp; tips.\" \/>\n<meta name=\"robots\" content=\"index, follow, max-snippet:-1, max-image-preview:large, max-video-preview:-1\" \/>\n<link rel=\"canonical\" href=\"https:\/\/www.imakeyousmile.se\/es\/ogonbrynstatuering-3\/\" \/>\n<meta property=\"og:locale\" content=\"es_ES\" \/>\n<meta property=\"og:type\" content=\"article\" \/>\n<meta property=\"og:title\" content=\"\u00d6gonbrynstatuering | Imakeyousmile.se\" \/>\n<meta property=\"og:description\" content=\"\u00d6gonbrynstatuering | Helena Amiley - H\u00e4r hittar du senaste infromation om sk\u00f6nhet, livsstil, entrepren\u00f6rskap, makeup &amp; tips.\" \/>\n<meta property=\"og:url\" content=\"https:\/\/www.imakeyousmile.se\/es\/ogonbrynstatuering-3\/\" \/>\n<meta property=\"og:site_name\" content=\"Imakeyousmile.se\" \/>\n<meta property=\"article:author\" content=\"https:\/\/www.facebook.com\/imakeyousmile.se\" \/>\n<meta property=\"article:published_time\" content=\"2014-08-13T18:26:41+00:00\" \/>\n<meta property=\"article:modified_time\" content=\"2018-01-03T14:32:25+00:00\" \/>\n<meta property=\"og:image\" content=\"https:\/\/www.imakeyousmile.se\/wp-content\/uploads\/2014\/08\/\u00f6gonbrynstatuering-f\u00f6re-efter.jpg\" \/>\n\t<meta property=\"og:image:width\" content=\"2560\" \/>\n\t<meta property=\"og:image:height\" content=\"713\" \/>\n<meta name=\"twitter:card\" content=\"summary_large_image\" \/>\n<script type=\"application\/ld+json\" class=\"yoast-schema-graph\">{\"@context\":\"https:\/\/schema.org\",\"@graph\":[{\"@type\":\"Organization\",\"@id\":\"https:\/\/www.imakeyousmile.se\/es\/#organization\",\"name\":\"Imakeyousmile\",\"url\":\"https:\/\/www.imakeyousmile.se\/es\/\",\"sameAs\":[],\"logo\":{\"@type\":\"ImageObject\",\"@id\":\"https:\/\/www.imakeyousmile.se\/es\/#logo\",\"inLanguage\":\"es\",\"url\":\"https:\/\/www.imakeyousmile.se\/wp-content\/uploads\/2020\/10\/HELENA-AMILEY_SVART-1-e1603367975324.png\",\"width\":280,\"height\":93,\"caption\":\"Imakeyousmile\"},\"image\":{\"@id\":\"https:\/\/www.imakeyousmile.se\/es\/#logo\"}},{\"@type\":\"WebSite\",\"@id\":\"https:\/\/www.imakeyousmile.se\/es\/#website\",\"url\":\"https:\/\/www.imakeyousmile.se\/es\/\",\"name\":\"Imakeyousmile.se\",\"description\":\"Helena Amiley - Beauty, Entrepreneur, Lifestyle\",\"publisher\":{\"@id\":\"https:\/\/www.imakeyousmile.se\/es\/#organization\"},\"potentialAction\":[{\"@type\":\"SearchAction\",\"target\":\"https:\/\/www.imakeyousmile.se\/es\/?s={search_term_string}\",\"query-input\":\"required name=search_term_string\"}],\"inLanguage\":\"es\"},{\"@type\":\"ImageObject\",\"@id\":\"https:\/\/www.imakeyousmile.se\/ogonbrynstatuering-3\/#primaryimage\",\"inLanguage\":\"es\",\"url\":\"https:\/\/www.imakeyousmile.se\/wp-content\/uploads\/2014\/08\/\\u00f6gonbrynstatuering-f\\u00f6re-efter.jpg\",\"width\":2560,\"height\":713},{\"@type\":\"WebPage\",\"@id\":\"https:\/\/www.imakeyousmile.se\/ogonbrynstatuering-3\/#webpage\",\"url\":\"https:\/\/www.imakeyousmile.se\/ogonbrynstatuering-3\/\",\"name\":\"\\u00d6gonbrynstatuering | Imakeyousmile.se\",\"isPartOf\":{\"@id\":\"https:\/\/www.imakeyousmile.se\/es\/#website\"},\"primaryImageOfPage\":{\"@id\":\"https:\/\/www.imakeyousmile.se\/ogonbrynstatuering-3\/#primaryimage\"},\"datePublished\":\"2014-08-13T18:26:41+00:00\",\"dateModified\":\"2018-01-03T14:32:25+00:00\",\"description\":\"\\u00d6gonbrynstatuering | Helena Amiley - H\\u00e4r hittar du senaste infromation om sk\\u00f6nhet, livsstil, entrepren\\u00f6rskap, makeup & tips.\",\"inLanguage\":\"es\",\"potentialAction\":[{\"@type\":\"ReadAction\",\"target\":[\"https:\/\/www.imakeyousmile.se\/ogonbrynstatuering-3\/\"]}]},{\"@type\":\"Article\",\"@id\":\"https:\/\/www.imakeyousmile.se\/ogonbrynstatuering-3\/#article\",\"isPartOf\":{\"@id\":\"https:\/\/www.imakeyousmile.se\/ogonbrynstatuering-3\/#webpage\"},\"author\":{\"@id\":\"https:\/\/www.imakeyousmile.se\/es\/#\/schema\/person\/b0fd43b1c6bb1c60cfd68bff9b4a10fb\"},\"headline\":\"\\u00d6gonbrynstatuering\",\"datePublished\":\"2014-08-13T18:26:41+00:00\",\"dateModified\":\"2018-01-03T14:32:25+00:00\",\"mainEntityOfPage\":{\"@id\":\"https:\/\/www.imakeyousmile.se\/ogonbrynstatuering-3\/#webpage\"},\"commentCount\":7,\"publisher\":{\"@id\":\"https:\/\/www.imakeyousmile.se\/es\/#organization\"},\"image\":{\"@id\":\"https:\/\/www.imakeyousmile.se\/ogonbrynstatuering-3\/#primaryimage\"},\"articleSection\":\"\\u00d6gonbryn,Permanent makeup\",\"inLanguage\":\"es\",\"potentialAction\":[{\"@type\":\"CommentAction\",\"name\":\"Comment\",\"target\":[\"https:\/\/www.imakeyousmile.se\/ogonbrynstatuering-3\/#respond\"]}]},{\"@type\":\"Person\",\"@id\":\"https:\/\/www.imakeyousmile.se\/es\/#\/schema\/person\/b0fd43b1c6bb1c60cfd68bff9b4a10fb\",\"name\":\"Helena Amiley\",\"image\":{\"@type\":\"ImageObject\",\"@id\":\"https:\/\/www.imakeyousmile.se\/es\/#personlogo\",\"inLanguage\":\"es\",\"url\":\"https:\/\/secure.gravatar.com\/avatar\/5645558e1e355457a23368d7e1b4c904?s=96&d=mm&r=g\",\"caption\":\"Helena Amiley\"},\"description\":\"Jag skriver mest om sk\\u00f6nhet men bjuder \\u00e4ven p\\u00e5 glimtar fr\\u00e5n entrepren\\u00f6rlivet och bygget av v\\u00e5r egen camper van. Vanlife here we come!\",\"sameAs\":[\"https:\/\/www.facebook.com\/imakeyousmile.se\",\"https:\/\/www.instagram.com\/helenaamiley\",\"https:\/\/www.youtube.com\/channel\/UCR5iB6rvpV6Yr8ZjpQfr5mg?view_as=subscriber\"]}]}<\/script>\n<!-- \/ Yoast SEO Premium plugin. -->","_links":{"self":[{"href":"https:\/\/www.imakeyousmile.se\/es\/wp-json\/wp\/v2\/posts\/16155"}],"collection":[{"href":"https:\/\/www.imakeyousmile.se\/es\/wp-json\/wp\/v2\/posts"}],"about":[{"href":"https:\/\/www.imakeyousmile.se\/es\/wp-json\/wp\/v2\/types\/post"}],"author":[{"embeddable":true,"href":"https:\/\/www.imakeyousmile.se\/es\/wp-json\/wp\/v2\/users\/30"}],"replies":[{"embeddable":true,"href":"https:\/\/www.imakeyousmile.se\/es\/wp-json\/wp\/v2\/comments?post=16155"}],"version-history":[{"count":1,"href":"https:\/\/www.imakeyousmile.se\/es\/wp-json\/wp\/v2\/posts\/16155\/revisions"}],"predecessor-version":[{"id":30982,"href":"https:\/\/www.imakeyousmile.se\/es\/wp-json\/wp\/v2\/posts\/16155\/revisions\/30982"}],"wp:featuredmedia":[{"embeddable":true,"href":"https:\/\/www.imakeyousmile.se\/es\/wp-json\/wp\/v2\/media\/16158"}],"wp:attachment":[{"href":"https:\/\/www.imakeyousmile.se\/es\/wp-json\/wp\/v2\/media?parent=16155"}],"wp:term":[{"taxonomy":"category","embeddable":true,"href":"https:\/\/www.imakeyousmile.se\/es\/wp-json\/wp\/v2\/categories?post=16155"},{"taxonomy":"post_tag","embeddable":true,"href":"https:\/\/www.imakeyousmile.se\/es\/wp-json\/wp\/v2\/tags?post=16155"}],"curies":[{"name":"wp","href":"https:\/\/api.w.org\/{rel}","templated":true}]}}