{"id":16504,"date":"2014-08-16T11:59:16","date_gmt":"2014-08-16T09:59:16","guid":{"rendered":"http:\/\/www.imakeyousmile.se\/?p=16504"},"modified":"2014-08-16T11:59:16","modified_gmt":"2014-08-16T09:59:16","slug":"dagen-efter-sminkning","status":"publish","type":"post","link":"https:\/\/www.imakeyousmile.se\/es\/maquillaje-dia-despues\/","title":{"rendered":"El d\u00eda despu\u00e9s del maquillaje"},"content":{"rendered":"<p>No salgo de fiesta a menudo, pero ayer fue una noche s\u00faper divertida en Uppsala con viejos compa\u00f1eros de la escuela secundaria, \u00a1y hoy me duele el est\u00f3mago por hacer ejercicio por todas las risas! : D<\/p>\n<p>Frida vive en la ciudad aqu\u00ed, as\u00ed que me qued\u00e9 con ella, y como no ten\u00eda desmaquillado conmigo, me salt\u00e9 el lavado. Tengo la piel tan sensible que es peor para la piel lavarme la cara con los productos de otra persona que maquillarme durante 24 horas. Despu\u00e9s de todo, es maquillaje mineral.<\/p>\n<p>Debo mostrar una foto de c\u00f3mo me veo ahora, un poco desgastada (incluso despierta en la foto) pero alcanza tan buen maquillaje que todav\u00eda est\u00e1 sentado! No mejor\u00e9 el maquillaje una vez ayer, ni siquiera con polvos :)<\/p>\n<p><a href=\"http:\/\/www.imakeyousmile.se\/wp-content\/uploads\/2014\/08\/helenis.jpg\"><img loading=\"lazy\" decoding=\"async\" class=\"alignnone size-full wp-image-16506\" src=\"http:\/\/www.imakeyousmile.se\/wp-content\/uploads\/2014\/08\/helenis.jpg\" alt=\"helenis\" width=\"720\" height=\"960\" srcset=\"https:\/\/www.imakeyousmile.se\/wp-content\/uploads\/2014\/08\/helenis.jpg 720w, https:\/\/www.imakeyousmile.se\/wp-content\/uploads\/2014\/08\/helenis-225x300.jpg 225w, https:\/\/www.imakeyousmile.se\/wp-content\/uploads\/2014\/08\/helenis-700x933.jpg 700w, https:\/\/www.imakeyousmile.se\/wp-content\/uploads\/2014\/08\/helenis-267x357.jpg 267w, https:\/\/www.imakeyousmile.se\/wp-content\/uploads\/2014\/08\/helenis-362x483.jpg 362w\" sizes=\"(max-width: 720px) 100vw, 720px\" \/><\/a><\/p>\n<p>Jaja reci\u00e9n despierto y el su\u00e9ter en la nieve, no tom\u00e9 fotos para pegar sino que lo mont\u00e9 despu\u00e9s porque estoy muy impresionado con el maquillaje :) Primer (Paese), base (YAG Mineral) y polvos (Paese) de <a href=\"http:\/\/creativemakeup.se\/\" target=\"_blank\">Byher.se<\/a>, funciona muy bien !!! Un peque\u00f1o grano ha mirado hacia adelante pero es solo porque ayer no exist\u00eda, as\u00ed que no le he puesto mucha cobertura ah\u00ed. A\u00fan as\u00ed, \u00bfeh? :)<\/p>\n<p>Ahora tomar\u00e9 un poco m\u00e1s de caf\u00e9 y me acurrucar\u00e9 con Fridis antes de que llegue la hora de volver a casa.<\/p>\n<p>\u00a1Los abrazos son!<\/p>","protected":false},"excerpt":{"rendered":"<p>Jag festar inte ofta men ig\u00e5r blev det en superrolig utekv\u00e4ll i Uppsala med gamla klasskompisar fr\u00e5n h\u00f6gstadiet, och idag har jag tr\u00e4ningsv\u00e4rk i magen av allt skrattande! :D Frida bor i stan h\u00e4r s\u00e5 jag sov kvar hos henne, och eftersom jag inte hade med mig sminkborttagning s\u00e5 skippade jag att tv\u00e4tta bort sminket. [&hellip;]<\/p>\n","protected":false},"author":30,"featured_media":0,"comment_status":"open","ping_status":"closed","sticky":false,"template":"","format":"standard","meta":{"footnotes":""},"categories":[3],"tags":[],"class_list":["post-16504","post","type-post","status-publish","format-standard","hentry","category-allmant"],"yoast_head":"<!-- This site is optimized with the Yoast SEO Premium plugin v14.9 - https:\/\/yoast.com\/wordpress\/plugins\/seo\/ -->\n<meta name=\"description\" content=\"Dagen efter-sminkning | Helena Amiley - H\u00e4r hittar du senaste infromation om sk\u00f6nhet, livsstil, entrepren\u00f6rskap, makeup &amp; tips.\" \/>\n<meta name=\"robots\" content=\"index, follow, max-snippet:-1, max-image-preview:large, max-video-preview:-1\" \/>\n<link rel=\"canonical\" href=\"https:\/\/www.imakeyousmile.se\/es\/dagen-efter-sminkning\/\" \/>\n<meta property=\"og:locale\" content=\"es_ES\" \/>\n<meta property=\"og:type\" content=\"article\" \/>\n<meta property=\"og:title\" content=\"Dagen efter-sminkning | Imakeyousmile.se\" \/>\n<meta property=\"og:description\" content=\"Dagen efter-sminkning | Helena Amiley - H\u00e4r hittar du senaste infromation om sk\u00f6nhet, livsstil, entrepren\u00f6rskap, makeup &amp; tips.\" \/>\n<meta property=\"og:url\" content=\"https:\/\/www.imakeyousmile.se\/es\/dagen-efter-sminkning\/\" \/>\n<meta property=\"og:site_name\" content=\"Imakeyousmile.se\" \/>\n<meta property=\"article:author\" content=\"https:\/\/www.facebook.com\/imakeyousmile.se\" \/>\n<meta property=\"article:published_time\" content=\"2014-08-16T09:59:16+00:00\" \/>\n<meta property=\"og:image\" content=\"http:\/\/www.imakeyousmile.se\/wp-content\/uploads\/2014\/08\/helenis.jpg\" \/>\n<meta name=\"twitter:card\" content=\"summary_large_image\" \/>\n<script type=\"application\/ld+json\" class=\"yoast-schema-graph\">{\"@context\":\"https:\/\/schema.org\",\"@graph\":[{\"@type\":\"Organization\",\"@id\":\"https:\/\/www.imakeyousmile.se\/es\/#organization\",\"name\":\"Imakeyousmile\",\"url\":\"https:\/\/www.imakeyousmile.se\/es\/\",\"sameAs\":[],\"logo\":{\"@type\":\"ImageObject\",\"@id\":\"https:\/\/www.imakeyousmile.se\/es\/#logo\",\"inLanguage\":\"es\",\"url\":\"https:\/\/www.imakeyousmile.se\/wp-content\/uploads\/2020\/10\/HELENA-AMILEY_SVART-1-e1603367975324.png\",\"width\":280,\"height\":93,\"caption\":\"Imakeyousmile\"},\"image\":{\"@id\":\"https:\/\/www.imakeyousmile.se\/es\/#logo\"}},{\"@type\":\"WebSite\",\"@id\":\"https:\/\/www.imakeyousmile.se\/es\/#website\",\"url\":\"https:\/\/www.imakeyousmile.se\/es\/\",\"name\":\"Imakeyousmile.se\",\"description\":\"Helena Amiley - Beauty, Entrepreneur, Lifestyle\",\"publisher\":{\"@id\":\"https:\/\/www.imakeyousmile.se\/es\/#organization\"},\"potentialAction\":[{\"@type\":\"SearchAction\",\"target\":\"https:\/\/www.imakeyousmile.se\/es\/?s={search_term_string}\",\"query-input\":\"required name=search_term_string\"}],\"inLanguage\":\"es\"},{\"@type\":\"ImageObject\",\"@id\":\"https:\/\/www.imakeyousmile.se\/dagen-efter-sminkning\/#primaryimage\",\"inLanguage\":\"es\",\"url\":\"http:\/\/www.imakeyousmile.se\/wp-content\/uploads\/2014\/08\/helenis.jpg\"},{\"@type\":\"WebPage\",\"@id\":\"https:\/\/www.imakeyousmile.se\/dagen-efter-sminkning\/#webpage\",\"url\":\"https:\/\/www.imakeyousmile.se\/dagen-efter-sminkning\/\",\"name\":\"Dagen efter-sminkning | Imakeyousmile.se\",\"isPartOf\":{\"@id\":\"https:\/\/www.imakeyousmile.se\/es\/#website\"},\"primaryImageOfPage\":{\"@id\":\"https:\/\/www.imakeyousmile.se\/dagen-efter-sminkning\/#primaryimage\"},\"datePublished\":\"2014-08-16T09:59:16+00:00\",\"dateModified\":\"2014-08-16T09:59:16+00:00\",\"description\":\"Dagen efter-sminkning | Helena Amiley - H\\u00e4r hittar du senaste infromation om sk\\u00f6nhet, livsstil, entrepren\\u00f6rskap, makeup & tips.\",\"inLanguage\":\"es\",\"potentialAction\":[{\"@type\":\"ReadAction\",\"target\":[\"https:\/\/www.imakeyousmile.se\/dagen-efter-sminkning\/\"]}]},{\"@type\":\"Article\",\"@id\":\"https:\/\/www.imakeyousmile.se\/dagen-efter-sminkning\/#article\",\"isPartOf\":{\"@id\":\"https:\/\/www.imakeyousmile.se\/dagen-efter-sminkning\/#webpage\"},\"author\":{\"@id\":\"https:\/\/www.imakeyousmile.se\/es\/#\/schema\/person\/b0fd43b1c6bb1c60cfd68bff9b4a10fb\"},\"headline\":\"Dagen efter-sminkning\",\"datePublished\":\"2014-08-16T09:59:16+00:00\",\"dateModified\":\"2014-08-16T09:59:16+00:00\",\"mainEntityOfPage\":{\"@id\":\"https:\/\/www.imakeyousmile.se\/dagen-efter-sminkning\/#webpage\"},\"commentCount\":3,\"publisher\":{\"@id\":\"https:\/\/www.imakeyousmile.se\/es\/#organization\"},\"image\":{\"@id\":\"https:\/\/www.imakeyousmile.se\/dagen-efter-sminkning\/#primaryimage\"},\"articleSection\":\"\\u00d6vrigt\",\"inLanguage\":\"es\",\"potentialAction\":[{\"@type\":\"CommentAction\",\"name\":\"Comment\",\"target\":[\"https:\/\/www.imakeyousmile.se\/dagen-efter-sminkning\/#respond\"]}]},{\"@type\":\"Person\",\"@id\":\"https:\/\/www.imakeyousmile.se\/es\/#\/schema\/person\/b0fd43b1c6bb1c60cfd68bff9b4a10fb\",\"name\":\"Helena Amiley\",\"image\":{\"@type\":\"ImageObject\",\"@id\":\"https:\/\/www.imakeyousmile.se\/es\/#personlogo\",\"inLanguage\":\"es\",\"url\":\"https:\/\/secure.gravatar.com\/avatar\/5645558e1e355457a23368d7e1b4c904?s=96&d=mm&r=g\",\"caption\":\"Helena Amiley\"},\"description\":\"Jag skriver mest om sk\\u00f6nhet men bjuder \\u00e4ven p\\u00e5 glimtar fr\\u00e5n entrepren\\u00f6rlivet och bygget av v\\u00e5r egen camper van. Vanlife here we come!\",\"sameAs\":[\"https:\/\/www.facebook.com\/imakeyousmile.se\",\"https:\/\/www.instagram.com\/helenaamiley\",\"https:\/\/www.youtube.com\/channel\/UCR5iB6rvpV6Yr8ZjpQfr5mg?view_as=subscriber\"]}]}<\/script>\n<!-- \/ Yoast SEO Premium plugin. -->","_links":{"self":[{"href":"https:\/\/www.imakeyousmile.se\/es\/wp-json\/wp\/v2\/posts\/16504"}],"collection":[{"href":"https:\/\/www.imakeyousmile.se\/es\/wp-json\/wp\/v2\/posts"}],"about":[{"href":"https:\/\/www.imakeyousmile.se\/es\/wp-json\/wp\/v2\/types\/post"}],"author":[{"embeddable":true,"href":"https:\/\/www.imakeyousmile.se\/es\/wp-json\/wp\/v2\/users\/30"}],"replies":[{"embeddable":true,"href":"https:\/\/www.imakeyousmile.se\/es\/wp-json\/wp\/v2\/comments?post=16504"}],"version-history":[{"count":0,"href":"https:\/\/www.imakeyousmile.se\/es\/wp-json\/wp\/v2\/posts\/16504\/revisions"}],"wp:attachment":[{"href":"https:\/\/www.imakeyousmile.se\/es\/wp-json\/wp\/v2\/media?parent=16504"}],"wp:term":[{"taxonomy":"category","embeddable":true,"href":"https:\/\/www.imakeyousmile.se\/es\/wp-json\/wp\/v2\/categories?post=16504"},{"taxonomy":"post_tag","embeddable":true,"href":"https:\/\/www.imakeyousmile.se\/es\/wp-json\/wp\/v2\/tags?post=16504"}],"curies":[{"name":"wp","href":"https:\/\/api.w.org\/{rel}","templated":true}]}}