{"id":1658,"date":"2011-03-04T12:25:00","date_gmt":"2011-03-04T11:25:00","guid":{"rendered":"http:\/\/www.imakeyousmile.se\/schwarzkopf-got2be-dry-shampoo\/"},"modified":"2020-10-22T11:11:16","modified_gmt":"2020-10-22T09:11:16","slug":"schwarzkopf-got2be-dry-shampoo","status":"publish","type":"post","link":"https:\/\/www.imakeyousmile.se\/es\/champu-seco-schwarzkopf-got2be\/","title":{"rendered":"Champ\u00fa seco Schwarzkopf Got2be"},"content":{"rendered":"<div style=\"clear: both; text-align: left;\">Solo me ba\u00f1o el cabello dos veces por semana, m\u00e1ximo 3. Pero he sido un poco adicto <em>Polvos de peinado Bj\u00f6rn Ax\u00e9n<\/em>. \u00a1Perfecto como champ\u00fa seco a la vez que consigues mucho volumen!<\/div>\n<div style=\"clear: both; text-align: left;\"><\/div>\n<div style=\"clear: both; text-align: left;\">Pero ahora he probado uno nuevo <em>champ\u00fa seco got2be<\/em>. Cuesta SEK 80 por 200ml en lugar de SEK 130 como lo hace Bj\u00f6rn Ax\u00e9ns.<\/div>\n<div style=\"clear: both; text-align: left;\"><\/div>\n<div style=\"clear: both; text-align: left;\">Realmente es muy bueno. Muy<span style=\"font-size: x-large;\"> mejor<\/span> \u00a1incluso! Es un poco &quot;m\u00e1s ligero&quot; de alguna manera.<\/div>\n<div style=\"clear: both; text-align: left;\"><\/div>\n<div style=\"clear: both; text-align: left;\">El polvo para peinar Bj\u00f6rn Ax\u00e9n solo hace que el cabello luzca bien, no se siente particularmente bien. \u00a1Pero este champ\u00fa seco hace que se sienta casi reci\u00e9n lavado!<\/div>\n<div style=\"clear: both; text-align: center;\"><\/div>\n<div style=\"clear: both; text-align: center;\"><a href=\"https:\/\/lh4.googleusercontent.com\/-uswOEwRADCA\/TXDJZWOm50I\/AAAAAAAADe4\/lhBWHAU9DY4\/s1600\/torrshampoo.jpg\" style=\"margin-left: 1em; margin-right: 1em;\"><img decoding=\"async\" border=\"0\" l6=\"true\" src=\"https:\/\/lh4.googleusercontent.com\/-uswOEwRADCA\/TXDJZWOm50I\/AAAAAAAADe4\/lhBWHAU9DY4\/s1600\/torrshampoo.jpg\" \/><\/a><\/div>\n<div style=\"text-align: center;\"><span style=\"color: #ffe599;\"><span style=\"color: #f1c232; font-size: x-large;\"><span style=\"color: #ffe599;\"><span style=\"color: #ffe599;\"><span style=\"color: #ffd966;\">\u2605. \u2605. \u2605. \u2605. \u2605.<\/span><\/span><\/span><\/span><\/span><\/div>\n<div style=\"text-align: center;\"><span style=\"color: #ffe599;\"><span style=\"color: #f1c232; font-size: x-large;\"><span style=\"color: #ffe599;\"><span style=\"color: #ffe599;\"><span style=\"color: black; font-size: small;\"><em>\u00a1Cinco estrellas seguro!<\/em><\/span><\/span><\/span><\/span><\/span><\/div>","protected":false},"excerpt":{"rendered":"<p>Jag duschar bara h\u00e5ret 2 ggr i veckan, max 3.\u00a0Men har typ varit beroende\u00a0av Bj\u00f6rn Ax\u00e9n styling powder. Perfekt som torrshampoo samtidigt som man f\u00e5r massa volym! Men nu har jag testat en ny, got2be dry shampoo. Kostar 80kr f\u00f6r 200ml ist\u00e4llet f\u00f6r 130kr som Bj\u00f6rn Ax\u00e9ns g\u00f6r. Den \u00e4r faktiskt ruksigt bra. Mycket b\u00e4ttre [&hellip;]<\/p>\n","protected":false},"author":30,"featured_media":0,"comment_status":"open","ping_status":"open","sticky":false,"template":"","format":"standard","meta":{"footnotes":""},"categories":[2862,59],"tags":[],"class_list":["post-1658","post","type-post","status-publish","format-standard","hentry","category-har","category-recensioner-produkttips"],"yoast_head":"<!-- This site is optimized with the Yoast SEO Premium plugin v14.9 - https:\/\/yoast.com\/wordpress\/plugins\/seo\/ -->\n<meta name=\"description\" content=\"Schwarzkopf Got2be Dry Shampoo | Helena Amiley - H\u00e4r hittar du senaste infromation om sk\u00f6nhet, livsstil, entrepren\u00f6rskap, makeup &amp; tips.\" \/>\n<meta name=\"robots\" content=\"index, follow, max-snippet:-1, max-image-preview:large, max-video-preview:-1\" \/>\n<link rel=\"canonical\" href=\"https:\/\/www.imakeyousmile.se\/es\/schwarzkopf-got2be-dry-shampoo\/\" \/>\n<meta property=\"og:locale\" content=\"es_ES\" \/>\n<meta property=\"og:type\" content=\"article\" \/>\n<meta property=\"og:title\" content=\"Schwarzkopf Got2be Dry Shampoo | Imakeyousmile.se\" \/>\n<meta property=\"og:description\" content=\"Schwarzkopf Got2be Dry Shampoo | Helena Amiley - H\u00e4r hittar du senaste infromation om sk\u00f6nhet, livsstil, entrepren\u00f6rskap, makeup &amp; tips.\" \/>\n<meta property=\"og:url\" content=\"https:\/\/www.imakeyousmile.se\/es\/schwarzkopf-got2be-dry-shampoo\/\" \/>\n<meta property=\"og:site_name\" content=\"Imakeyousmile.se\" \/>\n<meta property=\"article:author\" content=\"https:\/\/www.facebook.com\/imakeyousmile.se\" \/>\n<meta property=\"article:published_time\" content=\"2011-03-04T11:25:00+00:00\" \/>\n<meta property=\"article:modified_time\" content=\"2020-10-22T09:11:16+00:00\" \/>\n<meta property=\"og:image\" content=\"https:\/\/lh4.googleusercontent.com\/-uswOEwRADCA\/TXDJZWOm50I\/AAAAAAAADe4\/lhBWHAU9DY4\/s1600\/torrshampoo.jpg\" \/>\n<meta name=\"twitter:card\" content=\"summary_large_image\" \/>\n<script type=\"application\/ld+json\" class=\"yoast-schema-graph\">{\"@context\":\"https:\/\/schema.org\",\"@graph\":[{\"@type\":\"Organization\",\"@id\":\"https:\/\/www.imakeyousmile.se\/es\/#organization\",\"name\":\"Imakeyousmile\",\"url\":\"https:\/\/www.imakeyousmile.se\/es\/\",\"sameAs\":[],\"logo\":{\"@type\":\"ImageObject\",\"@id\":\"https:\/\/www.imakeyousmile.se\/es\/#logo\",\"inLanguage\":\"es\",\"url\":\"https:\/\/www.imakeyousmile.se\/wp-content\/uploads\/2020\/10\/HELENA-AMILEY_SVART-1-e1603367975324.png\",\"width\":280,\"height\":93,\"caption\":\"Imakeyousmile\"},\"image\":{\"@id\":\"https:\/\/www.imakeyousmile.se\/es\/#logo\"}},{\"@type\":\"WebSite\",\"@id\":\"https:\/\/www.imakeyousmile.se\/es\/#website\",\"url\":\"https:\/\/www.imakeyousmile.se\/es\/\",\"name\":\"Imakeyousmile.se\",\"description\":\"Helena Amiley - Beauty, Entrepreneur, Lifestyle\",\"publisher\":{\"@id\":\"https:\/\/www.imakeyousmile.se\/es\/#organization\"},\"potentialAction\":[{\"@type\":\"SearchAction\",\"target\":\"https:\/\/www.imakeyousmile.se\/es\/?s={search_term_string}\",\"query-input\":\"required name=search_term_string\"}],\"inLanguage\":\"es\"},{\"@type\":\"ImageObject\",\"@id\":\"https:\/\/www.imakeyousmile.se\/schwarzkopf-got2be-dry-shampoo\/#primaryimage\",\"inLanguage\":\"es\",\"url\":\"https:\/\/lh4.googleusercontent.com\/-uswOEwRADCA\/TXDJZWOm50I\/AAAAAAAADe4\/lhBWHAU9DY4\/s1600\/torrshampoo.jpg\"},{\"@type\":\"WebPage\",\"@id\":\"https:\/\/www.imakeyousmile.se\/schwarzkopf-got2be-dry-shampoo\/#webpage\",\"url\":\"https:\/\/www.imakeyousmile.se\/schwarzkopf-got2be-dry-shampoo\/\",\"name\":\"Schwarzkopf Got2be Dry Shampoo | Imakeyousmile.se\",\"isPartOf\":{\"@id\":\"https:\/\/www.imakeyousmile.se\/es\/#website\"},\"primaryImageOfPage\":{\"@id\":\"https:\/\/www.imakeyousmile.se\/schwarzkopf-got2be-dry-shampoo\/#primaryimage\"},\"datePublished\":\"2011-03-04T11:25:00+00:00\",\"dateModified\":\"2020-10-22T09:11:16+00:00\",\"description\":\"Schwarzkopf Got2be Dry Shampoo | Helena Amiley - H\\u00e4r hittar du senaste infromation om sk\\u00f6nhet, livsstil, entrepren\\u00f6rskap, makeup & tips.\",\"inLanguage\":\"es\",\"potentialAction\":[{\"@type\":\"ReadAction\",\"target\":[\"https:\/\/www.imakeyousmile.se\/schwarzkopf-got2be-dry-shampoo\/\"]}]},{\"@type\":\"Article\",\"@id\":\"https:\/\/www.imakeyousmile.se\/schwarzkopf-got2be-dry-shampoo\/#article\",\"isPartOf\":{\"@id\":\"https:\/\/www.imakeyousmile.se\/schwarzkopf-got2be-dry-shampoo\/#webpage\"},\"author\":{\"@id\":\"https:\/\/www.imakeyousmile.se\/es\/#\/schema\/person\/b0fd43b1c6bb1c60cfd68bff9b4a10fb\"},\"headline\":\"Schwarzkopf Got2be Dry Shampoo\",\"datePublished\":\"2011-03-04T11:25:00+00:00\",\"dateModified\":\"2020-10-22T09:11:16+00:00\",\"mainEntityOfPage\":{\"@id\":\"https:\/\/www.imakeyousmile.se\/schwarzkopf-got2be-dry-shampoo\/#webpage\"},\"commentCount\":0,\"publisher\":{\"@id\":\"https:\/\/www.imakeyousmile.se\/es\/#organization\"},\"image\":{\"@id\":\"https:\/\/www.imakeyousmile.se\/schwarzkopf-got2be-dry-shampoo\/#primaryimage\"},\"articleSection\":\"H\\u00e5r,Recensioner &amp; Produkttips\",\"inLanguage\":\"es\",\"potentialAction\":[{\"@type\":\"CommentAction\",\"name\":\"Comment\",\"target\":[\"https:\/\/www.imakeyousmile.se\/schwarzkopf-got2be-dry-shampoo\/#respond\"]}]},{\"@type\":\"Person\",\"@id\":\"https:\/\/www.imakeyousmile.se\/es\/#\/schema\/person\/b0fd43b1c6bb1c60cfd68bff9b4a10fb\",\"name\":\"Helena Amiley\",\"image\":{\"@type\":\"ImageObject\",\"@id\":\"https:\/\/www.imakeyousmile.se\/es\/#personlogo\",\"inLanguage\":\"es\",\"url\":\"https:\/\/secure.gravatar.com\/avatar\/5645558e1e355457a23368d7e1b4c904?s=96&d=mm&r=g\",\"caption\":\"Helena Amiley\"},\"description\":\"Jag skriver mest om sk\\u00f6nhet men bjuder \\u00e4ven p\\u00e5 glimtar fr\\u00e5n entrepren\\u00f6rlivet och bygget av v\\u00e5r egen camper van. Vanlife here we come!\",\"sameAs\":[\"https:\/\/www.facebook.com\/imakeyousmile.se\",\"https:\/\/www.instagram.com\/helenaamiley\",\"https:\/\/www.youtube.com\/channel\/UCR5iB6rvpV6Yr8ZjpQfr5mg?view_as=subscriber\"]}]}<\/script>\n<!-- \/ Yoast SEO Premium plugin. -->","_links":{"self":[{"href":"https:\/\/www.imakeyousmile.se\/es\/wp-json\/wp\/v2\/posts\/1658"}],"collection":[{"href":"https:\/\/www.imakeyousmile.se\/es\/wp-json\/wp\/v2\/posts"}],"about":[{"href":"https:\/\/www.imakeyousmile.se\/es\/wp-json\/wp\/v2\/types\/post"}],"author":[{"embeddable":true,"href":"https:\/\/www.imakeyousmile.se\/es\/wp-json\/wp\/v2\/users\/30"}],"replies":[{"embeddable":true,"href":"https:\/\/www.imakeyousmile.se\/es\/wp-json\/wp\/v2\/comments?post=1658"}],"version-history":[{"count":1,"href":"https:\/\/www.imakeyousmile.se\/es\/wp-json\/wp\/v2\/posts\/1658\/revisions"}],"predecessor-version":[{"id":37236,"href":"https:\/\/www.imakeyousmile.se\/es\/wp-json\/wp\/v2\/posts\/1658\/revisions\/37236"}],"wp:attachment":[{"href":"https:\/\/www.imakeyousmile.se\/es\/wp-json\/wp\/v2\/media?parent=1658"}],"wp:term":[{"taxonomy":"category","embeddable":true,"href":"https:\/\/www.imakeyousmile.se\/es\/wp-json\/wp\/v2\/categories?post=1658"},{"taxonomy":"post_tag","embeddable":true,"href":"https:\/\/www.imakeyousmile.se\/es\/wp-json\/wp\/v2\/tags?post=1658"}],"curies":[{"name":"wp","href":"https:\/\/api.w.org\/{rel}","templated":true}]}}