{"id":16674,"date":"2014-08-17T11:34:16","date_gmt":"2014-08-17T09:34:16","guid":{"rendered":"http:\/\/www.imakeyousmile.se\/?p=16674"},"modified":"2021-09-01T05:46:52","modified_gmt":"2021-09-01T03:46:52","slug":"fredagssminkning-2","status":"publish","type":"post","link":"https:\/\/www.imakeyousmile.se\/es\/viernes-maquillaje-2\/","title":{"rendered":"Maquillaje de viernes"},"content":{"rendered":"<p>H\u00e4r kommer sminkningen som jag hade i fredags kv\u00e4ll. Det \u00e4r inte en &#8221;typisk&#8221; festsminkning, men en sminkning som jag k\u00e4nner mig riktigt snygg i och det \u00e4r det som \u00e4r viktigast! :)<\/p>\n<p>Jag \u00e4lskar dessa h\u00f6stmurriga nyanserna p\u00e5 b\u00e5de \u00f6gonen och l\u00e4pparna, riktigt snyggt!<\/p>\n<p><a style=\"color: #1f9ee7;\" href=\"http:\/\/www.imakeyousmile.se\/wp-content\/uploads\/2014\/08\/IMG_9434_111.jpg\"><img loading=\"lazy\" decoding=\"async\" class=\"alignnone size-large wp-image-16676\" src=\"http:\/\/www.imakeyousmile.se\/wp-content\/uploads\/2014\/08\/IMG_9434_111-889x1024.jpg\" alt=\"IMG_9434_111\" width=\"700\" height=\"806\" srcset=\"https:\/\/www.imakeyousmile.se\/wp-content\/uploads\/2014\/08\/IMG_9434_111-889x1024.jpg 889w, https:\/\/www.imakeyousmile.se\/wp-content\/uploads\/2014\/08\/IMG_9434_111-260x300.jpg 260w, https:\/\/www.imakeyousmile.se\/wp-content\/uploads\/2014\/08\/IMG_9434_111-700x806.jpg 700w, https:\/\/www.imakeyousmile.se\/wp-content\/uploads\/2014\/08\/IMG_9434_111-309x357.jpg 309w, https:\/\/www.imakeyousmile.se\/wp-content\/uploads\/2014\/08\/IMG_9434_111-419x483.jpg 419w\" sizes=\"(max-width: 700px) 100vw, 700px\" \/><\/a><\/p>\n<p>L\u00e4ppennan \u00e4r <a href=\"https:\/\/dot.yves-rocher.se\/t\/t?a=138068268&amp;as=1548102449&amp;t=2&amp;tk=1&amp;epi=search-replace-yves-lipliner&amp;url=https:\/\/www.yves-rocher.se\/smink\/laeppar\/laeppenna\/c\/22300\" target=\"_blank\" rel=\"noopener\">Yves Rocher Automatic Lip Liner i nyansen (21. Mauve bois\u00e9)<\/a><\/p>\n<p><a style=\"color: #1f9ee7;\" href=\"http:\/\/www.imakeyousmile.se\/wp-content\/uploads\/2014\/08\/sminkblogg.jpg\"><img loading=\"lazy\" decoding=\"async\" class=\"alignnone size-large wp-image-16681\" src=\"http:\/\/www.imakeyousmile.se\/wp-content\/uploads\/2014\/08\/sminkblogg.jpg\" alt=\"sminkblogg\" width=\"353\" height=\"190\" srcset=\"https:\/\/www.imakeyousmile.se\/wp-content\/uploads\/2014\/08\/sminkblogg.jpg 353w, https:\/\/www.imakeyousmile.se\/wp-content\/uploads\/2014\/08\/sminkblogg-300x161.jpg 300w\" sizes=\"(max-width: 353px) 100vw, 353px\" \/><\/a><\/p>\n<p>Jag har anv\u00e4nt dessa <a href=\"https:\/\/click.adrecord.com?c=5979&#038;p=1041&#038;url=https%3A\/\/kissedbyeco.se\/brand\/yag\/\/\" target=\"_blank\" rel=\"noopener\">YAG Mineral-skuggor<\/a> som \u00e4r mina favoritnyanser just nu.<\/p>\n<p><script>\/\/ <![CDATA[\nvar uri = 'http:\/\/impse.tradedoubler.com\/imp?type(inv)g(16152292)a(2286222)' + new String (Math.random()).substring (2, 11);\ndocument.write('<img decoding=\"async\" src=\"'+uri +'\">');\n\/\/ ]]><\/script><\/p>\n<p>Cacao Brown \u00e4r en matt och m\u00f6rkbrun \u00f6gonskugga, och Pink Berry \u00e4r en &#8221;vidr\u00f6dlila&#8221; skimrig f\u00e4rg som \u00e4r otroligt snygg i h\u00f6st!<\/p>\n<p><a href=\"http:\/\/www.imakeyousmile.se\/wp-content\/uploads\/2014\/08\/IMG_9407_111.jpg\"><img loading=\"lazy\" decoding=\"async\" class=\"alignnone size-large wp-image-16683\" src=\"http:\/\/www.imakeyousmile.se\/wp-content\/uploads\/2014\/08\/IMG_9407_111-1024x776.jpg\" alt=\"IMG_9407_111\" width=\"700\" height=\"530\" srcset=\"https:\/\/www.imakeyousmile.se\/wp-content\/uploads\/2014\/08\/IMG_9407_111-1024x776.jpg 1024w, https:\/\/www.imakeyousmile.se\/wp-content\/uploads\/2014\/08\/IMG_9407_111-300x227.jpg 300w, https:\/\/www.imakeyousmile.se\/wp-content\/uploads\/2014\/08\/IMG_9407_111-700x530.jpg 700w, https:\/\/www.imakeyousmile.se\/wp-content\/uploads\/2014\/08\/IMG_9407_111-470x357.jpg 470w, https:\/\/www.imakeyousmile.se\/wp-content\/uploads\/2014\/08\/IMG_9407_111-636x483.jpg 636w, https:\/\/www.imakeyousmile.se\/wp-content\/uploads\/2014\/08\/IMG_9407_111.jpg 1788w\" sizes=\"(max-width: 700px) 100vw, 700px\" \/><\/a><\/p>\n<p><strong><span style=\"color: #993300;\">Brun \u00f6gonskugga<\/span><\/strong> p\u00e5 \u00f6gonlocket, <a href=\"https:\/\/click.adrecord.com?c=5979&#038;p=1041&#038;url=https%3A\/\/kissedbyeco.se\/brand\/yag\/\/\" target=\"_blank\" rel=\"noopener\">YAG Mineral Cacao Brown.<\/a><br \/>\n<span style=\"color: #993366;\"><strong>Vinr\u00f6dlila \u00f6gonskugga<\/strong><\/span> l\u00e4ngs globlinjen, <a href=\"https:\/\/click.adrecord.com?c=5979&#038;p=1041&#038;url=https%3A\/\/kissedbyeco.se\/brand\/yag\/\/\" target=\"_blank\" rel=\"noopener\">YAG Mineral Pink Berry.<\/a><br \/>\n<strong><span style=\"color: #ffcc99;\">Ljus \u00f6gonskugga<\/span> <\/strong>i \u00f6gonvr\u00e5n och under brynet, <a href=\"https:\/\/ion.lyko.com\/t\/t?a=1117786221&#038;as=1548102449&#038;t=2&#038;tk=1&#038;epi=search-replace-eyeshadow&#038;url=https:\/\/lyko.com\/sv\/sok?q=highlighter+eyeshadow\" target=\"_blank\" rel=\"noopener\">Annikas Favoritskugga<\/a>.<br \/>\n<strong><span style=\"color: #000000;\">Svart kajalpenna<\/span><\/strong> l\u00e4ngs \u00f6vre fransraden, <a href=\"http:\/\/creativemakeup.se\/produkt\/paese-linea-automatic-eyeliner\/\" target=\"_blank\" rel=\"noopener\">Paese Linea Automatic Eyeliner.<\/a><br \/>\n<strong><span style=\"color: #000000;\">Svart mascara<\/span> <\/strong>p\u00e5 alla fransarna, <a href=\"https:\/\/creativemakeup.se\/butik\/marken\/santhilea-london\/santhilea-magnetic-lash\/\" target=\"_blank\" rel=\"noopener\">Magnetic Lash Mascara<\/a>.<\/p>\n<p><a href=\"http:\/\/www.imakeyousmile.se\/wp-content\/uploads\/2014\/08\/IMG_9435_111.jpg\"><img loading=\"lazy\" decoding=\"async\" class=\"alignnone size-large wp-image-16677\" src=\"http:\/\/www.imakeyousmile.se\/wp-content\/uploads\/2014\/08\/IMG_9435_111-889x1024.jpg\" alt=\"IMG_9435_111\" width=\"700\" height=\"806\" srcset=\"https:\/\/www.imakeyousmile.se\/wp-content\/uploads\/2014\/08\/IMG_9435_111-889x1024.jpg 889w, https:\/\/www.imakeyousmile.se\/wp-content\/uploads\/2014\/08\/IMG_9435_111-260x300.jpg 260w, https:\/\/www.imakeyousmile.se\/wp-content\/uploads\/2014\/08\/IMG_9435_111-700x805.jpg 700w, https:\/\/www.imakeyousmile.se\/wp-content\/uploads\/2014\/08\/IMG_9435_111-310x357.jpg 310w, https:\/\/www.imakeyousmile.se\/wp-content\/uploads\/2014\/08\/IMG_9435_111-419x483.jpg 419w\" sizes=\"(max-width: 700px) 100vw, 700px\" \/><\/a><\/p>\n<p><a href=\"http:\/\/www.imakeyousmile.se\/wp-content\/uploads\/2014\/08\/IMG_9436_111.jpg\"><img loading=\"lazy\" decoding=\"async\" class=\"alignnone size-large wp-image-16678\" src=\"http:\/\/www.imakeyousmile.se\/wp-content\/uploads\/2014\/08\/IMG_9436_111-894x1024.jpg\" alt=\"IMG_9436_111\" width=\"700\" height=\"801\" srcset=\"https:\/\/www.imakeyousmile.se\/wp-content\/uploads\/2014\/08\/IMG_9436_111-894x1024.jpg 894w, https:\/\/www.imakeyousmile.se\/wp-content\/uploads\/2014\/08\/IMG_9436_111-262x300.jpg 262w, https:\/\/www.imakeyousmile.se\/wp-content\/uploads\/2014\/08\/IMG_9436_111-700x801.jpg 700w, https:\/\/www.imakeyousmile.se\/wp-content\/uploads\/2014\/08\/IMG_9436_111-311x357.jpg 311w, https:\/\/www.imakeyousmile.se\/wp-content\/uploads\/2014\/08\/IMG_9436_111-421x483.jpg 421w\" sizes=\"(max-width: 700px) 100vw, 700px\" \/><\/a><\/p>\n<p><a href=\"http:\/\/www.imakeyousmile.se\/wp-content\/uploads\/2014\/08\/IMG_9448_111.jpg\"><img loading=\"lazy\" decoding=\"async\" class=\"alignnone size-large wp-image-16679\" src=\"http:\/\/www.imakeyousmile.se\/wp-content\/uploads\/2014\/08\/IMG_9448_111-914x1024.jpg\" alt=\"IMG_9448_111\" width=\"700\" height=\"784\" srcset=\"https:\/\/www.imakeyousmile.se\/wp-content\/uploads\/2014\/08\/IMG_9448_111-914x1024.jpg 914w, https:\/\/www.imakeyousmile.se\/wp-content\/uploads\/2014\/08\/IMG_9448_111-267x300.jpg 267w, https:\/\/www.imakeyousmile.se\/wp-content\/uploads\/2014\/08\/IMG_9448_111-700x783.jpg 700w, https:\/\/www.imakeyousmile.se\/wp-content\/uploads\/2014\/08\/IMG_9448_111-318x357.jpg 318w, https:\/\/www.imakeyousmile.se\/wp-content\/uploads\/2014\/08\/IMG_9448_111-431x483.jpg 431w\" sizes=\"(max-width: 700px) 100vw, 700px\" \/><\/a><\/p>\n<p><a href=\"http:\/\/www.imakeyousmile.se\/wp-content\/uploads\/2014\/08\/IMG_9450_111.jpg\"><img loading=\"lazy\" decoding=\"async\" class=\"alignnone size-large wp-image-16680\" src=\"http:\/\/www.imakeyousmile.se\/wp-content\/uploads\/2014\/08\/IMG_9450_111-936x1024.jpg\" alt=\"IMG_9450_111\" width=\"700\" height=\"765\" srcset=\"https:\/\/www.imakeyousmile.se\/wp-content\/uploads\/2014\/08\/IMG_9450_111-936x1024.jpg 936w, https:\/\/www.imakeyousmile.se\/wp-content\/uploads\/2014\/08\/IMG_9450_111-274x300.jpg 274w, https:\/\/www.imakeyousmile.se\/wp-content\/uploads\/2014\/08\/IMG_9450_111-700x765.jpg 700w, https:\/\/www.imakeyousmile.se\/wp-content\/uploads\/2014\/08\/IMG_9450_111-326x357.jpg 326w, https:\/\/www.imakeyousmile.se\/wp-content\/uploads\/2014\/08\/IMG_9450_111-441x483.jpg 441w\" sizes=\"(max-width: 700px) 100vw, 700px\" \/><\/a><\/p>\n<p>&nbsp;<\/p>\n<p><strong>Vad tycks? :)<\/strong><\/p>\n","protected":false},"excerpt":{"rendered":"<p>H\u00e4r kommer sminkningen som jag hade i fredags kv\u00e4ll. Det \u00e4r inte en &#8221;typisk&#8221; festsminkning, men en sminkning som jag k\u00e4nner mig riktigt snygg i och det \u00e4r det som \u00e4r viktigast! :) Jag \u00e4lskar dessa h\u00f6stmurriga nyanserna p\u00e5 b\u00e5de \u00f6gonen och l\u00e4pparna, riktigt snyggt! L\u00e4ppennan \u00e4r Yves Rocher Automatic Lip Liner i nyansen (21. [&hellip;]<\/p>\n","protected":false},"author":30,"featured_media":16683,"comment_status":"open","ping_status":"closed","sticky":false,"template":"","format":"standard","meta":{"footnotes":""},"categories":[2827],"tags":[2631,991,2324],"class_list":["post-16674","post","type-post","status-publish","format-standard","has-post-thumbnail","hentry","category-vardagssminkningar","tag-hostogonskuggorna","tag-hostsminkning","tag-nudh-mineral-sminkning"],"yoast_head":"<!-- This site is optimized with the Yoast SEO Premium plugin v14.9 - https:\/\/yoast.com\/wordpress\/plugins\/seo\/ -->\n<meta name=\"description\" content=\"Fredagssminkning | Helena Amiley - H\u00e4r hittar du senaste infromation om sk\u00f6nhet, livsstil, entrepren\u00f6rskap, makeup &amp; tips.\" \/>\n<meta name=\"robots\" content=\"index, follow, max-snippet:-1, max-image-preview:large, max-video-preview:-1\" \/>\n<link rel=\"canonical\" href=\"https:\/\/www.imakeyousmile.se\/es\/fredagssminkning-2\/\" \/>\n<meta property=\"og:locale\" content=\"es_ES\" \/>\n<meta property=\"og:type\" content=\"article\" \/>\n<meta property=\"og:title\" content=\"Fredagssminkning | Imakeyousmile.se\" \/>\n<meta property=\"og:description\" content=\"Fredagssminkning | Helena Amiley - H\u00e4r hittar du senaste infromation om sk\u00f6nhet, livsstil, entrepren\u00f6rskap, makeup &amp; tips.\" \/>\n<meta property=\"og:url\" content=\"https:\/\/www.imakeyousmile.se\/es\/fredagssminkning-2\/\" \/>\n<meta property=\"og:site_name\" content=\"Imakeyousmile.se\" \/>\n<meta property=\"article:author\" content=\"https:\/\/www.facebook.com\/imakeyousmile.se\" \/>\n<meta property=\"article:published_time\" content=\"2014-08-17T09:34:16+00:00\" \/>\n<meta property=\"article:modified_time\" content=\"2021-09-01T03:46:52+00:00\" \/>\n<meta property=\"og:image\" content=\"https:\/\/www.imakeyousmile.se\/wp-content\/uploads\/2014\/08\/IMG_9407_111.jpg\" \/>\n\t<meta property=\"og:image:width\" content=\"1788\" \/>\n\t<meta property=\"og:image:height\" content=\"1356\" \/>\n<meta name=\"twitter:card\" content=\"summary_large_image\" \/>\n<script type=\"application\/ld+json\" class=\"yoast-schema-graph\">{\"@context\":\"https:\/\/schema.org\",\"@graph\":[{\"@type\":\"Organization\",\"@id\":\"https:\/\/www.imakeyousmile.se\/es\/#organization\",\"name\":\"Imakeyousmile\",\"url\":\"https:\/\/www.imakeyousmile.se\/es\/\",\"sameAs\":[],\"logo\":{\"@type\":\"ImageObject\",\"@id\":\"https:\/\/www.imakeyousmile.se\/es\/#logo\",\"inLanguage\":\"es\",\"url\":\"https:\/\/www.imakeyousmile.se\/wp-content\/uploads\/2020\/10\/HELENA-AMILEY_SVART-1-e1603367975324.png\",\"width\":280,\"height\":93,\"caption\":\"Imakeyousmile\"},\"image\":{\"@id\":\"https:\/\/www.imakeyousmile.se\/es\/#logo\"}},{\"@type\":\"WebSite\",\"@id\":\"https:\/\/www.imakeyousmile.se\/es\/#website\",\"url\":\"https:\/\/www.imakeyousmile.se\/es\/\",\"name\":\"Imakeyousmile.se\",\"description\":\"Helena Amiley - Beauty, Entrepreneur, Lifestyle\",\"publisher\":{\"@id\":\"https:\/\/www.imakeyousmile.se\/es\/#organization\"},\"potentialAction\":[{\"@type\":\"SearchAction\",\"target\":\"https:\/\/www.imakeyousmile.se\/es\/?s={search_term_string}\",\"query-input\":\"required name=search_term_string\"}],\"inLanguage\":\"es\"},{\"@type\":\"ImageObject\",\"@id\":\"https:\/\/www.imakeyousmile.se\/fredagssminkning-2\/#primaryimage\",\"inLanguage\":\"es\",\"url\":\"https:\/\/www.imakeyousmile.se\/wp-content\/uploads\/2014\/08\/IMG_9407_111.jpg\",\"width\":1788,\"height\":1356},{\"@type\":\"WebPage\",\"@id\":\"https:\/\/www.imakeyousmile.se\/fredagssminkning-2\/#webpage\",\"url\":\"https:\/\/www.imakeyousmile.se\/fredagssminkning-2\/\",\"name\":\"Fredagssminkning | Imakeyousmile.se\",\"isPartOf\":{\"@id\":\"https:\/\/www.imakeyousmile.se\/es\/#website\"},\"primaryImageOfPage\":{\"@id\":\"https:\/\/www.imakeyousmile.se\/fredagssminkning-2\/#primaryimage\"},\"datePublished\":\"2014-08-17T09:34:16+00:00\",\"dateModified\":\"2021-09-01T03:46:52+00:00\",\"description\":\"Fredagssminkning | Helena Amiley - H\\u00e4r hittar du senaste infromation om sk\\u00f6nhet, livsstil, entrepren\\u00f6rskap, makeup & tips.\",\"inLanguage\":\"es\",\"potentialAction\":[{\"@type\":\"ReadAction\",\"target\":[\"https:\/\/www.imakeyousmile.se\/fredagssminkning-2\/\"]}]},{\"@type\":\"Article\",\"@id\":\"https:\/\/www.imakeyousmile.se\/fredagssminkning-2\/#article\",\"isPartOf\":{\"@id\":\"https:\/\/www.imakeyousmile.se\/fredagssminkning-2\/#webpage\"},\"author\":{\"@id\":\"https:\/\/www.imakeyousmile.se\/es\/#\/schema\/person\/b0fd43b1c6bb1c60cfd68bff9b4a10fb\"},\"headline\":\"Fredagssminkning\",\"datePublished\":\"2014-08-17T09:34:16+00:00\",\"dateModified\":\"2021-09-01T03:46:52+00:00\",\"mainEntityOfPage\":{\"@id\":\"https:\/\/www.imakeyousmile.se\/fredagssminkning-2\/#webpage\"},\"commentCount\":1,\"publisher\":{\"@id\":\"https:\/\/www.imakeyousmile.se\/es\/#organization\"},\"image\":{\"@id\":\"https:\/\/www.imakeyousmile.se\/fredagssminkning-2\/#primaryimage\"},\"keywords\":\"h\\u00f6st\\u00f6gonskuggorna,h\\u00f6stsminkning,nudh mineral sminkning\",\"articleSection\":\"Neutrala \/ milda sminkningar\",\"inLanguage\":\"es\",\"potentialAction\":[{\"@type\":\"CommentAction\",\"name\":\"Comment\",\"target\":[\"https:\/\/www.imakeyousmile.se\/fredagssminkning-2\/#respond\"]}]},{\"@type\":\"Person\",\"@id\":\"https:\/\/www.imakeyousmile.se\/es\/#\/schema\/person\/b0fd43b1c6bb1c60cfd68bff9b4a10fb\",\"name\":\"Helena Amiley\",\"image\":{\"@type\":\"ImageObject\",\"@id\":\"https:\/\/www.imakeyousmile.se\/es\/#personlogo\",\"inLanguage\":\"es\",\"url\":\"https:\/\/secure.gravatar.com\/avatar\/5645558e1e355457a23368d7e1b4c904?s=96&d=mm&r=g\",\"caption\":\"Helena Amiley\"},\"description\":\"Jag skriver mest om sk\\u00f6nhet men bjuder \\u00e4ven p\\u00e5 glimtar fr\\u00e5n entrepren\\u00f6rlivet och bygget av v\\u00e5r egen camper van. Vanlife here we come!\",\"sameAs\":[\"https:\/\/www.facebook.com\/imakeyousmile.se\",\"https:\/\/www.instagram.com\/helenaamiley\",\"https:\/\/www.youtube.com\/channel\/UCR5iB6rvpV6Yr8ZjpQfr5mg?view_as=subscriber\"]}]}<\/script>\n<!-- \/ Yoast SEO Premium plugin. -->","_links":{"self":[{"href":"https:\/\/www.imakeyousmile.se\/es\/wp-json\/wp\/v2\/posts\/16674"}],"collection":[{"href":"https:\/\/www.imakeyousmile.se\/es\/wp-json\/wp\/v2\/posts"}],"about":[{"href":"https:\/\/www.imakeyousmile.se\/es\/wp-json\/wp\/v2\/types\/post"}],"author":[{"embeddable":true,"href":"https:\/\/www.imakeyousmile.se\/es\/wp-json\/wp\/v2\/users\/30"}],"replies":[{"embeddable":true,"href":"https:\/\/www.imakeyousmile.se\/es\/wp-json\/wp\/v2\/comments?post=16674"}],"version-history":[{"count":3,"href":"https:\/\/www.imakeyousmile.se\/es\/wp-json\/wp\/v2\/posts\/16674\/revisions"}],"predecessor-version":[{"id":40459,"href":"https:\/\/www.imakeyousmile.se\/es\/wp-json\/wp\/v2\/posts\/16674\/revisions\/40459"}],"wp:featuredmedia":[{"embeddable":true,"href":"https:\/\/www.imakeyousmile.se\/es\/wp-json\/wp\/v2\/media\/16683"}],"wp:attachment":[{"href":"https:\/\/www.imakeyousmile.se\/es\/wp-json\/wp\/v2\/media?parent=16674"}],"wp:term":[{"taxonomy":"category","embeddable":true,"href":"https:\/\/www.imakeyousmile.se\/es\/wp-json\/wp\/v2\/categories?post=16674"},{"taxonomy":"post_tag","embeddable":true,"href":"https:\/\/www.imakeyousmile.se\/es\/wp-json\/wp\/v2\/tags?post=16674"}],"curies":[{"name":"wp","href":"https:\/\/api.w.org\/{rel}","templated":true}]}}