{"id":16697,"date":"2014-08-18T13:53:32","date_gmt":"2014-08-18T11:53:32","guid":{"rendered":"http:\/\/www.imakeyousmile.se\/?p=16697"},"modified":"2021-10-04T09:52:24","modified_gmt":"2021-10-04T07:52:24","slug":"elizabeth-arden-its-so-big-mascara","status":"publish","type":"post","link":"https:\/\/www.imakeyousmile.se\/es\/elizabeth-arden-its-so-big-rimel\/","title":{"rendered":"Elizabeth Mott - M\u00e1scara de pesta\u00f1as It&#039;s So Big"},"content":{"rendered":"<p>Me encanta llevar paquetes a casa en paquetes bonitos, \u00a1el otro d\u00eda recib\u00ed esto en el buz\u00f3n!<\/p>\n<p><a href=\"http:\/\/www.imakeyousmile.se\/wp-content\/uploads\/2014\/08\/its-too-big.jpg\"><img loading=\"lazy\" decoding=\"async\" class=\"alignnone size-full wp-image-16700\" src=\"http:\/\/www.imakeyousmile.se\/wp-content\/uploads\/2014\/08\/its-too-big.jpg\" alt=\"es muy grande\" width=\"3000\" height=\"3681\" srcset=\"https:\/\/www.imakeyousmile.se\/wp-content\/uploads\/2014\/08\/its-too-big.jpg 2086w, https:\/\/www.imakeyousmile.se\/wp-content\/uploads\/2014\/08\/its-too-big-244x300.jpg 244w, https:\/\/www.imakeyousmile.se\/wp-content\/uploads\/2014\/08\/its-too-big-834x1024.jpg 834w, https:\/\/www.imakeyousmile.se\/wp-content\/uploads\/2014\/08\/its-too-big-700x858.jpg 700w, https:\/\/www.imakeyousmile.se\/wp-content\/uploads\/2014\/08\/its-too-big-290x357.jpg 290w, https:\/\/www.imakeyousmile.se\/wp-content\/uploads\/2014\/08\/its-too-big-393x483.jpg 393w\" sizes=\"(max-width: 3000px) 100vw, 3000px\" \/><\/a><\/p>\n<p>Niza va? Guardar\u00e9 la caja negra como caja de almacenamiento, \u00a1pero reemplace la etiqueta! <em>&quot;\u00a1Puedes tener tus tampones!&quot;<\/em> en Miska. <em>&quot;S\u00ed, aunque no tengo la menstruaci\u00f3n ahora desde que cambi\u00e9 a espiral&quot;<\/em> Respond\u00ed. &quot;<em>No, pero no ha tirado los tampones &quot;<\/em> \u00e9l dijo, hmm \u00e9l tiene un punto all\u00ed tal vez<\/p>\n<p>De todos modos, Elizabeth Mott es una marca de belleza que se lanzar\u00e1 en Suecia este agosto. La fundadora de la marca es On-The-Go-Fashionista Alice K, quien ha desarrollado productos que est\u00e1n adaptados para personas en movimiento. \u00a1Debe ser r\u00e1pido de aplicar mientras que usted debe sentirse como &quot;un mill\u00f3n de d\u00f3lares&quot;!<\/p>\n<p>Mascar\u00e1n <a href=\"https:\/\/ion.lyko.com\/t\/t?a=1117786221&amp;as=1548102449&amp;t=2&amp;tk=1&amp;epi=search-replace-mascara&amp;url=https:\/\/lyko.com\/sv\/smink\/ogon\/mascara\" target=\"_blank\" rel=\"noopener\"> Es tan GRANDE el r\u00edmel voluminizador<\/a>\u00a0debe ser una supermascara que d\u00e9 un resultado m\u00e1ximo en el menor tiempo posible, da longitud, volumen, separaci\u00f3n, larga vida \u00fatil y tambi\u00e9n debe ser f\u00e1cil de lavar con agua. Todas buenas cualidades, entonces, si cumple todo lo que promete, \u00a1es incre\u00edble!<\/p>\n<p>Si voy a dar mi evaluaci\u00f3n despu\u00e9s de la primera impresi\u00f3n, tengo grandes expectativas del resultado en realidad, me gusta la sensaci\u00f3n rosada femenina que da y tambi\u00e9n el cepillo se ve muy bien y parece la cantidad justa de r\u00edmel. As\u00ed que tuve una experiencia positiva al sacar el pincel de la manga, es un buen augurio :)<\/p>\n<p><strong>La m\u00e1scara cuesta 179 SEK, puedes comprarla\u00a0<a href=\"https:\/\/ion.lyko.com\/t\/t?a=1117786221&amp;as=1548102449&amp;t=2&amp;tk=1&amp;epi=search-replace-mascara&amp;url=https:\/\/lyko.com\/sv\/smink\/ogon\/mascara\" target=\"_blank\" rel=\"noopener\">aqu\u00ed<\/a>!<\/strong><\/p>\n<p>La revisi\u00f3n y las fotos de las pesta\u00f1as vendr\u00e1n m\u00e1s adelante en la semana :) \u00a1Abrazos!<\/p>\n<p><img decoding=\"async\" id=\"hola-icon-globe\" style=\"top: 1425.643310546875px; left: 191px;\" src=\"safari-extension:\/\/com.devdanpro.HolaTranslator.Extension-5USUM255P7\/96a01806\/holaIconWhite.svg\" \/><\/p>","protected":false},"excerpt":{"rendered":"<p>Jag \u00e4lskar att f\u00e5 hem paket i fina f\u00f6rpackningar, h\u00e4r om dagen fick jag detta i brevl\u00e5dan! Nice va? Den svarta l\u00e5dan kommer jag spara som f\u00f6rvaringsl\u00e5da fast byta ut etiketten! &#8221;Du kan ha dina tamponger i den!&#8221; sa Miska. &#8221;Ja fast jag har ju inte mens nu sen jag bytte till spiral ju&#8221; svarade [&hellip;]<\/p>\n","protected":false},"author":30,"featured_media":16706,"comment_status":"open","ping_status":"closed","sticky":false,"template":"","format":"standard","meta":{"footnotes":""},"categories":[59],"tags":[],"class_list":["post-16697","post","type-post","status-publish","format-standard","has-post-thumbnail","hentry","category-recensioner-produkttips"],"yoast_head":"<!-- This site is optimized with the Yoast SEO Premium plugin v14.9 - https:\/\/yoast.com\/wordpress\/plugins\/seo\/ -->\n<meta name=\"description\" content=\"Elizabeth Mott - It&#039;s So Big Mascara | Helena Amiley - H\u00e4r hittar du senaste infromation om sk\u00f6nhet, livsstil, entrepren\u00f6rskap, makeup &amp; tips.\" \/>\n<meta name=\"robots\" content=\"index, follow, max-snippet:-1, max-image-preview:large, max-video-preview:-1\" \/>\n<link rel=\"canonical\" href=\"https:\/\/www.imakeyousmile.se\/es\/elizabeth-arden-its-so-big-mascara\/\" \/>\n<meta property=\"og:locale\" content=\"es_ES\" \/>\n<meta property=\"og:type\" content=\"article\" \/>\n<meta property=\"og:title\" content=\"Elizabeth Mott - It&#039;s So Big Mascara | Imakeyousmile.se\" \/>\n<meta property=\"og:description\" content=\"Elizabeth Mott - It&#039;s So Big Mascara | Helena Amiley - H\u00e4r hittar du senaste infromation om sk\u00f6nhet, livsstil, entrepren\u00f6rskap, makeup &amp; tips.\" \/>\n<meta property=\"og:url\" content=\"https:\/\/www.imakeyousmile.se\/es\/elizabeth-arden-its-so-big-mascara\/\" \/>\n<meta property=\"og:site_name\" content=\"Imakeyousmile.se\" \/>\n<meta property=\"article:author\" content=\"https:\/\/www.facebook.com\/imakeyousmile.se\" \/>\n<meta property=\"article:published_time\" content=\"2014-08-18T11:53:32+00:00\" \/>\n<meta property=\"article:modified_time\" content=\"2021-10-04T07:52:24+00:00\" \/>\n<meta property=\"og:image\" content=\"https:\/\/www.imakeyousmile.se\/wp-content\/uploads\/2014\/08\/IMG_9542_111.jpg\" \/>\n\t<meta property=\"og:image:width\" content=\"2560\" \/>\n\t<meta property=\"og:image:height\" content=\"1697\" \/>\n<meta name=\"twitter:card\" content=\"summary_large_image\" \/>\n<script type=\"application\/ld+json\" class=\"yoast-schema-graph\">{\"@context\":\"https:\/\/schema.org\",\"@graph\":[{\"@type\":\"Organization\",\"@id\":\"https:\/\/www.imakeyousmile.se\/es\/#organization\",\"name\":\"Imakeyousmile\",\"url\":\"https:\/\/www.imakeyousmile.se\/es\/\",\"sameAs\":[],\"logo\":{\"@type\":\"ImageObject\",\"@id\":\"https:\/\/www.imakeyousmile.se\/es\/#logo\",\"inLanguage\":\"es\",\"url\":\"https:\/\/www.imakeyousmile.se\/wp-content\/uploads\/2020\/10\/HELENA-AMILEY_SVART-1-e1603367975324.png\",\"width\":280,\"height\":93,\"caption\":\"Imakeyousmile\"},\"image\":{\"@id\":\"https:\/\/www.imakeyousmile.se\/es\/#logo\"}},{\"@type\":\"WebSite\",\"@id\":\"https:\/\/www.imakeyousmile.se\/es\/#website\",\"url\":\"https:\/\/www.imakeyousmile.se\/es\/\",\"name\":\"Imakeyousmile.se\",\"description\":\"Helena Amiley - Beauty, Entrepreneur, Lifestyle\",\"publisher\":{\"@id\":\"https:\/\/www.imakeyousmile.se\/es\/#organization\"},\"potentialAction\":[{\"@type\":\"SearchAction\",\"target\":\"https:\/\/www.imakeyousmile.se\/es\/?s={search_term_string}\",\"query-input\":\"required name=search_term_string\"}],\"inLanguage\":\"es\"},{\"@type\":\"ImageObject\",\"@id\":\"https:\/\/www.imakeyousmile.se\/elizabeth-arden-its-so-big-mascara\/#primaryimage\",\"inLanguage\":\"es\",\"url\":\"https:\/\/www.imakeyousmile.se\/wp-content\/uploads\/2014\/08\/IMG_9542_111.jpg\",\"width\":2560,\"height\":1697},{\"@type\":\"WebPage\",\"@id\":\"https:\/\/www.imakeyousmile.se\/elizabeth-arden-its-so-big-mascara\/#webpage\",\"url\":\"https:\/\/www.imakeyousmile.se\/elizabeth-arden-its-so-big-mascara\/\",\"name\":\"Elizabeth Mott - It's So Big Mascara | Imakeyousmile.se\",\"isPartOf\":{\"@id\":\"https:\/\/www.imakeyousmile.se\/es\/#website\"},\"primaryImageOfPage\":{\"@id\":\"https:\/\/www.imakeyousmile.se\/elizabeth-arden-its-so-big-mascara\/#primaryimage\"},\"datePublished\":\"2014-08-18T11:53:32+00:00\",\"dateModified\":\"2021-10-04T07:52:24+00:00\",\"description\":\"Elizabeth Mott - It's So Big Mascara | Helena Amiley - H\\u00e4r hittar du senaste infromation om sk\\u00f6nhet, livsstil, entrepren\\u00f6rskap, makeup & tips.\",\"inLanguage\":\"es\",\"potentialAction\":[{\"@type\":\"ReadAction\",\"target\":[\"https:\/\/www.imakeyousmile.se\/elizabeth-arden-its-so-big-mascara\/\"]}]},{\"@type\":\"Article\",\"@id\":\"https:\/\/www.imakeyousmile.se\/elizabeth-arden-its-so-big-mascara\/#article\",\"isPartOf\":{\"@id\":\"https:\/\/www.imakeyousmile.se\/elizabeth-arden-its-so-big-mascara\/#webpage\"},\"author\":{\"@id\":\"https:\/\/www.imakeyousmile.se\/es\/#\/schema\/person\/b0fd43b1c6bb1c60cfd68bff9b4a10fb\"},\"headline\":\"Elizabeth Mott &#8211; It&#8217;s So Big Mascara\",\"datePublished\":\"2014-08-18T11:53:32+00:00\",\"dateModified\":\"2021-10-04T07:52:24+00:00\",\"mainEntityOfPage\":{\"@id\":\"https:\/\/www.imakeyousmile.se\/elizabeth-arden-its-so-big-mascara\/#webpage\"},\"commentCount\":3,\"publisher\":{\"@id\":\"https:\/\/www.imakeyousmile.se\/es\/#organization\"},\"image\":{\"@id\":\"https:\/\/www.imakeyousmile.se\/elizabeth-arden-its-so-big-mascara\/#primaryimage\"},\"articleSection\":\"Recensioner &amp; Produkttips\",\"inLanguage\":\"es\",\"potentialAction\":[{\"@type\":\"CommentAction\",\"name\":\"Comment\",\"target\":[\"https:\/\/www.imakeyousmile.se\/elizabeth-arden-its-so-big-mascara\/#respond\"]}]},{\"@type\":\"Person\",\"@id\":\"https:\/\/www.imakeyousmile.se\/es\/#\/schema\/person\/b0fd43b1c6bb1c60cfd68bff9b4a10fb\",\"name\":\"Helena Amiley\",\"image\":{\"@type\":\"ImageObject\",\"@id\":\"https:\/\/www.imakeyousmile.se\/es\/#personlogo\",\"inLanguage\":\"es\",\"url\":\"https:\/\/secure.gravatar.com\/avatar\/5645558e1e355457a23368d7e1b4c904?s=96&d=mm&r=g\",\"caption\":\"Helena Amiley\"},\"description\":\"Jag skriver mest om sk\\u00f6nhet men bjuder \\u00e4ven p\\u00e5 glimtar fr\\u00e5n entrepren\\u00f6rlivet och bygget av v\\u00e5r egen camper van. Vanlife here we come!\",\"sameAs\":[\"https:\/\/www.facebook.com\/imakeyousmile.se\",\"https:\/\/www.instagram.com\/helenaamiley\",\"https:\/\/www.youtube.com\/channel\/UCR5iB6rvpV6Yr8ZjpQfr5mg?view_as=subscriber\"]}]}<\/script>\n<!-- \/ Yoast SEO Premium plugin. -->","_links":{"self":[{"href":"https:\/\/www.imakeyousmile.se\/es\/wp-json\/wp\/v2\/posts\/16697"}],"collection":[{"href":"https:\/\/www.imakeyousmile.se\/es\/wp-json\/wp\/v2\/posts"}],"about":[{"href":"https:\/\/www.imakeyousmile.se\/es\/wp-json\/wp\/v2\/types\/post"}],"author":[{"embeddable":true,"href":"https:\/\/www.imakeyousmile.se\/es\/wp-json\/wp\/v2\/users\/30"}],"replies":[{"embeddable":true,"href":"https:\/\/www.imakeyousmile.se\/es\/wp-json\/wp\/v2\/comments?post=16697"}],"version-history":[{"count":2,"href":"https:\/\/www.imakeyousmile.se\/es\/wp-json\/wp\/v2\/posts\/16697\/revisions"}],"predecessor-version":[{"id":41588,"href":"https:\/\/www.imakeyousmile.se\/es\/wp-json\/wp\/v2\/posts\/16697\/revisions\/41588"}],"wp:featuredmedia":[{"embeddable":true,"href":"https:\/\/www.imakeyousmile.se\/es\/wp-json\/wp\/v2\/media\/16706"}],"wp:attachment":[{"href":"https:\/\/www.imakeyousmile.se\/es\/wp-json\/wp\/v2\/media?parent=16697"}],"wp:term":[{"taxonomy":"category","embeddable":true,"href":"https:\/\/www.imakeyousmile.se\/es\/wp-json\/wp\/v2\/categories?post=16697"},{"taxonomy":"post_tag","embeddable":true,"href":"https:\/\/www.imakeyousmile.se\/es\/wp-json\/wp\/v2\/tags?post=16697"}],"curies":[{"name":"wp","href":"https:\/\/api.w.org\/{rel}","templated":true}]}}