{"id":1689,"date":"2011-02-08T12:35:00","date_gmt":"2011-02-08T11:35:00","guid":{"rendered":"http:\/\/www.imakeyousmile.se\/gron-och-rosa-partysminkning-steg-for-steg\/"},"modified":"2014-08-11T21:14:13","modified_gmt":"2014-08-11T19:14:13","slug":"gron-och-rosa-partysminkning-steg-for-steg","status":"publish","type":"post","link":"https:\/\/www.imakeyousmile.se\/es\/maquillaje-verde-y-rosa-para-fiesta-paso-a-paso\/","title":{"rendered":"Maquillaje de fiesta verde y rosa paso a paso"},"content":{"rendered":"<div style=\"clear: both; text-align: left;\">Aqu\u00ed viene otro maquillaje verde y rosa. \u00a1Un poco m\u00e1s oscuro, un poco m\u00e1s de fiesta!<\/div>\n<div style=\"clear: both; text-align: center;\"><\/div>\n<div style=\"clear: both; text-align: center;\"><a style=\"margin-left: 1em; margin-right: 1em;\" href=\"http:\/\/3.bp.blogspot.com\/_Rvd13vTy2a0\/TVEnd0zIYwI\/AAAAAAAADYg\/hUImHNCKwwA\/s1600\/1.jpg\"><img loading=\"lazy\" decoding=\"async\" src=\"http:\/\/3.bp.blogspot.com\/_Rvd13vTy2a0\/TVEnd0zIYwI\/AAAAAAAADYg\/hUImHNCKwwA\/s320\/1.jpg\" alt=\"\" width=\"320\" height=\"271\" border=\"0\" \/><\/a><\/div>\n<div style=\"clear: both; text-align: center;\"><span style=\"color: #e06666;\"><strong>Rosado<\/strong><\/span> sombra de ojos en casi toda la l\u00ednea de las pesta\u00f1as inferiores, <em>88 paletas<\/em>.<\/div>\n<div style=\"clear: both; text-align: center;\"><span style=\"color: #93c47d;\"><strong>Verde claro<\/strong><\/span> sombra de ojos en la esquina del ojo y el resto de la l\u00ednea de las pesta\u00f1as inferiores, <em>88 paletas<\/em>.<\/div>\n<div style=\"clear: both; text-align: center;\"><\/div>\n<div style=\"clear: both; text-align: center;\"><a style=\"margin-left: 1em; margin-right: 1em;\" href=\"http:\/\/3.bp.blogspot.com\/_Rvd13vTy2a0\/TVEnedf5GuI\/AAAAAAAADYk\/j1EXWtS6v-4\/s1600\/2.jpg\"><img loading=\"lazy\" decoding=\"async\" src=\"http:\/\/3.bp.blogspot.com\/_Rvd13vTy2a0\/TVEnedf5GuI\/AAAAAAAADYk\/j1EXWtS6v-4\/s320\/2.jpg\" alt=\"\" width=\"320\" height=\"306\" border=\"0\" \/><\/a><\/div>\n<div style=\"clear: both; text-align: center;\"><strong><span style=\"color: #6aa84f;\">Verde<\/span><\/strong> sombra de ojos a lo largo de la l\u00ednea del globo ocular, <em>88 paletas<\/em>.<\/div>\n<div style=\"clear: both; text-align: center;\"><\/div>\n<div style=\"clear: both; text-align: center;\"><a style=\"margin-left: 1em; margin-right: 1em;\" href=\"http:\/\/4.bp.blogspot.com\/_Rvd13vTy2a0\/TVEne6w7OLI\/AAAAAAAADYo\/oZmfHuuY5S8\/s1600\/3.jpg\"><img loading=\"lazy\" decoding=\"async\" src=\"http:\/\/4.bp.blogspot.com\/_Rvd13vTy2a0\/TVEne6w7OLI\/AAAAAAAADYo\/oZmfHuuY5S8\/s320\/3.jpg\" alt=\"\" width=\"320\" height=\"297\" border=\"0\" \/><\/a><\/div>\n<div style=\"clear: both; text-align: center;\"><strong><span style=\"color: #38761d;\">Verde caqui<\/span><\/strong> sombra de ojos en la parte interna del p\u00e1rpado, paleta 88.<\/div>\n<div style=\"clear: both; text-align: center;\"><span style=\"color: #e06666;\"><strong>Rosado<\/strong><\/span> sombra de ojos en el resto del p\u00e1rpado (igual que en la l\u00ednea de las pesta\u00f1as inferiores)<em> 88 paletas<\/em>.<\/div>\n<div style=\"clear: both; text-align: center;\"><\/div>\n<div style=\"clear: both; text-align: center;\"><a style=\"margin-left: 1em; margin-right: 1em;\" href=\"http:\/\/3.bp.blogspot.com\/_Rvd13vTy2a0\/TVEnfiC9w8I\/AAAAAAAADYs\/-Hr0lyasyrA\/s1600\/4.jpg\"><img loading=\"lazy\" decoding=\"async\" src=\"http:\/\/3.bp.blogspot.com\/_Rvd13vTy2a0\/TVEnfiC9w8I\/AAAAAAAADYs\/-Hr0lyasyrA\/s320\/4.jpg\" alt=\"\" width=\"320\" height=\"270\" border=\"0\" \/><\/a><\/div>\n<div style=\"clear: both; text-align: center;\">Sombra de ojos negra en la parte exterior de la l\u00ednea del globo ocular,<em> Isadora<\/em>.<\/div>\n<div style=\"clear: both; text-align: center;\"><\/div>\n<div style=\"clear: both; text-align: center;\"><a style=\"margin-left: 1em; margin-right: 1em;\" href=\"http:\/\/4.bp.blogspot.com\/_Rvd13vTy2a0\/TVEnguwTipI\/AAAAAAAADYw\/9gYl1CjYOtY\/s1600\/5.jpg\"><img loading=\"lazy\" decoding=\"async\" src=\"http:\/\/4.bp.blogspot.com\/_Rvd13vTy2a0\/TVEnguwTipI\/AAAAAAAADYw\/9gYl1CjYOtY\/s320\/5.jpg\" alt=\"\" width=\"320\" height=\"278\" border=\"0\" \/><\/a><\/div>\n<div style=\"clear: both; text-align: center;\">Sombrearlo con la sombra de ojos verde.<\/div>\n<div style=\"clear: both; text-align: center;\"><\/div>\n<div style=\"clear: both; text-align: center;\"><a style=\"margin-left: 1em; margin-right: 1em;\" href=\"http:\/\/1.bp.blogspot.com\/_Rvd13vTy2a0\/TVEnlC5WdOI\/AAAAAAAADY0\/Pmo0K-gCO4A\/s1600\/6.jpg\"><img loading=\"lazy\" decoding=\"async\" src=\"http:\/\/1.bp.blogspot.com\/_Rvd13vTy2a0\/TVEnlC5WdOI\/AAAAAAAADY0\/Pmo0K-gCO4A\/s320\/6.jpg\" alt=\"\" width=\"320\" height=\"279\" border=\"0\" \/><\/a><\/div>\n<div style=\"clear: both; text-align: center;\">Delineador de ojos negro <em>interno<\/em> la l\u00ednea de las pesta\u00f1as y la parte exterior de <em>Superior<\/em> l\u00ednea de pesta\u00f1as, <em>H&amp;M<\/em>.<\/div>\n<div style=\"clear: both; text-align: center;\">R\u00edmel en las pesta\u00f1as superiores e inferiores.<\/div>\n<div style=\"clear: both; text-align: center;\"><\/div>\n<div style=\"clear: both; text-align: center;\"><a style=\"margin-left: 1em; margin-right: 1em;\" href=\"http:\/\/2.bp.blogspot.com\/_Rvd13vTy2a0\/TVEnl1qy-JI\/AAAAAAAADY4\/EBOeW8Ju2Xw\/s1600\/helbild.jpg\"><img loading=\"lazy\" decoding=\"async\" src=\"http:\/\/2.bp.blogspot.com\/_Rvd13vTy2a0\/TVEnl1qy-JI\/AAAAAAAADY4\/EBOeW8Ju2Xw\/s640\/helbild.jpg\" alt=\"\" width=\"442\" height=\"640\" border=\"0\" \/><\/a><\/div>\n<div style=\"text-align: center;\">Nicolin estilista.<\/div>\n<div style=\"text-align: center;\">Mi l\u00e1piz de cejas tambi\u00e9n es de <em>H&amp;M<\/em>.<\/div>","protected":false},"excerpt":{"rendered":"<p>H\u00e4r kommer en till gr\u00f6n och rosa sminkning. Lite m\u00f6rkare, lite mer party! Rosa \u00f6gonskugga p\u00e5 n\u00e4stan hela undre \u00f6gonfransraden, 88 paletten. Ljusgr\u00f6n \u00f6gonskugga i \u00f6gonvr\u00e5n och resten av undre \u00f6gonfransraden, 88 paletten. Gr\u00f6n \u00f6gonskugga l\u00e4ngs \u00f6gonglobslinjen, 88 paletten. Khakigr\u00f6n \u00f6gonskugga p\u00e5 inre delen av \u00f6gonlocket, 88 paletten. Rosa \u00f6gonskugga p\u00e5 resten av \u00f6gonlocket (samma [&hellip;]<\/p>\n","protected":false},"author":30,"featured_media":0,"comment_status":"open","ping_status":"open","sticky":false,"template":"","format":"standard","meta":{"footnotes":""},"categories":[3],"tags":[],"class_list":["post-1689","post","type-post","status-publish","format-standard","hentry","category-allmant"],"yoast_head":"<!-- This site is optimized with the Yoast SEO Premium plugin v14.9 - https:\/\/yoast.com\/wordpress\/plugins\/seo\/ -->\n<meta name=\"description\" content=\"Gr\u00f6n och rosa partysminkning steg f\u00f6r steg | Helena Amiley - H\u00e4r hittar du senaste infromation om sk\u00f6nhet, livsstil, entrepren\u00f6rskap, makeup &amp; tips.\" \/>\n<meta name=\"robots\" content=\"index, follow, max-snippet:-1, max-image-preview:large, max-video-preview:-1\" \/>\n<link rel=\"canonical\" href=\"https:\/\/www.imakeyousmile.se\/es\/gron-och-rosa-partysminkning-steg-for-steg\/\" \/>\n<meta property=\"og:locale\" content=\"es_ES\" \/>\n<meta property=\"og:type\" content=\"article\" \/>\n<meta property=\"og:title\" content=\"Gr\u00f6n och rosa partysminkning steg f\u00f6r steg | Imakeyousmile.se\" \/>\n<meta property=\"og:description\" content=\"Gr\u00f6n och rosa partysminkning steg f\u00f6r steg | Helena Amiley - H\u00e4r hittar du senaste infromation om sk\u00f6nhet, livsstil, entrepren\u00f6rskap, makeup &amp; tips.\" \/>\n<meta property=\"og:url\" content=\"https:\/\/www.imakeyousmile.se\/es\/gron-och-rosa-partysminkning-steg-for-steg\/\" \/>\n<meta property=\"og:site_name\" content=\"Imakeyousmile.se\" \/>\n<meta property=\"article:author\" content=\"https:\/\/www.facebook.com\/imakeyousmile.se\" \/>\n<meta property=\"article:published_time\" content=\"2011-02-08T11:35:00+00:00\" \/>\n<meta property=\"article:modified_time\" content=\"2014-08-11T19:14:13+00:00\" \/>\n<meta property=\"og:image\" content=\"http:\/\/3.bp.blogspot.com\/_Rvd13vTy2a0\/TVEnd0zIYwI\/AAAAAAAADYg\/hUImHNCKwwA\/s320\/1.jpg\" \/>\n<meta name=\"twitter:card\" content=\"summary_large_image\" \/>\n<script type=\"application\/ld+json\" class=\"yoast-schema-graph\">{\"@context\":\"https:\/\/schema.org\",\"@graph\":[{\"@type\":\"Organization\",\"@id\":\"https:\/\/www.imakeyousmile.se\/es\/#organization\",\"name\":\"Imakeyousmile\",\"url\":\"https:\/\/www.imakeyousmile.se\/es\/\",\"sameAs\":[],\"logo\":{\"@type\":\"ImageObject\",\"@id\":\"https:\/\/www.imakeyousmile.se\/es\/#logo\",\"inLanguage\":\"es\",\"url\":\"https:\/\/www.imakeyousmile.se\/wp-content\/uploads\/2020\/10\/HELENA-AMILEY_SVART-1-e1603367975324.png\",\"width\":280,\"height\":93,\"caption\":\"Imakeyousmile\"},\"image\":{\"@id\":\"https:\/\/www.imakeyousmile.se\/es\/#logo\"}},{\"@type\":\"WebSite\",\"@id\":\"https:\/\/www.imakeyousmile.se\/es\/#website\",\"url\":\"https:\/\/www.imakeyousmile.se\/es\/\",\"name\":\"Imakeyousmile.se\",\"description\":\"Helena Amiley - Beauty, Entrepreneur, Lifestyle\",\"publisher\":{\"@id\":\"https:\/\/www.imakeyousmile.se\/es\/#organization\"},\"potentialAction\":[{\"@type\":\"SearchAction\",\"target\":\"https:\/\/www.imakeyousmile.se\/es\/?s={search_term_string}\",\"query-input\":\"required name=search_term_string\"}],\"inLanguage\":\"es\"},{\"@type\":\"ImageObject\",\"@id\":\"https:\/\/www.imakeyousmile.se\/gron-och-rosa-partysminkning-steg-for-steg\/#primaryimage\",\"inLanguage\":\"es\",\"url\":\"http:\/\/3.bp.blogspot.com\/_Rvd13vTy2a0\/TVEnd0zIYwI\/AAAAAAAADYg\/hUImHNCKwwA\/s320\/1.jpg\"},{\"@type\":\"WebPage\",\"@id\":\"https:\/\/www.imakeyousmile.se\/gron-och-rosa-partysminkning-steg-for-steg\/#webpage\",\"url\":\"https:\/\/www.imakeyousmile.se\/gron-och-rosa-partysminkning-steg-for-steg\/\",\"name\":\"Gr\\u00f6n och rosa partysminkning steg f\\u00f6r steg | Imakeyousmile.se\",\"isPartOf\":{\"@id\":\"https:\/\/www.imakeyousmile.se\/es\/#website\"},\"primaryImageOfPage\":{\"@id\":\"https:\/\/www.imakeyousmile.se\/gron-och-rosa-partysminkning-steg-for-steg\/#primaryimage\"},\"datePublished\":\"2011-02-08T11:35:00+00:00\",\"dateModified\":\"2014-08-11T19:14:13+00:00\",\"description\":\"Gr\\u00f6n och rosa partysminkning steg f\\u00f6r steg | Helena Amiley - H\\u00e4r hittar du senaste infromation om sk\\u00f6nhet, livsstil, entrepren\\u00f6rskap, makeup & tips.\",\"inLanguage\":\"es\",\"potentialAction\":[{\"@type\":\"ReadAction\",\"target\":[\"https:\/\/www.imakeyousmile.se\/gron-och-rosa-partysminkning-steg-for-steg\/\"]}]},{\"@type\":\"Article\",\"@id\":\"https:\/\/www.imakeyousmile.se\/gron-och-rosa-partysminkning-steg-for-steg\/#article\",\"isPartOf\":{\"@id\":\"https:\/\/www.imakeyousmile.se\/gron-och-rosa-partysminkning-steg-for-steg\/#webpage\"},\"author\":{\"@id\":\"https:\/\/www.imakeyousmile.se\/es\/#\/schema\/person\/b0fd43b1c6bb1c60cfd68bff9b4a10fb\"},\"headline\":\"Gr\\u00f6n och rosa partysminkning steg f\\u00f6r steg\",\"datePublished\":\"2011-02-08T11:35:00+00:00\",\"dateModified\":\"2014-08-11T19:14:13+00:00\",\"mainEntityOfPage\":{\"@id\":\"https:\/\/www.imakeyousmile.se\/gron-och-rosa-partysminkning-steg-for-steg\/#webpage\"},\"commentCount\":0,\"publisher\":{\"@id\":\"https:\/\/www.imakeyousmile.se\/es\/#organization\"},\"image\":{\"@id\":\"https:\/\/www.imakeyousmile.se\/gron-och-rosa-partysminkning-steg-for-steg\/#primaryimage\"},\"articleSection\":\"\\u00d6vrigt\",\"inLanguage\":\"es\",\"potentialAction\":[{\"@type\":\"CommentAction\",\"name\":\"Comment\",\"target\":[\"https:\/\/www.imakeyousmile.se\/gron-och-rosa-partysminkning-steg-for-steg\/#respond\"]}]},{\"@type\":\"Person\",\"@id\":\"https:\/\/www.imakeyousmile.se\/es\/#\/schema\/person\/b0fd43b1c6bb1c60cfd68bff9b4a10fb\",\"name\":\"Helena Amiley\",\"image\":{\"@type\":\"ImageObject\",\"@id\":\"https:\/\/www.imakeyousmile.se\/es\/#personlogo\",\"inLanguage\":\"es\",\"url\":\"https:\/\/secure.gravatar.com\/avatar\/5645558e1e355457a23368d7e1b4c904?s=96&d=mm&r=g\",\"caption\":\"Helena Amiley\"},\"description\":\"Jag skriver mest om sk\\u00f6nhet men bjuder \\u00e4ven p\\u00e5 glimtar fr\\u00e5n entrepren\\u00f6rlivet och bygget av v\\u00e5r egen camper van. Vanlife here we come!\",\"sameAs\":[\"https:\/\/www.facebook.com\/imakeyousmile.se\",\"https:\/\/www.instagram.com\/helenaamiley\",\"https:\/\/www.youtube.com\/channel\/UCR5iB6rvpV6Yr8ZjpQfr5mg?view_as=subscriber\"]}]}<\/script>\n<!-- \/ Yoast SEO Premium plugin. -->","_links":{"self":[{"href":"https:\/\/www.imakeyousmile.se\/es\/wp-json\/wp\/v2\/posts\/1689"}],"collection":[{"href":"https:\/\/www.imakeyousmile.se\/es\/wp-json\/wp\/v2\/posts"}],"about":[{"href":"https:\/\/www.imakeyousmile.se\/es\/wp-json\/wp\/v2\/types\/post"}],"author":[{"embeddable":true,"href":"https:\/\/www.imakeyousmile.se\/es\/wp-json\/wp\/v2\/users\/30"}],"replies":[{"embeddable":true,"href":"https:\/\/www.imakeyousmile.se\/es\/wp-json\/wp\/v2\/comments?post=1689"}],"version-history":[{"count":0,"href":"https:\/\/www.imakeyousmile.se\/es\/wp-json\/wp\/v2\/posts\/1689\/revisions"}],"wp:attachment":[{"href":"https:\/\/www.imakeyousmile.se\/es\/wp-json\/wp\/v2\/media?parent=1689"}],"wp:term":[{"taxonomy":"category","embeddable":true,"href":"https:\/\/www.imakeyousmile.se\/es\/wp-json\/wp\/v2\/categories?post=1689"},{"taxonomy":"post_tag","embeddable":true,"href":"https:\/\/www.imakeyousmile.se\/es\/wp-json\/wp\/v2\/tags?post=1689"}],"curies":[{"name":"wp","href":"https:\/\/api.w.org\/{rel}","templated":true}]}}