{"id":17263,"date":"2014-09-08T19:27:57","date_gmt":"2014-09-08T17:27:57","guid":{"rendered":"http:\/\/www.imakeyousmile.se\/?p=17263"},"modified":"2021-09-15T16:41:00","modified_gmt":"2021-09-15T14:41:00","slug":"svar-om-yag-mineral","status":"publish","type":"post","link":"https:\/\/www.imakeyousmile.se\/es\/respuesta-sobre-yag-mineral\/","title":{"rendered":"Respuesta sobre el mineral YAG"},"content":{"rendered":"<p><strong>Camilla sa\u2026<\/strong><br \/>\n<em><strong>&quot;Hola cari\u00f1o.<\/strong><\/em><br \/>\n<em><strong>Iba a pedir la base de minerales de yag pero estaba fuera de mi color. O creo que es mi color de todos modos. Latte suave. \u00bfPuedes escribir en el blog cuando vuelva a estar disponible?<\/strong><\/em><br \/>\n<em><strong>Tengo problemas para que mis poros de la nariz se vean con base en polvo y l\u00edquida. He probado muchos cebadores pero nada ayuda. \u00bfEl yag se asienta en los poros?<\/strong><\/em><\/p>\n<p>\u00a1Oye! Que divertido que quieres probar <a href=\"https:\/\/click.adrecord.com?c=5979&amp;p=1041&amp;url=https%3A\/\/kissedbyeco.se\/brand\/yag\/\" target=\"_blank\" rel=\"noopener\">Base de minerales YAG<\/a>, ahora todos los colores de base est\u00e1n en stock nuevamente :) Normalmente soy bueno ordenando antes de que se agote, pero ha habido tantos tonos espec\u00edficos \u00faltimamente, as\u00ed que de repente dice bang, as\u00ed que un producto est\u00e1 disponible mientras tengo muchos otro tono jeje.<\/p>\n<p>Concealer Covers rojo es el que est\u00e1 terminado ahora mismo, \u00a1pero deber\u00eda llegar ma\u00f1ana o el mi\u00e9rcoles!<\/p>\n<p>YAG Minerals no enfatiza los poros, al contrario, pero un consejo es trabajar mucho con el cepillo (recomendar <a href=\"https:\/\/click.adrecord.com?c=5979&amp;p=1041&amp;url=https%3A\/\/kissedbyeco.se\/brand\/yag\/\/\" target=\"_blank\" rel=\"noopener\">Pinceles kabuki de YAG Minerals<\/a>) porque entonces la base de maquillaje se amortigua en la piel, lo que hace que los poros sean a\u00fan menos visibles y tambi\u00e9n mantiene el maquillaje m\u00e1s tiempo y da un resultado m\u00e1s natural.<\/p>\n<p>Tambi\u00e9n puedo recomendar <a href=\"https:\/\/lyko.com\/sv\/loreal-paris\/loreal-paris-bb-cesmagic-medium\" target=\"_blank\" rel=\"noopener\">Crema Desenfocadora L&#039;Or\u00e9als<\/a>\u00a0para aquellos de ustedes que tienen problemas con los poros visibles, \u00a1creo que es genial! Pero no tengo mucho problema con los poros, por lo que para m\u00ed es suficiente con trabajar mucho con el cepillo.<\/p>\n<p><a href=\"http:\/\/www.imakeyousmile.se\/wp-content\/uploads\/2014\/09\/IMG_2835_111.jpg\"><img loading=\"lazy\" decoding=\"async\" class=\"alignnone size-full wp-image-17264\" src=\"http:\/\/www.imakeyousmile.se\/wp-content\/uploads\/2014\/09\/IMG_2835_111.jpg\" alt=\"IMG_2835_111\" width=\"4218\" height=\"3456\" srcset=\"https:\/\/www.imakeyousmile.se\/wp-content\/uploads\/2014\/09\/IMG_2835_111.jpg 2560w, https:\/\/www.imakeyousmile.se\/wp-content\/uploads\/2014\/09\/IMG_2835_111-300x245.jpg 300w, https:\/\/www.imakeyousmile.se\/wp-content\/uploads\/2014\/09\/IMG_2835_111-1024x839.jpg 1024w, https:\/\/www.imakeyousmile.se\/wp-content\/uploads\/2014\/09\/IMG_2835_111-700x573.jpg 700w, https:\/\/www.imakeyousmile.se\/wp-content\/uploads\/2014\/09\/IMG_2835_111-435x357.jpg 435w, https:\/\/www.imakeyousmile.se\/wp-content\/uploads\/2014\/09\/IMG_2835_111-589x483.jpg 589w\" sizes=\"(max-width: 4218px) 100vw, 4218px\" \/><\/a><\/p>\n<p>No te pierdas que yo tambi\u00e9n he a\u00f1adido<a href=\"http:\/\/creativemakeup.se\/produkt-kategori\/marken\/paese\/\" target=\"_blank\" rel=\"noopener\"> Paese<\/a>\u00a1surtido! :)<\/p>\n<p><strong>\u00a1Los abrazos son!<\/strong><\/p>","protected":false},"excerpt":{"rendered":"<p>Camilla sa&#8230; &#8221;Hej svej. Jag skulle best\u00e4lla yag minerals foundation men den var slut i min f\u00e4rg. Eller tror att det \u00e4r min f\u00e4rg i alla fall. Soft latte. Kan du skriva i bloggen n\u00e4r den \u00e4r \u00e5ter i lager. Har problem med att mina porer p\u00e5 n\u00e4san syns med puder och flytande foundation. Har [&hellip;]<\/p>\n","protected":false},"author":30,"featured_media":0,"comment_status":"open","ping_status":"closed","sticky":false,"template":"","format":"standard","meta":{"footnotes":""},"categories":[3],"tags":[],"class_list":["post-17263","post","type-post","status-publish","format-standard","hentry","category-allmant"],"yoast_head":"<!-- This site is optimized with the Yoast SEO Premium plugin v14.9 - https:\/\/yoast.com\/wordpress\/plugins\/seo\/ -->\n<meta name=\"description\" content=\"Svar om YAG mineral | Helena Amiley - H\u00e4r hittar du senaste infromation om sk\u00f6nhet, livsstil, entrepren\u00f6rskap, makeup &amp; tips.\" \/>\n<meta name=\"robots\" content=\"index, follow, max-snippet:-1, max-image-preview:large, max-video-preview:-1\" \/>\n<link rel=\"canonical\" href=\"https:\/\/www.imakeyousmile.se\/es\/svar-om-yag-mineral\/\" \/>\n<meta property=\"og:locale\" content=\"es_ES\" \/>\n<meta property=\"og:type\" content=\"article\" \/>\n<meta property=\"og:title\" content=\"Svar om YAG mineral | Imakeyousmile.se\" \/>\n<meta property=\"og:description\" content=\"Svar om YAG mineral | Helena Amiley - H\u00e4r hittar du senaste infromation om sk\u00f6nhet, livsstil, entrepren\u00f6rskap, makeup &amp; tips.\" \/>\n<meta property=\"og:url\" content=\"https:\/\/www.imakeyousmile.se\/es\/svar-om-yag-mineral\/\" \/>\n<meta property=\"og:site_name\" content=\"Imakeyousmile.se\" \/>\n<meta property=\"article:author\" content=\"https:\/\/www.facebook.com\/imakeyousmile.se\" \/>\n<meta property=\"article:published_time\" content=\"2014-09-08T17:27:57+00:00\" \/>\n<meta property=\"article:modified_time\" content=\"2021-09-15T14:41:00+00:00\" \/>\n<meta property=\"og:image\" content=\"http:\/\/www.imakeyousmile.se\/wp-content\/uploads\/2014\/09\/IMG_2835_111.jpg\" \/>\n<meta name=\"twitter:card\" content=\"summary_large_image\" \/>\n<script type=\"application\/ld+json\" class=\"yoast-schema-graph\">{\"@context\":\"https:\/\/schema.org\",\"@graph\":[{\"@type\":\"Organization\",\"@id\":\"https:\/\/www.imakeyousmile.se\/es\/#organization\",\"name\":\"Imakeyousmile\",\"url\":\"https:\/\/www.imakeyousmile.se\/es\/\",\"sameAs\":[],\"logo\":{\"@type\":\"ImageObject\",\"@id\":\"https:\/\/www.imakeyousmile.se\/es\/#logo\",\"inLanguage\":\"es\",\"url\":\"https:\/\/www.imakeyousmile.se\/wp-content\/uploads\/2020\/10\/HELENA-AMILEY_SVART-1-e1603367975324.png\",\"width\":280,\"height\":93,\"caption\":\"Imakeyousmile\"},\"image\":{\"@id\":\"https:\/\/www.imakeyousmile.se\/es\/#logo\"}},{\"@type\":\"WebSite\",\"@id\":\"https:\/\/www.imakeyousmile.se\/es\/#website\",\"url\":\"https:\/\/www.imakeyousmile.se\/es\/\",\"name\":\"Imakeyousmile.se\",\"description\":\"Helena Amiley - Beauty, Entrepreneur, Lifestyle\",\"publisher\":{\"@id\":\"https:\/\/www.imakeyousmile.se\/es\/#organization\"},\"potentialAction\":[{\"@type\":\"SearchAction\",\"target\":\"https:\/\/www.imakeyousmile.se\/es\/?s={search_term_string}\",\"query-input\":\"required name=search_term_string\"}],\"inLanguage\":\"es\"},{\"@type\":\"ImageObject\",\"@id\":\"https:\/\/www.imakeyousmile.se\/svar-om-yag-mineral\/#primaryimage\",\"inLanguage\":\"es\",\"url\":\"http:\/\/www.imakeyousmile.se\/wp-content\/uploads\/2014\/09\/IMG_2835_111.jpg\"},{\"@type\":\"WebPage\",\"@id\":\"https:\/\/www.imakeyousmile.se\/svar-om-yag-mineral\/#webpage\",\"url\":\"https:\/\/www.imakeyousmile.se\/svar-om-yag-mineral\/\",\"name\":\"Svar om YAG mineral | Imakeyousmile.se\",\"isPartOf\":{\"@id\":\"https:\/\/www.imakeyousmile.se\/es\/#website\"},\"primaryImageOfPage\":{\"@id\":\"https:\/\/www.imakeyousmile.se\/svar-om-yag-mineral\/#primaryimage\"},\"datePublished\":\"2014-09-08T17:27:57+00:00\",\"dateModified\":\"2021-09-15T14:41:00+00:00\",\"description\":\"Svar om YAG mineral | Helena Amiley - H\\u00e4r hittar du senaste infromation om sk\\u00f6nhet, livsstil, entrepren\\u00f6rskap, makeup & tips.\",\"inLanguage\":\"es\",\"potentialAction\":[{\"@type\":\"ReadAction\",\"target\":[\"https:\/\/www.imakeyousmile.se\/svar-om-yag-mineral\/\"]}]},{\"@type\":\"Article\",\"@id\":\"https:\/\/www.imakeyousmile.se\/svar-om-yag-mineral\/#article\",\"isPartOf\":{\"@id\":\"https:\/\/www.imakeyousmile.se\/svar-om-yag-mineral\/#webpage\"},\"author\":{\"@id\":\"https:\/\/www.imakeyousmile.se\/es\/#\/schema\/person\/b0fd43b1c6bb1c60cfd68bff9b4a10fb\"},\"headline\":\"Svar om YAG mineral\",\"datePublished\":\"2014-09-08T17:27:57+00:00\",\"dateModified\":\"2021-09-15T14:41:00+00:00\",\"mainEntityOfPage\":{\"@id\":\"https:\/\/www.imakeyousmile.se\/svar-om-yag-mineral\/#webpage\"},\"commentCount\":1,\"publisher\":{\"@id\":\"https:\/\/www.imakeyousmile.se\/es\/#organization\"},\"image\":{\"@id\":\"https:\/\/www.imakeyousmile.se\/svar-om-yag-mineral\/#primaryimage\"},\"articleSection\":\"\\u00d6vrigt\",\"inLanguage\":\"es\",\"potentialAction\":[{\"@type\":\"CommentAction\",\"name\":\"Comment\",\"target\":[\"https:\/\/www.imakeyousmile.se\/svar-om-yag-mineral\/#respond\"]}]},{\"@type\":\"Person\",\"@id\":\"https:\/\/www.imakeyousmile.se\/es\/#\/schema\/person\/b0fd43b1c6bb1c60cfd68bff9b4a10fb\",\"name\":\"Helena Amiley\",\"image\":{\"@type\":\"ImageObject\",\"@id\":\"https:\/\/www.imakeyousmile.se\/es\/#personlogo\",\"inLanguage\":\"es\",\"url\":\"https:\/\/secure.gravatar.com\/avatar\/5645558e1e355457a23368d7e1b4c904?s=96&d=mm&r=g\",\"caption\":\"Helena Amiley\"},\"description\":\"Jag skriver mest om sk\\u00f6nhet men bjuder \\u00e4ven p\\u00e5 glimtar fr\\u00e5n entrepren\\u00f6rlivet och bygget av v\\u00e5r egen camper van. Vanlife here we come!\",\"sameAs\":[\"https:\/\/www.facebook.com\/imakeyousmile.se\",\"https:\/\/www.instagram.com\/helenaamiley\",\"https:\/\/www.youtube.com\/channel\/UCR5iB6rvpV6Yr8ZjpQfr5mg?view_as=subscriber\"]}]}<\/script>\n<!-- \/ Yoast SEO Premium plugin. -->","_links":{"self":[{"href":"https:\/\/www.imakeyousmile.se\/es\/wp-json\/wp\/v2\/posts\/17263"}],"collection":[{"href":"https:\/\/www.imakeyousmile.se\/es\/wp-json\/wp\/v2\/posts"}],"about":[{"href":"https:\/\/www.imakeyousmile.se\/es\/wp-json\/wp\/v2\/types\/post"}],"author":[{"embeddable":true,"href":"https:\/\/www.imakeyousmile.se\/es\/wp-json\/wp\/v2\/users\/30"}],"replies":[{"embeddable":true,"href":"https:\/\/www.imakeyousmile.se\/es\/wp-json\/wp\/v2\/comments?post=17263"}],"version-history":[{"count":1,"href":"https:\/\/www.imakeyousmile.se\/es\/wp-json\/wp\/v2\/posts\/17263\/revisions"}],"predecessor-version":[{"id":40916,"href":"https:\/\/www.imakeyousmile.se\/es\/wp-json\/wp\/v2\/posts\/17263\/revisions\/40916"}],"wp:attachment":[{"href":"https:\/\/www.imakeyousmile.se\/es\/wp-json\/wp\/v2\/media?parent=17263"}],"wp:term":[{"taxonomy":"category","embeddable":true,"href":"https:\/\/www.imakeyousmile.se\/es\/wp-json\/wp\/v2\/categories?post=17263"},{"taxonomy":"post_tag","embeddable":true,"href":"https:\/\/www.imakeyousmile.se\/es\/wp-json\/wp\/v2\/tags?post=17263"}],"curies":[{"name":"wp","href":"https:\/\/api.w.org\/{rel}","templated":true}]}}