{"id":17268,"date":"2014-09-09T07:59:12","date_gmt":"2014-09-09T05:59:12","guid":{"rendered":"http:\/\/www.imakeyousmile.se\/?p=17268"},"modified":"2014-09-09T07:59:42","modified_gmt":"2014-09-09T05:59:42","slug":"blanda-lappfarger","status":"publish","type":"post","link":"https:\/\/www.imakeyousmile.se\/es\/colores-mezclados\/","title":{"rendered":"Mezclar colores de labios"},"content":{"rendered":"<p>Muchas personas no piensan que en realidad tienen muchos m\u00e1s colores de labios en casa en la bolsa de maquillaje de los que creen, porque es muy f\u00e1cil mezclar dos barras de labios entre s\u00ed y as\u00ed obtener un tono completamente nuevo.<\/p>\n<p>Eso es lo que hice en el maquillaje de ayer cuando mezcl\u00e9 <a href=\"http:\/\/creativemakeup.se\/produkt\/paese-lappstift\/\" target=\"_blank\">Pintalabios Paeses con aceite de arg\u00e1n<\/a> en las tonalidades 35 que son muy claras y 1 que es rosa chicle. Primero apliqu\u00e9 el tono rosado n\u00ba 1 como de costumbre en todos los labios, y con la ayuda de una brocha de maquillaje, luego apliqu\u00e9 el alfiler claro en la parte superior del rosa. De esta manera, no tienes que untar los colores de las barras de labios, sino simplemente mezclarlos en el labio.<\/p>\n<p>El resultado fue un tono rosado claro casi desnudo que es s\u00faper agradable :)<\/p>\n<p><a href=\"http:\/\/www.imakeyousmile.se\/wp-content\/uploads\/2014\/09\/IMG_2763_111.jpg\"><img loading=\"lazy\" decoding=\"async\" class=\"alignnone size-full wp-image-17270\" src=\"http:\/\/www.imakeyousmile.se\/wp-content\/uploads\/2014\/09\/IMG_2763_111.jpg\" alt=\"IMG_2763_111\" width=\"3858\" height=\"2834\" srcset=\"https:\/\/www.imakeyousmile.se\/wp-content\/uploads\/2014\/09\/IMG_2763_111.jpg 2560w, https:\/\/www.imakeyousmile.se\/wp-content\/uploads\/2014\/09\/IMG_2763_111-300x220.jpg 300w, https:\/\/www.imakeyousmile.se\/wp-content\/uploads\/2014\/09\/IMG_2763_111-1024x752.jpg 1024w, https:\/\/www.imakeyousmile.se\/wp-content\/uploads\/2014\/09\/IMG_2763_111-700x514.jpg 700w, https:\/\/www.imakeyousmile.se\/wp-content\/uploads\/2014\/09\/IMG_2763_111-485x357.jpg 485w, https:\/\/www.imakeyousmile.se\/wp-content\/uploads\/2014\/09\/IMG_2763_111-657x483.jpg 657w\" sizes=\"(max-width: 3858px) 100vw, 3858px\" \/><\/a><\/p>\n<p><strong>\u00a1Pulgares hacia arriba!<\/strong><\/p>","protected":false},"excerpt":{"rendered":"<p>M\u00e5nga t\u00e4nker inte p\u00e5 att dom egentligen har mycket fler l\u00e4ppf\u00e4rger hemma i sminkv\u00e4skan \u00e4n vad dom tror att dom har, f\u00f6r det \u00e4r n\u00e4mligen superenkelt att blanda tv\u00e5 l\u00e4ppstift med varandra och p\u00e5 s\u00e5 s\u00e4tt f\u00e5 en helt ny nyans! S\u00e5 gjorde jag i g\u00e5rdagens sminkning d\u00e5 jag blandade Paeses l\u00e4ppstift med arganolja i [&hellip;]<\/p>\n","protected":false},"author":30,"featured_media":17270,"comment_status":"open","ping_status":"closed","sticky":false,"template":"","format":"standard","meta":{"footnotes":""},"categories":[17,59],"tags":[2769,2581],"class_list":["post-17268","post","type-post","status-publish","format-standard","has-post-thumbnail","hentry","category-lappar","category-recensioner-produkttips","tag-ljusrosa-lappstift","tag-paese-argan-oil-lipstick"],"yoast_head":"<!-- This site is optimized with the Yoast SEO Premium plugin v14.9 - https:\/\/yoast.com\/wordpress\/plugins\/seo\/ -->\n<meta name=\"description\" content=\"Blanda l\u00e4ppf\u00e4rger | Helena Amiley - H\u00e4r hittar du senaste infromation om sk\u00f6nhet, livsstil, entrepren\u00f6rskap, makeup &amp; tips.\" \/>\n<meta name=\"robots\" content=\"index, follow, max-snippet:-1, max-image-preview:large, max-video-preview:-1\" \/>\n<link rel=\"canonical\" href=\"https:\/\/www.imakeyousmile.se\/es\/blanda-lappfarger\/\" \/>\n<meta property=\"og:locale\" content=\"es_ES\" \/>\n<meta property=\"og:type\" content=\"article\" \/>\n<meta property=\"og:title\" content=\"Blanda l\u00e4ppf\u00e4rger | Imakeyousmile.se\" \/>\n<meta property=\"og:description\" content=\"Blanda l\u00e4ppf\u00e4rger | Helena Amiley - H\u00e4r hittar du senaste infromation om sk\u00f6nhet, livsstil, entrepren\u00f6rskap, makeup &amp; tips.\" \/>\n<meta property=\"og:url\" content=\"https:\/\/www.imakeyousmile.se\/es\/blanda-lappfarger\/\" \/>\n<meta property=\"og:site_name\" content=\"Imakeyousmile.se\" \/>\n<meta property=\"article:author\" content=\"https:\/\/www.facebook.com\/imakeyousmile.se\" \/>\n<meta property=\"article:published_time\" content=\"2014-09-09T05:59:12+00:00\" \/>\n<meta property=\"article:modified_time\" content=\"2014-09-09T05:59:42+00:00\" \/>\n<meta property=\"og:image\" content=\"https:\/\/www.imakeyousmile.se\/wp-content\/uploads\/2014\/09\/IMG_2763_111.jpg\" \/>\n\t<meta property=\"og:image:width\" content=\"2560\" \/>\n\t<meta property=\"og:image:height\" content=\"1881\" \/>\n<meta name=\"twitter:card\" content=\"summary_large_image\" \/>\n<script type=\"application\/ld+json\" class=\"yoast-schema-graph\">{\"@context\":\"https:\/\/schema.org\",\"@graph\":[{\"@type\":\"Organization\",\"@id\":\"https:\/\/www.imakeyousmile.se\/es\/#organization\",\"name\":\"Imakeyousmile\",\"url\":\"https:\/\/www.imakeyousmile.se\/es\/\",\"sameAs\":[],\"logo\":{\"@type\":\"ImageObject\",\"@id\":\"https:\/\/www.imakeyousmile.se\/es\/#logo\",\"inLanguage\":\"es\",\"url\":\"https:\/\/www.imakeyousmile.se\/wp-content\/uploads\/2020\/10\/HELENA-AMILEY_SVART-1-e1603367975324.png\",\"width\":280,\"height\":93,\"caption\":\"Imakeyousmile\"},\"image\":{\"@id\":\"https:\/\/www.imakeyousmile.se\/es\/#logo\"}},{\"@type\":\"WebSite\",\"@id\":\"https:\/\/www.imakeyousmile.se\/es\/#website\",\"url\":\"https:\/\/www.imakeyousmile.se\/es\/\",\"name\":\"Imakeyousmile.se\",\"description\":\"Helena Amiley - Beauty, Entrepreneur, Lifestyle\",\"publisher\":{\"@id\":\"https:\/\/www.imakeyousmile.se\/es\/#organization\"},\"potentialAction\":[{\"@type\":\"SearchAction\",\"target\":\"https:\/\/www.imakeyousmile.se\/es\/?s={search_term_string}\",\"query-input\":\"required name=search_term_string\"}],\"inLanguage\":\"es\"},{\"@type\":\"ImageObject\",\"@id\":\"https:\/\/www.imakeyousmile.se\/blanda-lappfarger\/#primaryimage\",\"inLanguage\":\"es\",\"url\":\"https:\/\/www.imakeyousmile.se\/wp-content\/uploads\/2014\/09\/IMG_2763_111.jpg\",\"width\":2560,\"height\":1881},{\"@type\":\"WebPage\",\"@id\":\"https:\/\/www.imakeyousmile.se\/blanda-lappfarger\/#webpage\",\"url\":\"https:\/\/www.imakeyousmile.se\/blanda-lappfarger\/\",\"name\":\"Blanda l\\u00e4ppf\\u00e4rger | Imakeyousmile.se\",\"isPartOf\":{\"@id\":\"https:\/\/www.imakeyousmile.se\/es\/#website\"},\"primaryImageOfPage\":{\"@id\":\"https:\/\/www.imakeyousmile.se\/blanda-lappfarger\/#primaryimage\"},\"datePublished\":\"2014-09-09T05:59:12+00:00\",\"dateModified\":\"2014-09-09T05:59:42+00:00\",\"description\":\"Blanda l\\u00e4ppf\\u00e4rger | Helena Amiley - H\\u00e4r hittar du senaste infromation om sk\\u00f6nhet, livsstil, entrepren\\u00f6rskap, makeup & tips.\",\"inLanguage\":\"es\",\"potentialAction\":[{\"@type\":\"ReadAction\",\"target\":[\"https:\/\/www.imakeyousmile.se\/blanda-lappfarger\/\"]}]},{\"@type\":\"Article\",\"@id\":\"https:\/\/www.imakeyousmile.se\/blanda-lappfarger\/#article\",\"isPartOf\":{\"@id\":\"https:\/\/www.imakeyousmile.se\/blanda-lappfarger\/#webpage\"},\"author\":{\"@id\":\"https:\/\/www.imakeyousmile.se\/es\/#\/schema\/person\/b0fd43b1c6bb1c60cfd68bff9b4a10fb\"},\"headline\":\"Blanda l\\u00e4ppf\\u00e4rger\",\"datePublished\":\"2014-09-09T05:59:12+00:00\",\"dateModified\":\"2014-09-09T05:59:42+00:00\",\"mainEntityOfPage\":{\"@id\":\"https:\/\/www.imakeyousmile.se\/blanda-lappfarger\/#webpage\"},\"commentCount\":0,\"publisher\":{\"@id\":\"https:\/\/www.imakeyousmile.se\/es\/#organization\"},\"image\":{\"@id\":\"https:\/\/www.imakeyousmile.se\/blanda-lappfarger\/#primaryimage\"},\"keywords\":\"ljusrosa l\\u00e4ppstift,Paese argan oil lipstick\",\"articleSection\":\"L\\u00e4ppar,Recensioner &amp; Produkttips\",\"inLanguage\":\"es\",\"potentialAction\":[{\"@type\":\"CommentAction\",\"name\":\"Comment\",\"target\":[\"https:\/\/www.imakeyousmile.se\/blanda-lappfarger\/#respond\"]}]},{\"@type\":\"Person\",\"@id\":\"https:\/\/www.imakeyousmile.se\/es\/#\/schema\/person\/b0fd43b1c6bb1c60cfd68bff9b4a10fb\",\"name\":\"Helena Amiley\",\"image\":{\"@type\":\"ImageObject\",\"@id\":\"https:\/\/www.imakeyousmile.se\/es\/#personlogo\",\"inLanguage\":\"es\",\"url\":\"https:\/\/secure.gravatar.com\/avatar\/5645558e1e355457a23368d7e1b4c904?s=96&d=mm&r=g\",\"caption\":\"Helena Amiley\"},\"description\":\"Jag skriver mest om sk\\u00f6nhet men bjuder \\u00e4ven p\\u00e5 glimtar fr\\u00e5n entrepren\\u00f6rlivet och bygget av v\\u00e5r egen camper van. Vanlife here we come!\",\"sameAs\":[\"https:\/\/www.facebook.com\/imakeyousmile.se\",\"https:\/\/www.instagram.com\/helenaamiley\",\"https:\/\/www.youtube.com\/channel\/UCR5iB6rvpV6Yr8ZjpQfr5mg?view_as=subscriber\"]}]}<\/script>\n<!-- \/ Yoast SEO Premium plugin. -->","_links":{"self":[{"href":"https:\/\/www.imakeyousmile.se\/es\/wp-json\/wp\/v2\/posts\/17268"}],"collection":[{"href":"https:\/\/www.imakeyousmile.se\/es\/wp-json\/wp\/v2\/posts"}],"about":[{"href":"https:\/\/www.imakeyousmile.se\/es\/wp-json\/wp\/v2\/types\/post"}],"author":[{"embeddable":true,"href":"https:\/\/www.imakeyousmile.se\/es\/wp-json\/wp\/v2\/users\/30"}],"replies":[{"embeddable":true,"href":"https:\/\/www.imakeyousmile.se\/es\/wp-json\/wp\/v2\/comments?post=17268"}],"version-history":[{"count":0,"href":"https:\/\/www.imakeyousmile.se\/es\/wp-json\/wp\/v2\/posts\/17268\/revisions"}],"wp:featuredmedia":[{"embeddable":true,"href":"https:\/\/www.imakeyousmile.se\/es\/wp-json\/wp\/v2\/media\/17270"}],"wp:attachment":[{"href":"https:\/\/www.imakeyousmile.se\/es\/wp-json\/wp\/v2\/media?parent=17268"}],"wp:term":[{"taxonomy":"category","embeddable":true,"href":"https:\/\/www.imakeyousmile.se\/es\/wp-json\/wp\/v2\/categories?post=17268"},{"taxonomy":"post_tag","embeddable":true,"href":"https:\/\/www.imakeyousmile.se\/es\/wp-json\/wp\/v2\/tags?post=17268"}],"curies":[{"name":"wp","href":"https:\/\/api.w.org\/{rel}","templated":true}]}}