{"id":17275,"date":"2014-09-09T11:45:40","date_gmt":"2014-09-09T09:45:40","guid":{"rendered":"http:\/\/www.imakeyousmile.se\/?p=17275"},"modified":"2014-09-09T10:03:52","modified_gmt":"2014-09-09T08:03:52","slug":"fran-dag-till-kvall","status":"publish","type":"post","link":"https:\/\/www.imakeyousmile.se\/es\/de-dia-a-noche\/","title":{"rendered":"\u00a1De d\u00eda a noche!"},"content":{"rendered":"<p>Ayer mostr\u00e9 uno <a href=\"http:\/\/www.imakeyousmile.se\/es\/enkel-gra-sotning\/\" target=\"_blank\">maquillaje diario gris<\/a> y explic\u00f3 c\u00f3mo hacerlo m\u00e1s \/ menos todos los d\u00edas. \u00a1Ahora iba a mostrar c\u00f3mo convertir r\u00e1pidamente el look en un look de fiesta m\u00e1s festivo con dos productos de maquillaje! :)<\/p>\n<p>Esto se puede hacer en un minuto y es perfecto para tener el maquillaje contigo en tu bolso si, por ejemplo, yendo a despues del trabajo o similar!<\/p>\n<p><a href=\"http:\/\/www.imakeyousmile.se\/wp-content\/uploads\/2014\/09\/dag-och-kv\u00e4llsmakeup.jpg\"><img loading=\"lazy\" decoding=\"async\" class=\"alignnone size-full wp-image-17283\" src=\"http:\/\/www.imakeyousmile.se\/wp-content\/uploads\/2014\/09\/dag-och-kv\u00e4llsmakeup.jpg\" alt=\"maquillaje de d\u00eda y de noche\" width=\"5502\" height=\"3295\" srcset=\"https:\/\/www.imakeyousmile.se\/wp-content\/uploads\/2014\/09\/dag-och-kv\u00e4llsmakeup.jpg 2560w, https:\/\/www.imakeyousmile.se\/wp-content\/uploads\/2014\/09\/dag-och-kv\u00e4llsmakeup-300x179.jpg 300w, https:\/\/www.imakeyousmile.se\/wp-content\/uploads\/2014\/09\/dag-och-kv\u00e4llsmakeup-1024x613.jpg 1024w, https:\/\/www.imakeyousmile.se\/wp-content\/uploads\/2014\/09\/dag-och-kv\u00e4llsmakeup-700x419.jpg 700w, https:\/\/www.imakeyousmile.se\/wp-content\/uploads\/2014\/09\/dag-och-kv\u00e4llsmakeup-596x357.jpg 596w, https:\/\/www.imakeyousmile.se\/wp-content\/uploads\/2014\/09\/dag-och-kv\u00e4llsmakeup-806x483.jpg 806w\" sizes=\"(max-width: 5502px) 100vw, 5502px\" \/><\/a><\/p>\n<p>1. Aplique un delineador de ojos negro brillante a lo largo de la l\u00ednea de las pesta\u00f1as inferiores.<br \/>\n2. \u00a1Cambie el color de los labios a un tono que sea m\u00e1s visible!<\/p>\n<p>Luego puedes cambiar el resto del look tambi\u00e9n para enfatizar a\u00fan m\u00e1s la transformaci\u00f3n de la fiesta, por ejemplo, cambi\u00e1ndote el pelo, cambi\u00e1ndote de zapatos, poni\u00e9ndote joyas grandes, etc. Todo dependiendo de la hora, el lugar (bolso o en casa) y por supuesto de qu\u00e9 se trata. es para eventos a los que vas :)<\/p>\n<p><a href=\"http:\/\/www.imakeyousmile.se\/wp-content\/uploads\/2014\/09\/IMG_2794_111.jpg\"><img loading=\"lazy\" decoding=\"async\" class=\"alignnone size-full wp-image-17276\" src=\"http:\/\/www.imakeyousmile.se\/wp-content\/uploads\/2014\/09\/IMG_2794_111.jpg\" alt=\"IMG_2794_111\" width=\"1508\" height=\"1232\" srcset=\"https:\/\/www.imakeyousmile.se\/wp-content\/uploads\/2014\/09\/IMG_2794_111.jpg 1508w, https:\/\/www.imakeyousmile.se\/wp-content\/uploads\/2014\/09\/IMG_2794_111-300x245.jpg 300w, https:\/\/www.imakeyousmile.se\/wp-content\/uploads\/2014\/09\/IMG_2794_111-1024x836.jpg 1024w, https:\/\/www.imakeyousmile.se\/wp-content\/uploads\/2014\/09\/IMG_2794_111-700x571.jpg 700w, https:\/\/www.imakeyousmile.se\/wp-content\/uploads\/2014\/09\/IMG_2794_111-436x357.jpg 436w, https:\/\/www.imakeyousmile.se\/wp-content\/uploads\/2014\/09\/IMG_2794_111-591x483.jpg 591w\" sizes=\"(max-width: 1508px) 100vw, 1508px\" \/><\/a><\/p>\n<p><strong><span style=\"color: #000000;\">Kajalpennan<\/span><\/strong> Me he acostumbrado a que la l\u00ednea de las pesta\u00f1as inferiores sea <a href=\"http:\/\/creativemakeup.se\/produkt\/paese-linea-automatic-eyeliner\/\" target=\"_blank\">Delineador de ojos autom\u00e1tico Paese Linea<\/a>, es brillante y tiene un suave &quot;fade top&quot; para que puedas obtener un efecto m\u00e1s ahumado r\u00e1pida y f\u00e1cilmente.<\/p>\n<p><a href=\"http:\/\/www.imakeyousmile.se\/wp-content\/uploads\/2014\/09\/IMG_2836_111.jpg\"><img loading=\"lazy\" decoding=\"async\" class=\"alignnone size-full wp-image-17281\" src=\"http:\/\/www.imakeyousmile.se\/wp-content\/uploads\/2014\/09\/IMG_2836_111.jpg\" alt=\"IMG_2836_111\" width=\"3258\" height=\"3450\" srcset=\"https:\/\/www.imakeyousmile.se\/wp-content\/uploads\/2014\/09\/IMG_2836_111.jpg 2418w, https:\/\/www.imakeyousmile.se\/wp-content\/uploads\/2014\/09\/IMG_2836_111-283x300.jpg 283w, https:\/\/www.imakeyousmile.se\/wp-content\/uploads\/2014\/09\/IMG_2836_111-967x1024.jpg 967w, https:\/\/www.imakeyousmile.se\/wp-content\/uploads\/2014\/09\/IMG_2836_111-700x741.jpg 700w, https:\/\/www.imakeyousmile.se\/wp-content\/uploads\/2014\/09\/IMG_2836_111-337x357.jpg 337w, https:\/\/www.imakeyousmile.se\/wp-content\/uploads\/2014\/09\/IMG_2836_111-456x483.jpg 456w\" sizes=\"(max-width: 3258px) 100vw, 3258px\" \/><\/a><\/p>\n<p><strong><span style=\"color: #ff00ff;\">El nuevo color de labios<\/span><\/strong> es <a href=\"http:\/\/creativemakeup.se\/produkt\/paese-lappstift\/\" target=\"_blank\">Pintalabios Paese con aceite de arg\u00e1n<\/a> en la sombra no 2!<\/p>\n<p><a href=\"http:\/\/www.imakeyousmile.se\/wp-content\/uploads\/2014\/09\/IMG_2820_111.jpg\"><img loading=\"lazy\" decoding=\"async\" class=\"alignnone size-full wp-image-17278\" src=\"http:\/\/www.imakeyousmile.se\/wp-content\/uploads\/2014\/09\/IMG_2820_111.jpg\" alt=\"IMG_2820_111\" width=\"2754\" height=\"2832\" srcset=\"https:\/\/www.imakeyousmile.se\/wp-content\/uploads\/2014\/09\/IMG_2820_111.jpg 2489w, https:\/\/www.imakeyousmile.se\/wp-content\/uploads\/2014\/09\/IMG_2820_111-291x300.jpg 291w, https:\/\/www.imakeyousmile.se\/wp-content\/uploads\/2014\/09\/IMG_2820_111-995x1024.jpg 995w, https:\/\/www.imakeyousmile.se\/wp-content\/uploads\/2014\/09\/IMG_2820_111-700x719.jpg 700w, https:\/\/www.imakeyousmile.se\/wp-content\/uploads\/2014\/09\/IMG_2820_111-347x357.jpg 347w, https:\/\/www.imakeyousmile.se\/wp-content\/uploads\/2014\/09\/IMG_2820_111-469x483.jpg 469w\" sizes=\"(max-width: 2754px) 100vw, 2754px\" \/><\/a><\/p>\n<p><a href=\"http:\/\/www.imakeyousmile.se\/wp-content\/uploads\/2014\/09\/IMG_2835_111-kopia_111.jpg\"><img loading=\"lazy\" decoding=\"async\" class=\"alignnone size-full wp-image-17280\" src=\"http:\/\/www.imakeyousmile.se\/wp-content\/uploads\/2014\/09\/IMG_2835_111-kopia_111.jpg\" alt=\"IMG_2835_111 --- copy_111\" width=\"2340\" height=\"2646\" srcset=\"https:\/\/www.imakeyousmile.se\/wp-content\/uploads\/2014\/09\/IMG_2835_111-kopia_111.jpg 2264w, https:\/\/www.imakeyousmile.se\/wp-content\/uploads\/2014\/09\/IMG_2835_111-kopia_111-265x300.jpg 265w, https:\/\/www.imakeyousmile.se\/wp-content\/uploads\/2014\/09\/IMG_2835_111-kopia_111-905x1024.jpg 905w, https:\/\/www.imakeyousmile.se\/wp-content\/uploads\/2014\/09\/IMG_2835_111-kopia_111-700x791.jpg 700w, https:\/\/www.imakeyousmile.se\/wp-content\/uploads\/2014\/09\/IMG_2835_111-kopia_111-315x357.jpg 315w, https:\/\/www.imakeyousmile.se\/wp-content\/uploads\/2014\/09\/IMG_2835_111-kopia_111-427x483.jpg 427w\" sizes=\"(max-width: 2340px) 100vw, 2340px\" \/><\/a><\/p>\n<p><a href=\"http:\/\/www.imakeyousmile.se\/wp-content\/uploads\/2014\/09\/IMG_2886_111.jpg\"><img loading=\"lazy\" decoding=\"async\" class=\"alignnone size-full wp-image-17282\" src=\"http:\/\/www.imakeyousmile.se\/wp-content\/uploads\/2014\/09\/IMG_2886_111.jpg\" alt=\"IMG_2886_111\" width=\"2502\" height=\"2844\" srcset=\"https:\/\/www.imakeyousmile.se\/wp-content\/uploads\/2014\/09\/IMG_2886_111.jpg 2252w, https:\/\/www.imakeyousmile.se\/wp-content\/uploads\/2014\/09\/IMG_2886_111-263x300.jpg 263w, https:\/\/www.imakeyousmile.se\/wp-content\/uploads\/2014\/09\/IMG_2886_111-900x1024.jpg 900w, https:\/\/www.imakeyousmile.se\/wp-content\/uploads\/2014\/09\/IMG_2886_111-700x795.jpg 700w, https:\/\/www.imakeyousmile.se\/wp-content\/uploads\/2014\/09\/IMG_2886_111-314x357.jpg 314w, https:\/\/www.imakeyousmile.se\/wp-content\/uploads\/2014\/09\/IMG_2886_111-424x483.jpg 424w\" sizes=\"(max-width: 2502px) 100vw, 2502px\" \/><\/a><\/p>\n<p><strong>\u00bfQu\u00e9 piensas? :)<\/strong><\/p>","protected":false},"excerpt":{"rendered":"<p>Ig\u00e5r visade jag en gr\u00e5 vardagssminkning och f\u00f6rklarade hur man enkelt kan f\u00e5 den mer\/mindre vardaglig. Nu t\u00e4nkte jag visa hur man med tv\u00e5 sminkprodukter snabbt f\u00f6rvandlar looken till en mer festlig party-look! :) Detta g\u00e5r p\u00e5 en minut att g\u00f6ra och \u00e4r perfekt f\u00f6r att ha\u00a0sminket med sig i handv\u00e4skan om du t.ex. ska [&hellip;]<\/p>\n","protected":false},"author":30,"featured_media":17283,"comment_status":"open","ping_status":"closed","sticky":false,"template":"","format":"standard","meta":{"footnotes":""},"categories":[9,2623],"tags":[2771,2770],"class_list":["post-17275","post","type-post","status-publish","format-standard","has-post-thumbnail","hentry","category-partysminkningar","category-sminkningar","tag-after-work-sminkning","tag-dagkvallsmakeup"],"yoast_head":"<!-- This site is optimized with the Yoast SEO Premium plugin v14.9 - https:\/\/yoast.com\/wordpress\/plugins\/seo\/ -->\n<meta name=\"description\" content=\"Fr\u00e5n dag till kv\u00e4ll! | Helena Amiley - H\u00e4r hittar du senaste infromation om sk\u00f6nhet, livsstil, entrepren\u00f6rskap, makeup &amp; tips.\" \/>\n<meta name=\"robots\" content=\"index, follow, max-snippet:-1, max-image-preview:large, max-video-preview:-1\" \/>\n<link rel=\"canonical\" href=\"https:\/\/www.imakeyousmile.se\/es\/fran-dag-till-kvall\/\" \/>\n<meta property=\"og:locale\" content=\"es_ES\" \/>\n<meta property=\"og:type\" content=\"article\" \/>\n<meta property=\"og:title\" content=\"Fr\u00e5n dag till kv\u00e4ll! | Imakeyousmile.se\" \/>\n<meta property=\"og:description\" content=\"Fr\u00e5n dag till kv\u00e4ll! | Helena Amiley - H\u00e4r hittar du senaste infromation om sk\u00f6nhet, livsstil, entrepren\u00f6rskap, makeup &amp; tips.\" \/>\n<meta property=\"og:url\" content=\"https:\/\/www.imakeyousmile.se\/es\/fran-dag-till-kvall\/\" \/>\n<meta property=\"og:site_name\" content=\"Imakeyousmile.se\" \/>\n<meta property=\"article:author\" content=\"https:\/\/www.facebook.com\/imakeyousmile.se\" \/>\n<meta property=\"article:published_time\" content=\"2014-09-09T09:45:40+00:00\" \/>\n<meta property=\"article:modified_time\" content=\"2014-09-09T08:03:52+00:00\" \/>\n<meta property=\"og:image\" content=\"https:\/\/www.imakeyousmile.se\/wp-content\/uploads\/2014\/09\/dag-och-kv\u00e4llsmakeup.jpg\" \/>\n\t<meta property=\"og:image:width\" content=\"2560\" \/>\n\t<meta property=\"og:image:height\" content=\"1533\" \/>\n<meta name=\"twitter:card\" content=\"summary_large_image\" \/>\n<script type=\"application\/ld+json\" class=\"yoast-schema-graph\">{\"@context\":\"https:\/\/schema.org\",\"@graph\":[{\"@type\":\"Organization\",\"@id\":\"https:\/\/www.imakeyousmile.se\/es\/#organization\",\"name\":\"Imakeyousmile\",\"url\":\"https:\/\/www.imakeyousmile.se\/es\/\",\"sameAs\":[],\"logo\":{\"@type\":\"ImageObject\",\"@id\":\"https:\/\/www.imakeyousmile.se\/es\/#logo\",\"inLanguage\":\"es\",\"url\":\"https:\/\/www.imakeyousmile.se\/wp-content\/uploads\/2020\/10\/HELENA-AMILEY_SVART-1-e1603367975324.png\",\"width\":280,\"height\":93,\"caption\":\"Imakeyousmile\"},\"image\":{\"@id\":\"https:\/\/www.imakeyousmile.se\/es\/#logo\"}},{\"@type\":\"WebSite\",\"@id\":\"https:\/\/www.imakeyousmile.se\/es\/#website\",\"url\":\"https:\/\/www.imakeyousmile.se\/es\/\",\"name\":\"Imakeyousmile.se\",\"description\":\"Helena Amiley - Beauty, Entrepreneur, Lifestyle\",\"publisher\":{\"@id\":\"https:\/\/www.imakeyousmile.se\/es\/#organization\"},\"potentialAction\":[{\"@type\":\"SearchAction\",\"target\":\"https:\/\/www.imakeyousmile.se\/es\/?s={search_term_string}\",\"query-input\":\"required name=search_term_string\"}],\"inLanguage\":\"es\"},{\"@type\":\"ImageObject\",\"@id\":\"https:\/\/www.imakeyousmile.se\/fran-dag-till-kvall\/#primaryimage\",\"inLanguage\":\"es\",\"url\":\"https:\/\/www.imakeyousmile.se\/wp-content\/uploads\/2014\/09\/dag-och-kv\\u00e4llsmakeup.jpg\",\"width\":2560,\"height\":1533},{\"@type\":\"WebPage\",\"@id\":\"https:\/\/www.imakeyousmile.se\/fran-dag-till-kvall\/#webpage\",\"url\":\"https:\/\/www.imakeyousmile.se\/fran-dag-till-kvall\/\",\"name\":\"Fr\\u00e5n dag till kv\\u00e4ll! | Imakeyousmile.se\",\"isPartOf\":{\"@id\":\"https:\/\/www.imakeyousmile.se\/es\/#website\"},\"primaryImageOfPage\":{\"@id\":\"https:\/\/www.imakeyousmile.se\/fran-dag-till-kvall\/#primaryimage\"},\"datePublished\":\"2014-09-09T09:45:40+00:00\",\"dateModified\":\"2014-09-09T08:03:52+00:00\",\"description\":\"Fr\\u00e5n dag till kv\\u00e4ll! | Helena Amiley - H\\u00e4r hittar du senaste infromation om sk\\u00f6nhet, livsstil, entrepren\\u00f6rskap, makeup & tips.\",\"inLanguage\":\"es\",\"potentialAction\":[{\"@type\":\"ReadAction\",\"target\":[\"https:\/\/www.imakeyousmile.se\/fran-dag-till-kvall\/\"]}]},{\"@type\":\"Article\",\"@id\":\"https:\/\/www.imakeyousmile.se\/fran-dag-till-kvall\/#article\",\"isPartOf\":{\"@id\":\"https:\/\/www.imakeyousmile.se\/fran-dag-till-kvall\/#webpage\"},\"author\":{\"@id\":\"https:\/\/www.imakeyousmile.se\/es\/#\/schema\/person\/b0fd43b1c6bb1c60cfd68bff9b4a10fb\"},\"headline\":\"Fr\\u00e5n dag till kv\\u00e4ll!\",\"datePublished\":\"2014-09-09T09:45:40+00:00\",\"dateModified\":\"2014-09-09T08:03:52+00:00\",\"mainEntityOfPage\":{\"@id\":\"https:\/\/www.imakeyousmile.se\/fran-dag-till-kvall\/#webpage\"},\"commentCount\":3,\"publisher\":{\"@id\":\"https:\/\/www.imakeyousmile.se\/es\/#organization\"},\"image\":{\"@id\":\"https:\/\/www.imakeyousmile.se\/fran-dag-till-kvall\/#primaryimage\"},\"keywords\":\"after work sminkning,dag\/kv\\u00e4llsmakeup\",\"articleSection\":\"M\\u00f6rka \/ festliga sminkningar,Sminkningar\",\"inLanguage\":\"es\",\"potentialAction\":[{\"@type\":\"CommentAction\",\"name\":\"Comment\",\"target\":[\"https:\/\/www.imakeyousmile.se\/fran-dag-till-kvall\/#respond\"]}]},{\"@type\":\"Person\",\"@id\":\"https:\/\/www.imakeyousmile.se\/es\/#\/schema\/person\/b0fd43b1c6bb1c60cfd68bff9b4a10fb\",\"name\":\"Helena Amiley\",\"image\":{\"@type\":\"ImageObject\",\"@id\":\"https:\/\/www.imakeyousmile.se\/es\/#personlogo\",\"inLanguage\":\"es\",\"url\":\"https:\/\/secure.gravatar.com\/avatar\/5645558e1e355457a23368d7e1b4c904?s=96&d=mm&r=g\",\"caption\":\"Helena Amiley\"},\"description\":\"Jag skriver mest om sk\\u00f6nhet men bjuder \\u00e4ven p\\u00e5 glimtar fr\\u00e5n entrepren\\u00f6rlivet och bygget av v\\u00e5r egen camper van. Vanlife here we come!\",\"sameAs\":[\"https:\/\/www.facebook.com\/imakeyousmile.se\",\"https:\/\/www.instagram.com\/helenaamiley\",\"https:\/\/www.youtube.com\/channel\/UCR5iB6rvpV6Yr8ZjpQfr5mg?view_as=subscriber\"]}]}<\/script>\n<!-- \/ Yoast SEO Premium plugin. -->","_links":{"self":[{"href":"https:\/\/www.imakeyousmile.se\/es\/wp-json\/wp\/v2\/posts\/17275"}],"collection":[{"href":"https:\/\/www.imakeyousmile.se\/es\/wp-json\/wp\/v2\/posts"}],"about":[{"href":"https:\/\/www.imakeyousmile.se\/es\/wp-json\/wp\/v2\/types\/post"}],"author":[{"embeddable":true,"href":"https:\/\/www.imakeyousmile.se\/es\/wp-json\/wp\/v2\/users\/30"}],"replies":[{"embeddable":true,"href":"https:\/\/www.imakeyousmile.se\/es\/wp-json\/wp\/v2\/comments?post=17275"}],"version-history":[{"count":0,"href":"https:\/\/www.imakeyousmile.se\/es\/wp-json\/wp\/v2\/posts\/17275\/revisions"}],"wp:featuredmedia":[{"embeddable":true,"href":"https:\/\/www.imakeyousmile.se\/es\/wp-json\/wp\/v2\/media\/17283"}],"wp:attachment":[{"href":"https:\/\/www.imakeyousmile.se\/es\/wp-json\/wp\/v2\/media?parent=17275"}],"wp:term":[{"taxonomy":"category","embeddable":true,"href":"https:\/\/www.imakeyousmile.se\/es\/wp-json\/wp\/v2\/categories?post=17275"},{"taxonomy":"post_tag","embeddable":true,"href":"https:\/\/www.imakeyousmile.se\/es\/wp-json\/wp\/v2\/tags?post=17275"}],"curies":[{"name":"wp","href":"https:\/\/api.w.org\/{rel}","templated":true}]}}