{"id":17714,"date":"2014-09-27T11:20:53","date_gmt":"2014-09-27T09:20:53","guid":{"rendered":"http:\/\/www.imakeyousmile.se\/?p=17714"},"modified":"2021-10-05T10:12:53","modified_gmt":"2021-10-05T08:12:53","slug":"revlon-hos-eleven-se","status":"publish","type":"post","link":"https:\/\/www.imakeyousmile.se\/es\/revlon-hos-eleven-se\/","title":{"rendered":"Revlon at Eleven.se - Evento de prensa y muestras de prensa"},"content":{"rendered":"<p>Ayer comenc\u00e9 el d\u00eda con un desayuno de prensa en la tienda Student&#039;s de Estocolmo. <a href=\"https:\/\/go.eleven.se\/t\/t?a=1301482047&amp;as=1548102449&amp;t=2&amp;tk=1&amp;epi=search-replace-eleven&amp;url=https:\/\/eleven.se\" target=\"_blank\" rel=\"noopener\">Once.se<\/a>\u00a0est\u00e1 lanzando la popular marca de maquillaje Revlon en octubre, \u00a1as\u00ed que probamos algunos de los productos y sabemos m\u00e1s sobre la marca!<\/p>\n<p><a href=\"http:\/\/www.imakeyousmile.se\/wp-content\/uploads\/2014\/09\/revlon-eleven.jpg\"><img loading=\"lazy\" decoding=\"async\" class=\"alignnone size-full wp-image-17720\" src=\"http:\/\/www.imakeyousmile.se\/wp-content\/uploads\/2014\/09\/revlon-eleven.jpg\" alt=\"revlon-once\" width=\"1286\" height=\"524\" srcset=\"https:\/\/www.imakeyousmile.se\/wp-content\/uploads\/2014\/09\/revlon-eleven.jpg 1286w, https:\/\/www.imakeyousmile.se\/wp-content\/uploads\/2014\/09\/revlon-eleven-300x122.jpg 300w, https:\/\/www.imakeyousmile.se\/wp-content\/uploads\/2014\/09\/revlon-eleven-1024x417.jpg 1024w, https:\/\/www.imakeyousmile.se\/wp-content\/uploads\/2014\/09\/revlon-eleven-700x285.jpg 700w, https:\/\/www.imakeyousmile.se\/wp-content\/uploads\/2014\/09\/revlon-eleven-876x357.jpg 876w, https:\/\/www.imakeyousmile.se\/wp-content\/uploads\/2014\/09\/revlon-eleven-1185x483.jpg 1185w\" sizes=\"(max-width: 1286px) 100vw, 1286px\" \/><\/a><\/p>\n<p>Si hubiera dormido en Gimo, me habr\u00eda ido de casa con el autob\u00fas 6 para estar en su lugar a las 9 en punto cuando comenz\u00f3 el evento. Pero ahora me despert\u00e9 a poca distancia de la tienda y me sirvieron un desayuno s\u00faper bueno cuando llegu\u00e9. \u00a1Lujo!<\/p>\n<p><a href=\"http:\/\/www.imakeyousmile.se\/wp-content\/uploads\/2014\/09\/IMG_5136_111.jpg\"><img loading=\"lazy\" decoding=\"async\" class=\"alignnone size-full wp-image-17716\" src=\"http:\/\/www.imakeyousmile.se\/wp-content\/uploads\/2014\/09\/IMG_5136_111.jpg\" alt=\"IMG_5136_111\" width=\"3594\" height=\"2904\" srcset=\"https:\/\/www.imakeyousmile.se\/wp-content\/uploads\/2014\/09\/IMG_5136_111.jpg 2560w, https:\/\/www.imakeyousmile.se\/wp-content\/uploads\/2014\/09\/IMG_5136_111-300x242.jpg 300w, https:\/\/www.imakeyousmile.se\/wp-content\/uploads\/2014\/09\/IMG_5136_111-1024x827.jpg 1024w, https:\/\/www.imakeyousmile.se\/wp-content\/uploads\/2014\/09\/IMG_5136_111-700x565.jpg 700w, https:\/\/www.imakeyousmile.se\/wp-content\/uploads\/2014\/09\/IMG_5136_111-441x357.jpg 441w, https:\/\/www.imakeyousmile.se\/wp-content\/uploads\/2014\/09\/IMG_5136_111-597x483.jpg 597w\" sizes=\"(max-width: 3594px) 100vw, 3594px\" \/><\/a><\/p>\n<p>Tambi\u00e9n obtuvimos un pastel de bienvenida s\u00faper dulce que estaba en cada lugar. Me hubiera encantado si el pl\u00e1stico no me hubiera cortado en papel (<em>No lo hab\u00eda visto cuando tom\u00e9 la foto, as\u00ed que debajo del punto blanco hay una herida abierta que not\u00e9 al rato jaja)<\/em> y como me siento mal por la sangre, no pude comer el buen s\u00e1ndwich de huevo que acabo de comer. \u00a1Adivina si ten\u00eda hambre cuando llegu\u00e9 a casa a las 3 de la tarde y no hab\u00eda comido nada! Trat\u00e9 de saturarme con este pastel en el autob\u00fas de regreso a casa, pero fue una fase tan repugnante ...<\/p>\n<p><a href=\"http:\/\/www.imakeyousmile.se\/wp-content\/uploads\/2014\/09\/eleven-revlon.jpg\"><img loading=\"lazy\" decoding=\"async\" class=\"alignnone size-full wp-image-17715\" src=\"http:\/\/www.imakeyousmile.se\/wp-content\/uploads\/2014\/09\/eleven-revlon.jpg\" alt=\"once revlon\" width=\"1624\" height=\"640\" srcset=\"https:\/\/www.imakeyousmile.se\/wp-content\/uploads\/2014\/09\/eleven-revlon.jpg 1624w, https:\/\/www.imakeyousmile.se\/wp-content\/uploads\/2014\/09\/eleven-revlon-300x118.jpg 300w, https:\/\/www.imakeyousmile.se\/wp-content\/uploads\/2014\/09\/eleven-revlon-1024x403.jpg 1024w, https:\/\/www.imakeyousmile.se\/wp-content\/uploads\/2014\/09\/eleven-revlon-700x275.jpg 700w, https:\/\/www.imakeyousmile.se\/wp-content\/uploads\/2014\/09\/eleven-revlon-905x357.jpg 905w, https:\/\/www.imakeyousmile.se\/wp-content\/uploads\/2014\/09\/eleven-revlon-1225x483.jpg 1225w\" sizes=\"(max-width: 1624px) 100vw, 1624px\" \/><\/a><\/p>\n<p>Pero a pesar de que no disfrut\u00e9 del desayuno, disfrut\u00e9 de todo el maquillaje, la charla sobre el maquillaje y todos los nerds de la belleza que me rodean :) En las fotos, ves mi tela despu\u00e9s de probar los l\u00e1pices labiales de Revlon y el resaltador de Revlon en acci\u00f3n: ser\u00e1 s\u00faper emocionante probarlo. !<\/p>\n<p>Recibimos muchos productos en la bolsa de regalos sobre los que recibir\u00e1s rese\u00f1as en breve:<\/p>\n<p><a href=\"http:\/\/www.imakeyousmile.se\/wp-content\/uploads\/2014\/09\/IMG_5172_111.jpg\"><img loading=\"lazy\" decoding=\"async\" class=\"alignnone size-full wp-image-17717\" src=\"http:\/\/www.imakeyousmile.se\/wp-content\/uploads\/2014\/09\/IMG_5172_111.jpg\" alt=\"IMG_5172_111\" width=\"3564\" height=\"2736\" srcset=\"https:\/\/www.imakeyousmile.se\/wp-content\/uploads\/2014\/09\/IMG_5172_111.jpg 2560w, https:\/\/www.imakeyousmile.se\/wp-content\/uploads\/2014\/09\/IMG_5172_111-300x230.jpg 300w, https:\/\/www.imakeyousmile.se\/wp-content\/uploads\/2014\/09\/IMG_5172_111-1024x786.jpg 1024w, https:\/\/www.imakeyousmile.se\/wp-content\/uploads\/2014\/09\/IMG_5172_111-700x537.jpg 700w, https:\/\/www.imakeyousmile.se\/wp-content\/uploads\/2014\/09\/IMG_5172_111-465x357.jpg 465w, https:\/\/www.imakeyousmile.se\/wp-content\/uploads\/2014\/09\/IMG_5172_111-629x483.jpg 629w\" sizes=\"(max-width: 3564px) 100vw, 3564px\" \/><\/a><a href=\"http:\/\/www.imakeyousmile.se\/wp-content\/uploads\/2014\/09\/IMG_5184_111.jpg\"><img loading=\"lazy\" decoding=\"async\" class=\"alignnone size-full wp-image-17718\" src=\"http:\/\/www.imakeyousmile.se\/wp-content\/uploads\/2014\/09\/IMG_5184_111.jpg\" alt=\"IMG_5184_111\" width=\"3858\" height=\"2328\" srcset=\"https:\/\/www.imakeyousmile.se\/wp-content\/uploads\/2014\/09\/IMG_5184_111.jpg 2560w, https:\/\/www.imakeyousmile.se\/wp-content\/uploads\/2014\/09\/IMG_5184_111-300x181.jpg 300w, https:\/\/www.imakeyousmile.se\/wp-content\/uploads\/2014\/09\/IMG_5184_111-1024x617.jpg 1024w, https:\/\/www.imakeyousmile.se\/wp-content\/uploads\/2014\/09\/IMG_5184_111-700x422.jpg 700w, https:\/\/www.imakeyousmile.se\/wp-content\/uploads\/2014\/09\/IMG_5184_111-591x357.jpg 591w, https:\/\/www.imakeyousmile.se\/wp-content\/uploads\/2014\/09\/IMG_5184_111-800x483.jpg 800w\" sizes=\"(max-width: 3858px) 100vw, 3858px\" \/><\/a> <a href=\"http:\/\/www.imakeyousmile.se\/wp-content\/uploads\/2014\/09\/IMG_5196_111.jpg\"><img loading=\"lazy\" decoding=\"async\" class=\"alignnone size-full wp-image-17719\" src=\"http:\/\/www.imakeyousmile.se\/wp-content\/uploads\/2014\/09\/IMG_5196_111.jpg\" alt=\"IMG_5196_111\" width=\"3690\" height=\"2541\" srcset=\"https:\/\/www.imakeyousmile.se\/wp-content\/uploads\/2014\/09\/IMG_5196_111.jpg 2560w, https:\/\/www.imakeyousmile.se\/wp-content\/uploads\/2014\/09\/IMG_5196_111-300x206.jpg 300w, https:\/\/www.imakeyousmile.se\/wp-content\/uploads\/2014\/09\/IMG_5196_111-1024x705.jpg 1024w, https:\/\/www.imakeyousmile.se\/wp-content\/uploads\/2014\/09\/IMG_5196_111-700x482.jpg 700w, https:\/\/www.imakeyousmile.se\/wp-content\/uploads\/2014\/09\/IMG_5196_111-518x357.jpg 518w, https:\/\/www.imakeyousmile.se\/wp-content\/uploads\/2014\/09\/IMG_5196_111-701x483.jpg 701w\" sizes=\"(max-width: 3690px) 100vw, 3690px\" \/><\/a><\/p>\n<p>No es una pena ser una bloguera de belleza;)<\/p>\n<p>Despu\u00e9s de este evento, estuve en una reuni\u00f3n antes de volver a casa. \u00a1La reuni\u00f3n fue bien y pronto habr\u00e1 algunos cambios aqu\u00ed en el blog!<\/p>\n<p>Ahora me maquillar\u00e9 y luego ir\u00e9 a Uppsala donde tengo un trabajo de maquillaje esperando, cu\u00e9ntame m\u00e1s sobre eso cuando termine :)<\/p>\n<p><strong>\u00a1Los abrazos son!<\/strong><\/p>","protected":false},"excerpt":{"rendered":"<p>Ig\u00e5r startade jag dagen med pressfrukost i Elevens butik i Stockholm. Eleven.se\u00a0lanserar n\u00e4mligen det popul\u00e4ra sminkm\u00e4rket Revlon i oktober, s\u00e5 vi fick testa lite av produkterna och veta mer om m\u00e4rket! Hade jag sovit i Gimo s\u00e5 hade jag \u00e5kt hemifr\u00e5n med 6-bussen f\u00f6r att vara p\u00e5 plats klockan 9 d\u00e5 eventet b\u00f6rjade. Men\u00a0nu vaknade [&hellip;]<\/p>\n","protected":false},"author":30,"featured_media":17717,"comment_status":"open","ping_status":"closed","sticky":false,"template":"","format":"standard","meta":{"footnotes":""},"categories":[3],"tags":[],"class_list":["post-17714","post","type-post","status-publish","format-standard","has-post-thumbnail","hentry","category-allmant"],"yoast_head":"<!-- This site is optimized with the Yoast SEO Premium plugin v14.9 - https:\/\/yoast.com\/wordpress\/plugins\/seo\/ -->\n<meta name=\"description\" content=\"Revlon hos Eleven.se - Pressevent &amp; Pressprover | Helena Amiley - H\u00e4r hittar du senaste infromation om sk\u00f6nhet, livsstil, entrepren\u00f6rskap, makeup &amp; tips.\" \/>\n<meta name=\"robots\" content=\"index, follow, max-snippet:-1, max-image-preview:large, max-video-preview:-1\" \/>\n<link rel=\"canonical\" href=\"https:\/\/www.imakeyousmile.se\/es\/revlon-hos-eleven-se\/\" \/>\n<meta property=\"og:locale\" content=\"es_ES\" \/>\n<meta property=\"og:type\" content=\"article\" \/>\n<meta property=\"og:title\" content=\"Revlon hos Eleven.se - Pressevent &amp; Pressprover | Imakeyousmile.se\" \/>\n<meta property=\"og:description\" content=\"Revlon hos Eleven.se - Pressevent &amp; Pressprover | Helena Amiley - H\u00e4r hittar du senaste infromation om sk\u00f6nhet, livsstil, entrepren\u00f6rskap, makeup &amp; tips.\" \/>\n<meta property=\"og:url\" content=\"https:\/\/www.imakeyousmile.se\/es\/revlon-hos-eleven-se\/\" \/>\n<meta property=\"og:site_name\" content=\"Imakeyousmile.se\" \/>\n<meta property=\"article:author\" content=\"https:\/\/www.facebook.com\/imakeyousmile.se\" \/>\n<meta property=\"article:published_time\" content=\"2014-09-27T09:20:53+00:00\" \/>\n<meta property=\"article:modified_time\" content=\"2021-10-05T08:12:53+00:00\" \/>\n<meta property=\"og:image\" content=\"https:\/\/www.imakeyousmile.se\/wp-content\/uploads\/2014\/09\/IMG_5172_111.jpg\" \/>\n\t<meta property=\"og:image:width\" content=\"2560\" \/>\n\t<meta property=\"og:image:height\" content=\"1965\" \/>\n<meta name=\"twitter:card\" content=\"summary_large_image\" \/>\n<script type=\"application\/ld+json\" class=\"yoast-schema-graph\">{\"@context\":\"https:\/\/schema.org\",\"@graph\":[{\"@type\":\"Organization\",\"@id\":\"https:\/\/www.imakeyousmile.se\/es\/#organization\",\"name\":\"Imakeyousmile\",\"url\":\"https:\/\/www.imakeyousmile.se\/es\/\",\"sameAs\":[],\"logo\":{\"@type\":\"ImageObject\",\"@id\":\"https:\/\/www.imakeyousmile.se\/es\/#logo\",\"inLanguage\":\"es\",\"url\":\"https:\/\/www.imakeyousmile.se\/wp-content\/uploads\/2020\/10\/HELENA-AMILEY_SVART-1-e1603367975324.png\",\"width\":280,\"height\":93,\"caption\":\"Imakeyousmile\"},\"image\":{\"@id\":\"https:\/\/www.imakeyousmile.se\/es\/#logo\"}},{\"@type\":\"WebSite\",\"@id\":\"https:\/\/www.imakeyousmile.se\/es\/#website\",\"url\":\"https:\/\/www.imakeyousmile.se\/es\/\",\"name\":\"Imakeyousmile.se\",\"description\":\"Helena Amiley - Beauty, Entrepreneur, Lifestyle\",\"publisher\":{\"@id\":\"https:\/\/www.imakeyousmile.se\/es\/#organization\"},\"potentialAction\":[{\"@type\":\"SearchAction\",\"target\":\"https:\/\/www.imakeyousmile.se\/es\/?s={search_term_string}\",\"query-input\":\"required name=search_term_string\"}],\"inLanguage\":\"es\"},{\"@type\":\"ImageObject\",\"@id\":\"https:\/\/www.imakeyousmile.se\/revlon-hos-eleven-se\/#primaryimage\",\"inLanguage\":\"es\",\"url\":\"https:\/\/www.imakeyousmile.se\/wp-content\/uploads\/2014\/09\/IMG_5172_111.jpg\",\"width\":2560,\"height\":1965},{\"@type\":\"WebPage\",\"@id\":\"https:\/\/www.imakeyousmile.se\/revlon-hos-eleven-se\/#webpage\",\"url\":\"https:\/\/www.imakeyousmile.se\/revlon-hos-eleven-se\/\",\"name\":\"Revlon hos Eleven.se - Pressevent & Pressprover | Imakeyousmile.se\",\"isPartOf\":{\"@id\":\"https:\/\/www.imakeyousmile.se\/es\/#website\"},\"primaryImageOfPage\":{\"@id\":\"https:\/\/www.imakeyousmile.se\/revlon-hos-eleven-se\/#primaryimage\"},\"datePublished\":\"2014-09-27T09:20:53+00:00\",\"dateModified\":\"2021-10-05T08:12:53+00:00\",\"description\":\"Revlon hos Eleven.se - Pressevent & Pressprover | Helena Amiley - H\\u00e4r hittar du senaste infromation om sk\\u00f6nhet, livsstil, entrepren\\u00f6rskap, makeup & tips.\",\"inLanguage\":\"es\",\"potentialAction\":[{\"@type\":\"ReadAction\",\"target\":[\"https:\/\/www.imakeyousmile.se\/revlon-hos-eleven-se\/\"]}]},{\"@type\":\"Article\",\"@id\":\"https:\/\/www.imakeyousmile.se\/revlon-hos-eleven-se\/#article\",\"isPartOf\":{\"@id\":\"https:\/\/www.imakeyousmile.se\/revlon-hos-eleven-se\/#webpage\"},\"author\":{\"@id\":\"https:\/\/www.imakeyousmile.se\/es\/#\/schema\/person\/b0fd43b1c6bb1c60cfd68bff9b4a10fb\"},\"headline\":\"Revlon hos Eleven.se &#8211; Pressevent &#038; Pressprover\",\"datePublished\":\"2014-09-27T09:20:53+00:00\",\"dateModified\":\"2021-10-05T08:12:53+00:00\",\"mainEntityOfPage\":{\"@id\":\"https:\/\/www.imakeyousmile.se\/revlon-hos-eleven-se\/#webpage\"},\"commentCount\":1,\"publisher\":{\"@id\":\"https:\/\/www.imakeyousmile.se\/es\/#organization\"},\"image\":{\"@id\":\"https:\/\/www.imakeyousmile.se\/revlon-hos-eleven-se\/#primaryimage\"},\"articleSection\":\"\\u00d6vrigt\",\"inLanguage\":\"es\",\"potentialAction\":[{\"@type\":\"CommentAction\",\"name\":\"Comment\",\"target\":[\"https:\/\/www.imakeyousmile.se\/revlon-hos-eleven-se\/#respond\"]}]},{\"@type\":\"Person\",\"@id\":\"https:\/\/www.imakeyousmile.se\/es\/#\/schema\/person\/b0fd43b1c6bb1c60cfd68bff9b4a10fb\",\"name\":\"Helena Amiley\",\"image\":{\"@type\":\"ImageObject\",\"@id\":\"https:\/\/www.imakeyousmile.se\/es\/#personlogo\",\"inLanguage\":\"es\",\"url\":\"https:\/\/secure.gravatar.com\/avatar\/5645558e1e355457a23368d7e1b4c904?s=96&d=mm&r=g\",\"caption\":\"Helena Amiley\"},\"description\":\"Jag skriver mest om sk\\u00f6nhet men bjuder \\u00e4ven p\\u00e5 glimtar fr\\u00e5n entrepren\\u00f6rlivet och bygget av v\\u00e5r egen camper van. Vanlife here we come!\",\"sameAs\":[\"https:\/\/www.facebook.com\/imakeyousmile.se\",\"https:\/\/www.instagram.com\/helenaamiley\",\"https:\/\/www.youtube.com\/channel\/UCR5iB6rvpV6Yr8ZjpQfr5mg?view_as=subscriber\"]}]}<\/script>\n<!-- \/ Yoast SEO Premium plugin. -->","_links":{"self":[{"href":"https:\/\/www.imakeyousmile.se\/es\/wp-json\/wp\/v2\/posts\/17714"}],"collection":[{"href":"https:\/\/www.imakeyousmile.se\/es\/wp-json\/wp\/v2\/posts"}],"about":[{"href":"https:\/\/www.imakeyousmile.se\/es\/wp-json\/wp\/v2\/types\/post"}],"author":[{"embeddable":true,"href":"https:\/\/www.imakeyousmile.se\/es\/wp-json\/wp\/v2\/users\/30"}],"replies":[{"embeddable":true,"href":"https:\/\/www.imakeyousmile.se\/es\/wp-json\/wp\/v2\/comments?post=17714"}],"version-history":[{"count":5,"href":"https:\/\/www.imakeyousmile.se\/es\/wp-json\/wp\/v2\/posts\/17714\/revisions"}],"predecessor-version":[{"id":41666,"href":"https:\/\/www.imakeyousmile.se\/es\/wp-json\/wp\/v2\/posts\/17714\/revisions\/41666"}],"wp:featuredmedia":[{"embeddable":true,"href":"https:\/\/www.imakeyousmile.se\/es\/wp-json\/wp\/v2\/media\/17717"}],"wp:attachment":[{"href":"https:\/\/www.imakeyousmile.se\/es\/wp-json\/wp\/v2\/media?parent=17714"}],"wp:term":[{"taxonomy":"category","embeddable":true,"href":"https:\/\/www.imakeyousmile.se\/es\/wp-json\/wp\/v2\/categories?post=17714"},{"taxonomy":"post_tag","embeddable":true,"href":"https:\/\/www.imakeyousmile.se\/es\/wp-json\/wp\/v2\/tags?post=17714"}],"curies":[{"name":"wp","href":"https:\/\/api.w.org\/{rel}","templated":true}]}}