{"id":17768,"date":"2014-09-29T19:19:22","date_gmt":"2014-09-29T17:19:22","guid":{"rendered":"http:\/\/www.imakeyousmile.se\/?p=17768"},"modified":"2014-09-29T19:19:22","modified_gmt":"2014-09-29T17:19:22","slug":"klippa-ogonbrynen","status":"publish","type":"post","link":"https:\/\/www.imakeyousmile.se\/es\/la-ceja-del-acantilado\/","title":{"rendered":"Corta las cejas"},"content":{"rendered":"<p>Si tienes las cejas muy largas, pueden despeinarse durante el d\u00eda y volverse locas, y aunque hay muchos productos para mantener las cejas en su lugar, \u00a1lo mejor es cortarlas un poco tambi\u00e9n!<\/p>\n<p>En algunas cejas basta con cortarlas y luego no se necesitan productos fijadores de cejas para que permanezcan quietas todo el d\u00eda. En otras cejas, es posible que se requieran ambas partes.<\/p>\n<p>Frida tiene las cejas extremadamente largas y tiene exactamente el problema que describ\u00ed anteriormente, aunque usa buenos arreglos de cejas para mantenerlas en su lugar. Ella tiene mucho miedo de las tijeras, as\u00ed que no se me permiti\u00f3 cortar tanto como quer\u00eda, pero a\u00fan as\u00ed pens\u00e9 en mostrarte c\u00f3mo lo hice :)<\/p>\n<p><a href=\"http:\/\/www.imakeyousmile.se\/wp-content\/uploads\/2014\/09\/IMG_5318.jpg\"><img loading=\"lazy\" decoding=\"async\" class=\"alignnone size-full wp-image-17770\" src=\"http:\/\/www.imakeyousmile.se\/wp-content\/uploads\/2014\/09\/IMG_5318.jpg\" alt=\"IMG_5318\" width=\"1666\" height=\"688\" srcset=\"https:\/\/www.imakeyousmile.se\/wp-content\/uploads\/2014\/09\/IMG_5318.jpg 1666w, https:\/\/www.imakeyousmile.se\/wp-content\/uploads\/2014\/09\/IMG_5318-300x123.jpg 300w, https:\/\/www.imakeyousmile.se\/wp-content\/uploads\/2014\/09\/IMG_5318-1024x422.jpg 1024w, https:\/\/www.imakeyousmile.se\/wp-content\/uploads\/2014\/09\/IMG_5318-700x289.jpg 700w, https:\/\/www.imakeyousmile.se\/wp-content\/uploads\/2014\/09\/IMG_5318-864x357.jpg 864w, https:\/\/www.imakeyousmile.se\/wp-content\/uploads\/2014\/09\/IMG_5318-1169x483.jpg 1169w\" sizes=\"(max-width: 1666px) 100vw, 1666px\" \/><\/a><\/p>\n<p>As\u00ed es como se ve la frente cuando cepilla las pajitas hacia abajo, \u00bfve que las pajitas son livianas en la parte superior y bajan casi hasta la l\u00ednea del globo? No es extra\u00f1o que las cejas no se mantengan en su sitio, est\u00e1 casi al lado de ellas por lo que aletean cuando sopla;)<\/p>\n<p>&quot;Se siente como si tuviera flequillo&quot; dijo Frida cuando me los cepill\u00e9 \u00a1jajaja!<\/p>\n<p>(Es bueno cuando tu mejor amigo est\u00e1 sentado en la silla de maquillaje, luego puedes bromear un poco m\u00e1s, jeje)<\/p>\n<p><a href=\"http:\/\/www.imakeyousmile.se\/wp-content\/uploads\/2014\/09\/klippa-\u00f6gonbrynen.jpg\"><img loading=\"lazy\" decoding=\"async\" class=\"alignnone size-full wp-image-17769\" src=\"http:\/\/www.imakeyousmile.se\/wp-content\/uploads\/2014\/09\/klippa-\u00f6gonbrynen.jpg\" alt=\"cejas cortadas\" width=\"3480\" height=\"1480\" srcset=\"https:\/\/www.imakeyousmile.se\/wp-content\/uploads\/2014\/09\/klippa-\u00f6gonbrynen.jpg 2560w, https:\/\/www.imakeyousmile.se\/wp-content\/uploads\/2014\/09\/klippa-\u00f6gonbrynen-300x127.jpg 300w, https:\/\/www.imakeyousmile.se\/wp-content\/uploads\/2014\/09\/klippa-\u00f6gonbrynen-1024x435.jpg 1024w, https:\/\/www.imakeyousmile.se\/wp-content\/uploads\/2014\/09\/klippa-\u00f6gonbrynen-700x297.jpg 700w, https:\/\/www.imakeyousmile.se\/wp-content\/uploads\/2014\/09\/klippa-\u00f6gonbrynen-839x357.jpg 839w, https:\/\/www.imakeyousmile.se\/wp-content\/uploads\/2014\/09\/klippa-\u00f6gonbrynen-1135x483.jpg 1135w\" sizes=\"(max-width: 3480px) 100vw, 3480px\" \/><\/a><\/p>\n<p>Imagen no. 1 y no. 2 es antes y despu\u00e9s. No hay diferencia en absoluto, \u00a1la \u00fanica diferencia es que ella ya no tendr\u00e1 el mismo problema! En la imagen 3 ves que los he cortado, y ahora son tan cortos que los he cepillado tanto como puedo.<\/p>\n<p>Si estas hubieran sido mis cejas, las habr\u00eda cortado un poco m\u00e1s desde la parte inferior, y luego las habr\u00eda cepillado y cortado desde la parte superior tambi\u00e9n. Pero si quieres estar seguro, \u00a1basta con cortar como hice con Frida!<\/p>\n<p>\u00a1Espero que la publicaci\u00f3n haya sido \u00fatil!<br \/>\nLos abrazos son :)<\/p>","protected":false},"excerpt":{"rendered":"<p>Har man v\u00e4ldigt l\u00e5nga \u00f6gonbryn s\u00e5 kan dom rufsa till sig under dagen och l\u00e4gga sig tokigt, och \u00e4ven fast det finns m\u00e5nga produkter f\u00f6r att h\u00e5lla brynen p\u00e5 plats s\u00e5 \u00e4r det b\u00e4sta att klippa till dom litegrann ocks\u00e5! P\u00e5 vissa bryn r\u00e4cker det med att klippa och d\u00e5 beh\u00f6ver man inga bryn-fix-produkter f\u00f6r [&hellip;]<\/p>\n","protected":false},"author":30,"featured_media":17770,"comment_status":"open","ping_status":"closed","sticky":false,"template":"","format":"standard","meta":{"footnotes":""},"categories":[12],"tags":[],"class_list":["post-17768","post","type-post","status-publish","format-standard","has-post-thumbnail","hentry","category-ogonbryn"],"yoast_head":"<!-- This site is optimized with the Yoast SEO Premium plugin v14.9 - https:\/\/yoast.com\/wordpress\/plugins\/seo\/ -->\n<meta name=\"description\" content=\"Klippa \u00f6gonbrynen | Helena Amiley - H\u00e4r hittar du senaste infromation om sk\u00f6nhet, livsstil, entrepren\u00f6rskap, makeup &amp; tips.\" \/>\n<meta name=\"robots\" content=\"index, follow, max-snippet:-1, max-image-preview:large, max-video-preview:-1\" \/>\n<link rel=\"canonical\" href=\"https:\/\/www.imakeyousmile.se\/es\/klippa-ogonbrynen\/\" \/>\n<meta property=\"og:locale\" content=\"es_ES\" \/>\n<meta property=\"og:type\" content=\"article\" \/>\n<meta property=\"og:title\" content=\"Klippa \u00f6gonbrynen | Imakeyousmile.se\" \/>\n<meta property=\"og:description\" content=\"Klippa \u00f6gonbrynen | Helena Amiley - H\u00e4r hittar du senaste infromation om sk\u00f6nhet, livsstil, entrepren\u00f6rskap, makeup &amp; tips.\" \/>\n<meta property=\"og:url\" content=\"https:\/\/www.imakeyousmile.se\/es\/klippa-ogonbrynen\/\" \/>\n<meta property=\"og:site_name\" content=\"Imakeyousmile.se\" \/>\n<meta property=\"article:author\" content=\"https:\/\/www.facebook.com\/imakeyousmile.se\" \/>\n<meta property=\"article:published_time\" content=\"2014-09-29T17:19:22+00:00\" \/>\n<meta property=\"og:image\" content=\"https:\/\/www.imakeyousmile.se\/wp-content\/uploads\/2014\/09\/IMG_5318.jpg\" \/>\n\t<meta property=\"og:image:width\" content=\"1666\" \/>\n\t<meta property=\"og:image:height\" content=\"688\" \/>\n<meta name=\"twitter:card\" content=\"summary_large_image\" \/>\n<script type=\"application\/ld+json\" class=\"yoast-schema-graph\">{\"@context\":\"https:\/\/schema.org\",\"@graph\":[{\"@type\":\"Organization\",\"@id\":\"https:\/\/www.imakeyousmile.se\/es\/#organization\",\"name\":\"Imakeyousmile\",\"url\":\"https:\/\/www.imakeyousmile.se\/es\/\",\"sameAs\":[],\"logo\":{\"@type\":\"ImageObject\",\"@id\":\"https:\/\/www.imakeyousmile.se\/es\/#logo\",\"inLanguage\":\"es\",\"url\":\"https:\/\/www.imakeyousmile.se\/wp-content\/uploads\/2020\/10\/HELENA-AMILEY_SVART-1-e1603367975324.png\",\"width\":280,\"height\":93,\"caption\":\"Imakeyousmile\"},\"image\":{\"@id\":\"https:\/\/www.imakeyousmile.se\/es\/#logo\"}},{\"@type\":\"WebSite\",\"@id\":\"https:\/\/www.imakeyousmile.se\/es\/#website\",\"url\":\"https:\/\/www.imakeyousmile.se\/es\/\",\"name\":\"Imakeyousmile.se\",\"description\":\"Helena Amiley - Beauty, Entrepreneur, Lifestyle\",\"publisher\":{\"@id\":\"https:\/\/www.imakeyousmile.se\/es\/#organization\"},\"potentialAction\":[{\"@type\":\"SearchAction\",\"target\":\"https:\/\/www.imakeyousmile.se\/es\/?s={search_term_string}\",\"query-input\":\"required name=search_term_string\"}],\"inLanguage\":\"es\"},{\"@type\":\"ImageObject\",\"@id\":\"https:\/\/www.imakeyousmile.se\/klippa-ogonbrynen\/#primaryimage\",\"inLanguage\":\"es\",\"url\":\"https:\/\/www.imakeyousmile.se\/wp-content\/uploads\/2014\/09\/IMG_5318.jpg\",\"width\":1666,\"height\":688},{\"@type\":\"WebPage\",\"@id\":\"https:\/\/www.imakeyousmile.se\/klippa-ogonbrynen\/#webpage\",\"url\":\"https:\/\/www.imakeyousmile.se\/klippa-ogonbrynen\/\",\"name\":\"Klippa \\u00f6gonbrynen | Imakeyousmile.se\",\"isPartOf\":{\"@id\":\"https:\/\/www.imakeyousmile.se\/es\/#website\"},\"primaryImageOfPage\":{\"@id\":\"https:\/\/www.imakeyousmile.se\/klippa-ogonbrynen\/#primaryimage\"},\"datePublished\":\"2014-09-29T17:19:22+00:00\",\"dateModified\":\"2014-09-29T17:19:22+00:00\",\"description\":\"Klippa \\u00f6gonbrynen | Helena Amiley - H\\u00e4r hittar du senaste infromation om sk\\u00f6nhet, livsstil, entrepren\\u00f6rskap, makeup & tips.\",\"inLanguage\":\"es\",\"potentialAction\":[{\"@type\":\"ReadAction\",\"target\":[\"https:\/\/www.imakeyousmile.se\/klippa-ogonbrynen\/\"]}]},{\"@type\":\"Article\",\"@id\":\"https:\/\/www.imakeyousmile.se\/klippa-ogonbrynen\/#article\",\"isPartOf\":{\"@id\":\"https:\/\/www.imakeyousmile.se\/klippa-ogonbrynen\/#webpage\"},\"author\":{\"@id\":\"https:\/\/www.imakeyousmile.se\/es\/#\/schema\/person\/b0fd43b1c6bb1c60cfd68bff9b4a10fb\"},\"headline\":\"Klippa \\u00f6gonbrynen\",\"datePublished\":\"2014-09-29T17:19:22+00:00\",\"dateModified\":\"2014-09-29T17:19:22+00:00\",\"mainEntityOfPage\":{\"@id\":\"https:\/\/www.imakeyousmile.se\/klippa-ogonbrynen\/#webpage\"},\"commentCount\":2,\"publisher\":{\"@id\":\"https:\/\/www.imakeyousmile.se\/es\/#organization\"},\"image\":{\"@id\":\"https:\/\/www.imakeyousmile.se\/klippa-ogonbrynen\/#primaryimage\"},\"articleSection\":\"\\u00d6gonbryn\",\"inLanguage\":\"es\",\"potentialAction\":[{\"@type\":\"CommentAction\",\"name\":\"Comment\",\"target\":[\"https:\/\/www.imakeyousmile.se\/klippa-ogonbrynen\/#respond\"]}]},{\"@type\":\"Person\",\"@id\":\"https:\/\/www.imakeyousmile.se\/es\/#\/schema\/person\/b0fd43b1c6bb1c60cfd68bff9b4a10fb\",\"name\":\"Helena Amiley\",\"image\":{\"@type\":\"ImageObject\",\"@id\":\"https:\/\/www.imakeyousmile.se\/es\/#personlogo\",\"inLanguage\":\"es\",\"url\":\"https:\/\/secure.gravatar.com\/avatar\/5645558e1e355457a23368d7e1b4c904?s=96&d=mm&r=g\",\"caption\":\"Helena Amiley\"},\"description\":\"Jag skriver mest om sk\\u00f6nhet men bjuder \\u00e4ven p\\u00e5 glimtar fr\\u00e5n entrepren\\u00f6rlivet och bygget av v\\u00e5r egen camper van. Vanlife here we come!\",\"sameAs\":[\"https:\/\/www.facebook.com\/imakeyousmile.se\",\"https:\/\/www.instagram.com\/helenaamiley\",\"https:\/\/www.youtube.com\/channel\/UCR5iB6rvpV6Yr8ZjpQfr5mg?view_as=subscriber\"]}]}<\/script>\n<!-- \/ Yoast SEO Premium plugin. -->","_links":{"self":[{"href":"https:\/\/www.imakeyousmile.se\/es\/wp-json\/wp\/v2\/posts\/17768"}],"collection":[{"href":"https:\/\/www.imakeyousmile.se\/es\/wp-json\/wp\/v2\/posts"}],"about":[{"href":"https:\/\/www.imakeyousmile.se\/es\/wp-json\/wp\/v2\/types\/post"}],"author":[{"embeddable":true,"href":"https:\/\/www.imakeyousmile.se\/es\/wp-json\/wp\/v2\/users\/30"}],"replies":[{"embeddable":true,"href":"https:\/\/www.imakeyousmile.se\/es\/wp-json\/wp\/v2\/comments?post=17768"}],"version-history":[{"count":4,"href":"https:\/\/www.imakeyousmile.se\/es\/wp-json\/wp\/v2\/posts\/17768\/revisions"}],"predecessor-version":[{"id":17774,"href":"https:\/\/www.imakeyousmile.se\/es\/wp-json\/wp\/v2\/posts\/17768\/revisions\/17774"}],"wp:featuredmedia":[{"embeddable":true,"href":"https:\/\/www.imakeyousmile.se\/es\/wp-json\/wp\/v2\/media\/17770"}],"wp:attachment":[{"href":"https:\/\/www.imakeyousmile.se\/es\/wp-json\/wp\/v2\/media?parent=17768"}],"wp:term":[{"taxonomy":"category","embeddable":true,"href":"https:\/\/www.imakeyousmile.se\/es\/wp-json\/wp\/v2\/categories?post=17768"},{"taxonomy":"post_tag","embeddable":true,"href":"https:\/\/www.imakeyousmile.se\/es\/wp-json\/wp\/v2\/tags?post=17768"}],"curies":[{"name":"wp","href":"https:\/\/api.w.org\/{rel}","templated":true}]}}