{"id":17856,"date":"2014-10-02T17:20:55","date_gmt":"2014-10-02T15:20:55","guid":{"rendered":"http:\/\/www.imakeyousmile.se\/?p=17856"},"modified":"2014-10-02T13:50:21","modified_gmt":"2014-10-02T11:50:21","slug":"ogonbrynstatuering-fore-efter","status":"publish","type":"post","link":"https:\/\/www.imakeyousmile.se\/es\/y-tatuaje-en-la-frente-antes-despues\/","title":{"rendered":"Tatuaje de cejas antes y despu\u00e9s"},"content":{"rendered":"<p>Como sabes, hace unas semanas hice maquillaje permanente en las cejas, en Annika&#039;s <a href=\"http:\/\/creativemakeup.se\/\" target=\"_blank\">Maquillaje creativo<\/a> en Upsala. Luego pudiste ver fotos de c\u00f3mo se ve\u00eda cuando estaban reci\u00e9n hechas, y ahora he fotografiado c\u00f3mo se ven las cejas ahora que tambi\u00e9n se han curado :)<\/p>\n<p>Hice la \u00faltima visita de regreso hace 1 semana, as\u00ed que ahora est\u00e1n completamente listos, \u00a1y estoy s\u00faper feliz!<\/p>\n<p><a href=\"http:\/\/www.imakeyousmile.se\/wp-content\/uploads\/2014\/10\/IMG_6290.jpg\"><img loading=\"lazy\" decoding=\"async\" class=\"alignnone size-full wp-image-17859\" src=\"http:\/\/www.imakeyousmile.se\/wp-content\/uploads\/2014\/10\/IMG_6290.jpg\" alt=\"IMG_6290\" width=\"1462\" height=\"842\" srcset=\"https:\/\/www.imakeyousmile.se\/wp-content\/uploads\/2014\/10\/IMG_6290.jpg 1462w, https:\/\/www.imakeyousmile.se\/wp-content\/uploads\/2014\/10\/IMG_6290-300x172.jpg 300w, https:\/\/www.imakeyousmile.se\/wp-content\/uploads\/2014\/10\/IMG_6290-1024x589.jpg 1024w, https:\/\/www.imakeyousmile.se\/wp-content\/uploads\/2014\/10\/IMG_6290-700x403.jpg 700w, https:\/\/www.imakeyousmile.se\/wp-content\/uploads\/2014\/10\/IMG_6290-619x357.jpg 619w, https:\/\/www.imakeyousmile.se\/wp-content\/uploads\/2014\/10\/IMG_6290-838x483.jpg 838w\" sizes=\"(max-width: 1462px) 100vw, 1462px\" \/><\/a><\/p>\n<p>Fina va? Se ve muy natural a pesar de que tienen tan buena forma :) Tengo estas bonitas cejas las 24 horas del d\u00eda, los 7 d\u00edas de la semana, \u00a1perfectas para m\u00ed, que tengo unas pajitas tan escasas y dif\u00edciles de trabajar naturalmente!<\/p>\n<p><a href=\"http:\/\/www.imakeyousmile.se\/wp-content\/uploads\/2014\/10\/f\u00f6re-efter-kosmetisk-tatuering-\u00f6gonbryn.jpg\"><img loading=\"lazy\" decoding=\"async\" class=\"alignnone size-full wp-image-17860\" src=\"http:\/\/www.imakeyousmile.se\/wp-content\/uploads\/2014\/10\/f\u00f6re-efter-kosmetisk-tatuering-\u00f6gonbryn.jpg\" alt=\"antes-despues-cosm\u00e9tico-tatuaje-cejas\" width=\"2908\" height=\"728\" srcset=\"https:\/\/www.imakeyousmile.se\/wp-content\/uploads\/2014\/10\/f\u00f6re-efter-kosmetisk-tatuering-\u00f6gonbryn.jpg 2560w, https:\/\/www.imakeyousmile.se\/wp-content\/uploads\/2014\/10\/f\u00f6re-efter-kosmetisk-tatuering-\u00f6gonbryn-300x75.jpg 300w, https:\/\/www.imakeyousmile.se\/wp-content\/uploads\/2014\/10\/f\u00f6re-efter-kosmetisk-tatuering-\u00f6gonbryn-1024x256.jpg 1024w, https:\/\/www.imakeyousmile.se\/wp-content\/uploads\/2014\/10\/f\u00f6re-efter-kosmetisk-tatuering-\u00f6gonbryn-700x175.jpg 700w, https:\/\/www.imakeyousmile.se\/wp-content\/uploads\/2014\/10\/f\u00f6re-efter-kosmetisk-tatuering-\u00f6gonbryn-1426x357.jpg 1426w, https:\/\/www.imakeyousmile.se\/wp-content\/uploads\/2014\/10\/f\u00f6re-efter-kosmetisk-tatuering-\u00f6gonbryn-1929x483.jpg 1929w\" sizes=\"(max-width: 2908px) 100vw, 2908px\" \/><\/a><\/p>\n<p>As\u00ed que aqu\u00ed est\u00e1 el antes y el despu\u00e9s, aunque me he tatuado las cejas antes para que no est\u00e9n completamente desnudas en la foto del antes, \u00a1pero se han desvanecido mucho! Ahora tambi\u00e9n los hice un poco m\u00e1s anchos.<\/p>\n<p><a href=\"http:\/\/www.imakeyousmile.se\/wp-content\/uploads\/2014\/10\/tatuera-\u00f6gonbrynen-efter-l\u00e4kning.jpg\"><img loading=\"lazy\" decoding=\"async\" class=\"alignnone size-full wp-image-17858\" src=\"http:\/\/www.imakeyousmile.se\/wp-content\/uploads\/2014\/10\/tatuera-\u00f6gonbrynen-efter-l\u00e4kning.jpg\" alt=\"tatuaje-cejas-despues de la curacion\" width=\"2960\" height=\"836\" srcset=\"https:\/\/www.imakeyousmile.se\/wp-content\/uploads\/2014\/10\/tatuera-\u00f6gonbrynen-efter-l\u00e4kning.jpg 2560w, https:\/\/www.imakeyousmile.se\/wp-content\/uploads\/2014\/10\/tatuera-\u00f6gonbrynen-efter-l\u00e4kning-300x84.jpg 300w, https:\/\/www.imakeyousmile.se\/wp-content\/uploads\/2014\/10\/tatuera-\u00f6gonbrynen-efter-l\u00e4kning-1024x289.jpg 1024w, https:\/\/www.imakeyousmile.se\/wp-content\/uploads\/2014\/10\/tatuera-\u00f6gonbrynen-efter-l\u00e4kning-700x197.jpg 700w, https:\/\/www.imakeyousmile.se\/wp-content\/uploads\/2014\/10\/tatuera-\u00f6gonbrynen-efter-l\u00e4kning-1264x357.jpg 1264w, https:\/\/www.imakeyousmile.se\/wp-content\/uploads\/2014\/10\/tatuera-\u00f6gonbrynen-efter-l\u00e4kning-1710x483.jpg 1710w\" sizes=\"(max-width: 2960px) 100vw, 2960px\" \/><\/a><\/p>\n<p>Aqu\u00ed puede ver inmediatamente despu\u00e9s de que los tatu\u00e9, y c\u00f3mo se ven hoy despu\u00e9s de una nueva visita y curaci\u00f3n. No como &quot;punteado&quot; :)<\/p>\n<p><a href=\"http:\/\/www.imakeyousmile.se\/wp-content\/uploads\/2014\/10\/permanent-makuep-\u00f6gonbryn-f\u00f6re-och-efter.jpg\"><img loading=\"lazy\" decoding=\"async\" class=\"alignnone size-full wp-image-17857\" src=\"http:\/\/www.imakeyousmile.se\/wp-content\/uploads\/2014\/10\/permanent-makuep-\u00f6gonbryn-f\u00f6re-och-efter.jpg\" alt=\"permanente-makuep-cejas-antes-y-despues\" width=\"3060\" height=\"760\" srcset=\"https:\/\/www.imakeyousmile.se\/wp-content\/uploads\/2014\/10\/permanent-makuep-\u00f6gonbryn-f\u00f6re-och-efter.jpg 2560w, https:\/\/www.imakeyousmile.se\/wp-content\/uploads\/2014\/10\/permanent-makuep-\u00f6gonbryn-f\u00f6re-och-efter-300x74.jpg 300w, https:\/\/www.imakeyousmile.se\/wp-content\/uploads\/2014\/10\/permanent-makuep-\u00f6gonbryn-f\u00f6re-och-efter-1024x254.jpg 1024w, https:\/\/www.imakeyousmile.se\/wp-content\/uploads\/2014\/10\/permanent-makuep-\u00f6gonbryn-f\u00f6re-och-efter-700x173.jpg 700w, https:\/\/www.imakeyousmile.se\/wp-content\/uploads\/2014\/10\/permanent-makuep-\u00f6gonbryn-f\u00f6re-och-efter-1437x357.jpg 1437w, https:\/\/www.imakeyousmile.se\/wp-content\/uploads\/2014\/10\/permanent-makuep-\u00f6gonbryn-f\u00f6re-och-efter-1944x483.jpg 1944w\" sizes=\"(max-width: 3060px) 100vw, 3060px\" \/><\/a><\/p>\n<p>Y aqu\u00ed est\u00e1n las fotos de antes y despu\u00e9s &quot;reales&quot;. La imagen previa es una imagen de flash antigua, pero al menos puedes ver c\u00f3mo se ve\u00edan las cejas por completo antes del tatuaje. Lo s\u00e9, ahora piensas as\u00ed &quot;<em>\u00bf\u00a1\u00bfQu\u00e9 en nombre de la paz ha hecho con sus cejas?!?!?<\/em>\u00a1Y estoy de acuerdo contigo jaja!<\/p>\n<p>En mi defensa, puedo decir que en este momento no me hab\u00eda dado cuenta de lo bueno que es con las tijeras para cejas, y adem\u00e1s, me maquillaba todo el tiempo as\u00ed que solo me importaba c\u00f3mo luc\u00edan las cejas cuando estaban rellenas. Y para poder maquillar la forma que quer\u00eda, tuve que quitarme mucho. Primero me maquill\u00e9 y luego me quit\u00e9 todo lo que estaba fuera de forma, \u00a1una t\u00e9cnica que no recomiendo! Si t\u00fa, como yo, tienes las cejas muy ralas, usa las tijeras con diligencia :)<\/p>\n<p>Y al &quot;final&quot;, antes de tatuarme, en realidad se puso peor de lo habitual, como se ve en la imagen. Hice una pasant\u00eda en Creative Make Up con muchos otros estudiantes y luego nos usamos como modelos de maquillaje. Y no s\u00e9 por qu\u00e9, pero todos escog\u00edan r\u00e1pidamente algunas pajitas cada vez que me maquillaban, as\u00ed que al final ya casi no me quedaba ...<\/p>\n<p><strong>Bueno, \u00a1ahora se ven bien de todos modos! :) \u00bfO qu\u00e9 dices?<\/strong><\/p>","protected":false},"excerpt":{"rendered":"<p>Som ni vet s\u00e5 gjorde jag permanent makeup p\u00e5 \u00f6gonbrynen f\u00f6r n\u00e5gra veckor sedan, hos Annika p\u00e5 Creative Make Up i Uppsala. D\u00e5 fick ni se bilder p\u00e5 hur det s\u00e5g ut n\u00e4r dom var nygjorda, och nu\u00a0har jag fotat hur brynen\u00a0ser ut nu n\u00e4r dom har l\u00e4kt ocks\u00e5 :) Jag gjorde sista \u00e5terbes\u00f6ket f\u00f6r [&hellip;]<\/p>\n","protected":false},"author":30,"featured_media":17859,"comment_status":"open","ping_status":"closed","sticky":false,"template":"","format":"standard","meta":{"footnotes":""},"categories":[12,65,59],"tags":[2824,553,1984,562,1986,2809],"class_list":["post-17856","post","type-post","status-publish","format-standard","has-post-thumbnail","hentry","category-ogonbryn","category-permanent-make-up","category-recensioner-produkttips","tag-3d-tatuering-ogonbryn","tag-annika-soderlund","tag-kosmetisk-tatuering-ogonbryn","tag-permanent-makeup","tag-permanent-makeup-ogonbryn","tag-permanent-makeup-uppsala"],"yoast_head":"<!-- This site is optimized with the Yoast SEO Premium plugin v14.9 - https:\/\/yoast.com\/wordpress\/plugins\/seo\/ -->\n<meta name=\"description\" content=\"\u00d6gonbrynstatuering f\u00f6re &amp; efter | Helena Amiley - H\u00e4r hittar du senaste infromation om sk\u00f6nhet, livsstil, entrepren\u00f6rskap, makeup &amp; tips.\" \/>\n<meta name=\"robots\" content=\"index, follow, max-snippet:-1, max-image-preview:large, max-video-preview:-1\" \/>\n<link rel=\"canonical\" href=\"https:\/\/www.imakeyousmile.se\/es\/ogonbrynstatuering-fore-efter\/\" \/>\n<meta property=\"og:locale\" content=\"es_ES\" \/>\n<meta property=\"og:type\" content=\"article\" \/>\n<meta property=\"og:title\" content=\"\u00d6gonbrynstatuering f\u00f6re &amp; efter | Imakeyousmile.se\" \/>\n<meta property=\"og:description\" content=\"\u00d6gonbrynstatuering f\u00f6re &amp; efter | Helena Amiley - H\u00e4r hittar du senaste infromation om sk\u00f6nhet, livsstil, entrepren\u00f6rskap, makeup &amp; tips.\" \/>\n<meta property=\"og:url\" content=\"https:\/\/www.imakeyousmile.se\/es\/ogonbrynstatuering-fore-efter\/\" \/>\n<meta property=\"og:site_name\" content=\"Imakeyousmile.se\" \/>\n<meta property=\"article:author\" content=\"https:\/\/www.facebook.com\/imakeyousmile.se\" \/>\n<meta property=\"article:published_time\" content=\"2014-10-02T15:20:55+00:00\" \/>\n<meta property=\"article:modified_time\" content=\"2014-10-02T11:50:21+00:00\" \/>\n<meta property=\"og:image\" content=\"https:\/\/www.imakeyousmile.se\/wp-content\/uploads\/2014\/10\/IMG_6290.jpg\" \/>\n\t<meta property=\"og:image:width\" content=\"1462\" \/>\n\t<meta property=\"og:image:height\" content=\"842\" \/>\n<meta name=\"twitter:card\" content=\"summary_large_image\" \/>\n<script type=\"application\/ld+json\" class=\"yoast-schema-graph\">{\"@context\":\"https:\/\/schema.org\",\"@graph\":[{\"@type\":\"Organization\",\"@id\":\"https:\/\/www.imakeyousmile.se\/es\/#organization\",\"name\":\"Imakeyousmile\",\"url\":\"https:\/\/www.imakeyousmile.se\/es\/\",\"sameAs\":[],\"logo\":{\"@type\":\"ImageObject\",\"@id\":\"https:\/\/www.imakeyousmile.se\/es\/#logo\",\"inLanguage\":\"es\",\"url\":\"https:\/\/www.imakeyousmile.se\/wp-content\/uploads\/2020\/10\/HELENA-AMILEY_SVART-1-e1603367975324.png\",\"width\":280,\"height\":93,\"caption\":\"Imakeyousmile\"},\"image\":{\"@id\":\"https:\/\/www.imakeyousmile.se\/es\/#logo\"}},{\"@type\":\"WebSite\",\"@id\":\"https:\/\/www.imakeyousmile.se\/es\/#website\",\"url\":\"https:\/\/www.imakeyousmile.se\/es\/\",\"name\":\"Imakeyousmile.se\",\"description\":\"Helena Amiley - Beauty, Entrepreneur, Lifestyle\",\"publisher\":{\"@id\":\"https:\/\/www.imakeyousmile.se\/es\/#organization\"},\"potentialAction\":[{\"@type\":\"SearchAction\",\"target\":\"https:\/\/www.imakeyousmile.se\/es\/?s={search_term_string}\",\"query-input\":\"required name=search_term_string\"}],\"inLanguage\":\"es\"},{\"@type\":\"ImageObject\",\"@id\":\"https:\/\/www.imakeyousmile.se\/ogonbrynstatuering-fore-efter\/#primaryimage\",\"inLanguage\":\"es\",\"url\":\"https:\/\/www.imakeyousmile.se\/wp-content\/uploads\/2014\/10\/IMG_6290.jpg\",\"width\":1462,\"height\":842},{\"@type\":\"WebPage\",\"@id\":\"https:\/\/www.imakeyousmile.se\/ogonbrynstatuering-fore-efter\/#webpage\",\"url\":\"https:\/\/www.imakeyousmile.se\/ogonbrynstatuering-fore-efter\/\",\"name\":\"\\u00d6gonbrynstatuering f\\u00f6re & efter | Imakeyousmile.se\",\"isPartOf\":{\"@id\":\"https:\/\/www.imakeyousmile.se\/es\/#website\"},\"primaryImageOfPage\":{\"@id\":\"https:\/\/www.imakeyousmile.se\/ogonbrynstatuering-fore-efter\/#primaryimage\"},\"datePublished\":\"2014-10-02T15:20:55+00:00\",\"dateModified\":\"2014-10-02T11:50:21+00:00\",\"description\":\"\\u00d6gonbrynstatuering f\\u00f6re & efter | Helena Amiley - H\\u00e4r hittar du senaste infromation om sk\\u00f6nhet, livsstil, entrepren\\u00f6rskap, makeup & tips.\",\"inLanguage\":\"es\",\"potentialAction\":[{\"@type\":\"ReadAction\",\"target\":[\"https:\/\/www.imakeyousmile.se\/ogonbrynstatuering-fore-efter\/\"]}]},{\"@type\":\"Article\",\"@id\":\"https:\/\/www.imakeyousmile.se\/ogonbrynstatuering-fore-efter\/#article\",\"isPartOf\":{\"@id\":\"https:\/\/www.imakeyousmile.se\/ogonbrynstatuering-fore-efter\/#webpage\"},\"author\":{\"@id\":\"https:\/\/www.imakeyousmile.se\/es\/#\/schema\/person\/b0fd43b1c6bb1c60cfd68bff9b4a10fb\"},\"headline\":\"\\u00d6gonbrynstatuering f\\u00f6re &#038; efter\",\"datePublished\":\"2014-10-02T15:20:55+00:00\",\"dateModified\":\"2014-10-02T11:50:21+00:00\",\"mainEntityOfPage\":{\"@id\":\"https:\/\/www.imakeyousmile.se\/ogonbrynstatuering-fore-efter\/#webpage\"},\"commentCount\":5,\"publisher\":{\"@id\":\"https:\/\/www.imakeyousmile.se\/es\/#organization\"},\"image\":{\"@id\":\"https:\/\/www.imakeyousmile.se\/ogonbrynstatuering-fore-efter\/#primaryimage\"},\"keywords\":\"3d tatuering \\u00f6gonbryn,annika s\\u00f6derlund,kosmetisk tatuering \\u00f6gonbryn,permanent makeup,permanent makeup \\u00f6gonbryn,permanent makeup uppsala\",\"articleSection\":\"\\u00d6gonbryn,Permanent makeup,Recensioner &amp; Produkttips\",\"inLanguage\":\"es\",\"potentialAction\":[{\"@type\":\"CommentAction\",\"name\":\"Comment\",\"target\":[\"https:\/\/www.imakeyousmile.se\/ogonbrynstatuering-fore-efter\/#respond\"]}]},{\"@type\":\"Person\",\"@id\":\"https:\/\/www.imakeyousmile.se\/es\/#\/schema\/person\/b0fd43b1c6bb1c60cfd68bff9b4a10fb\",\"name\":\"Helena Amiley\",\"image\":{\"@type\":\"ImageObject\",\"@id\":\"https:\/\/www.imakeyousmile.se\/es\/#personlogo\",\"inLanguage\":\"es\",\"url\":\"https:\/\/secure.gravatar.com\/avatar\/5645558e1e355457a23368d7e1b4c904?s=96&d=mm&r=g\",\"caption\":\"Helena Amiley\"},\"description\":\"Jag skriver mest om sk\\u00f6nhet men bjuder \\u00e4ven p\\u00e5 glimtar fr\\u00e5n entrepren\\u00f6rlivet och bygget av v\\u00e5r egen camper van. Vanlife here we come!\",\"sameAs\":[\"https:\/\/www.facebook.com\/imakeyousmile.se\",\"https:\/\/www.instagram.com\/helenaamiley\",\"https:\/\/www.youtube.com\/channel\/UCR5iB6rvpV6Yr8ZjpQfr5mg?view_as=subscriber\"]}]}<\/script>\n<!-- \/ Yoast SEO Premium plugin. -->","_links":{"self":[{"href":"https:\/\/www.imakeyousmile.se\/es\/wp-json\/wp\/v2\/posts\/17856"}],"collection":[{"href":"https:\/\/www.imakeyousmile.se\/es\/wp-json\/wp\/v2\/posts"}],"about":[{"href":"https:\/\/www.imakeyousmile.se\/es\/wp-json\/wp\/v2\/types\/post"}],"author":[{"embeddable":true,"href":"https:\/\/www.imakeyousmile.se\/es\/wp-json\/wp\/v2\/users\/30"}],"replies":[{"embeddable":true,"href":"https:\/\/www.imakeyousmile.se\/es\/wp-json\/wp\/v2\/comments?post=17856"}],"version-history":[{"count":3,"href":"https:\/\/www.imakeyousmile.se\/es\/wp-json\/wp\/v2\/posts\/17856\/revisions"}],"predecessor-version":[{"id":17863,"href":"https:\/\/www.imakeyousmile.se\/es\/wp-json\/wp\/v2\/posts\/17856\/revisions\/17863"}],"wp:featuredmedia":[{"embeddable":true,"href":"https:\/\/www.imakeyousmile.se\/es\/wp-json\/wp\/v2\/media\/17859"}],"wp:attachment":[{"href":"https:\/\/www.imakeyousmile.se\/es\/wp-json\/wp\/v2\/media?parent=17856"}],"wp:term":[{"taxonomy":"category","embeddable":true,"href":"https:\/\/www.imakeyousmile.se\/es\/wp-json\/wp\/v2\/categories?post=17856"},{"taxonomy":"post_tag","embeddable":true,"href":"https:\/\/www.imakeyousmile.se\/es\/wp-json\/wp\/v2\/tags?post=17856"}],"curies":[{"name":"wp","href":"https:\/\/api.w.org\/{rel}","templated":true}]}}