{"id":18224,"date":"2014-10-13T20:38:23","date_gmt":"2014-10-13T19:38:23","guid":{"rendered":"http:\/\/finest.se\/helenaronnblad\/2014\/10\/13\/xlash-mascara\/"},"modified":"2021-09-17T09:40:38","modified_gmt":"2021-09-17T07:40:38","slug":"xlash-mascara","status":"publish","type":"post","link":"https:\/\/www.imakeyousmile.se\/es\/rimel-xlash\/","title":{"rendered":"R\u00edmel Xlash"},"content":{"rendered":"<p>Xlash sali\u00f3 hace solo unos d\u00edas con una nueva f\u00f3rmula para su industria de pesta\u00f1as (\u00a1que en realidad pens\u00e9 probar!) Y en relaci\u00f3n con el nuevo lanzamiento, tambi\u00e9n han presentado la nueva m\u00e1scara de pesta\u00f1as.\u00a0<em><span style=\"color: #000000;\"><span style=\"font-size: 11.8181819915771px; line-height: 1.5em;\">R\u00edmel negro \u00f3ptimo Xlash con vitamina E.<\/span><\/span><\/em><span style=\"font-size: 11.8181819915771px; line-height: 1.5em;\">.<\/span><\/p>\n<p><strong>Lee mi publicaci\u00f3n sobre r\u00edmel<\/strong>: <a href=\"https:\/\/www.imakeyousmile.se\/es\/mascara\/\">M\u00e1scara de pesta\u00f1as - Mejor en prueba - \u00a1Mejor m\u00e1scara de pesta\u00f1as!<\/a><\/p>\n<p>La m\u00e1scara contiene vitamina B5 y vitamina E que juntas ayudan al proceso de crecimiento de las pesta\u00f1as y, adem\u00e1s de sus efectos de cuidado, \u00a1tambi\u00e9n deber\u00edan ser la m\u00e1scara de volumen definitivo!<\/p>\n<p><span style=\"font-size: 11.8181819915771px;\">Prob\u00e9 esta m\u00e1scara de pesta\u00f1as por primera vez hoy, \u00a1y me gusta! Probablemente no pueda decir que sea una m\u00e1scara de pesta\u00f1as con el m\u00e1ximo volumen, pero obtienes pesta\u00f1as finas y separadas y una curva agradable y duradera incluso sin rizadores de pesta\u00f1as.<\/span><\/p>\n<p>La f\u00f3rmula se siente ligera, no se aglutina y dura bien todo el d\u00eda sin desmoronarse ni mancharse. Adem\u00e1s, me gusta el pincel curvo con el que es muy f\u00e1cil trabajar.<\/p>\n<p>La m\u00e1scara est\u00e1 disponible<a href=\"https:\/\/ion.lyko.com\/t\/t?a=1117786221&amp;as=1548102449&amp;t=2&amp;tk=1&amp;epi=search-replace-xlashmascara&amp;url=https:\/\/lyko.com\/sv\/xlash\/xlash-mascara\" target=\"_blank\" rel=\"noopener\">\u00a0AQU\u00cd\u00a0<\/a>y cuesta SEK 155.<\/p>\n<p>Esta es definitivamente una m\u00e1scara de pesta\u00f1as que usar\u00e9 m\u00e1s veces :)<\/p>\n<p>\u00a1Espero que tengas una buena velada! Yo mismo encender\u00e9 algunas velas, preparar\u00e9 una taza de t\u00e9 y seguir\u00e9 trabajando con la computadora en mi regazo frente a The Unknown, que comenzar\u00e1 pronto :)<\/p>\n<p><strong>\u00a1Abrazo abrazo!<\/strong><\/p>\n<p>&nbsp;<\/p>\n<p>&nbsp;<\/p>","protected":false},"excerpt":{"rendered":"<p>Xlash kom f\u00f6r bara n\u00e5gra dagar sedan ut med en ny formula p\u00e5 deras \u00f6gonfransn\u00e4ring (som jag t\u00e4nkte testa faktiskt!) och i samband med den nya lanseringen s\u00e5 har de \u00e4ven kommit ut med den nya mascaran\u00a0Xlash optimal black mascara with vitamin E. L\u00e4s mitt inl\u00e4gg om mascara: Mascara &#8211; B\u00e4st i test &#8211; B\u00e4sta [&hellip;]<\/p>\n","protected":false},"author":30,"featured_media":0,"comment_status":"open","ping_status":"open","sticky":false,"template":"","format":"standard","meta":{"footnotes":""},"categories":[3],"tags":[],"class_list":["post-18224","post","type-post","status-publish","format-standard","hentry","category-allmant"],"yoast_head":"<!-- This site is optimized with the Yoast SEO Premium plugin v14.9 - https:\/\/yoast.com\/wordpress\/plugins\/seo\/ -->\n<meta name=\"description\" content=\"Xlash Mascara | Helena Amiley - H\u00e4r hittar du senaste infromation om sk\u00f6nhet, livsstil, entrepren\u00f6rskap, makeup &amp; tips.\" \/>\n<meta name=\"robots\" content=\"index, follow, max-snippet:-1, max-image-preview:large, max-video-preview:-1\" \/>\n<link rel=\"canonical\" href=\"https:\/\/www.imakeyousmile.se\/es\/xlash-mascara\/\" \/>\n<meta property=\"og:locale\" content=\"es_ES\" \/>\n<meta property=\"og:type\" content=\"article\" \/>\n<meta property=\"og:title\" content=\"Xlash Mascara | Imakeyousmile.se\" \/>\n<meta property=\"og:description\" content=\"Xlash Mascara | Helena Amiley - H\u00e4r hittar du senaste infromation om sk\u00f6nhet, livsstil, entrepren\u00f6rskap, makeup &amp; tips.\" \/>\n<meta property=\"og:url\" content=\"https:\/\/www.imakeyousmile.se\/es\/xlash-mascara\/\" \/>\n<meta property=\"og:site_name\" content=\"Imakeyousmile.se\" \/>\n<meta property=\"article:author\" content=\"https:\/\/www.facebook.com\/imakeyousmile.se\" \/>\n<meta property=\"article:published_time\" content=\"2014-10-13T19:38:23+00:00\" \/>\n<meta property=\"article:modified_time\" content=\"2021-09-17T07:40:38+00:00\" \/>\n<meta name=\"twitter:card\" content=\"summary_large_image\" \/>\n<script type=\"application\/ld+json\" class=\"yoast-schema-graph\">{\"@context\":\"https:\/\/schema.org\",\"@graph\":[{\"@type\":\"Organization\",\"@id\":\"https:\/\/www.imakeyousmile.se\/es\/#organization\",\"name\":\"Imakeyousmile\",\"url\":\"https:\/\/www.imakeyousmile.se\/es\/\",\"sameAs\":[],\"logo\":{\"@type\":\"ImageObject\",\"@id\":\"https:\/\/www.imakeyousmile.se\/es\/#logo\",\"inLanguage\":\"es\",\"url\":\"https:\/\/www.imakeyousmile.se\/wp-content\/uploads\/2020\/10\/HELENA-AMILEY_SVART-1-e1603367975324.png\",\"width\":280,\"height\":93,\"caption\":\"Imakeyousmile\"},\"image\":{\"@id\":\"https:\/\/www.imakeyousmile.se\/es\/#logo\"}},{\"@type\":\"WebSite\",\"@id\":\"https:\/\/www.imakeyousmile.se\/es\/#website\",\"url\":\"https:\/\/www.imakeyousmile.se\/es\/\",\"name\":\"Imakeyousmile.se\",\"description\":\"Helena Amiley - Beauty, Entrepreneur, Lifestyle\",\"publisher\":{\"@id\":\"https:\/\/www.imakeyousmile.se\/es\/#organization\"},\"potentialAction\":[{\"@type\":\"SearchAction\",\"target\":\"https:\/\/www.imakeyousmile.se\/es\/?s={search_term_string}\",\"query-input\":\"required name=search_term_string\"}],\"inLanguage\":\"es\"},{\"@type\":\"WebPage\",\"@id\":\"https:\/\/www.imakeyousmile.se\/xlash-mascara\/#webpage\",\"url\":\"https:\/\/www.imakeyousmile.se\/xlash-mascara\/\",\"name\":\"Xlash Mascara | Imakeyousmile.se\",\"isPartOf\":{\"@id\":\"https:\/\/www.imakeyousmile.se\/es\/#website\"},\"datePublished\":\"2014-10-13T19:38:23+00:00\",\"dateModified\":\"2021-09-17T07:40:38+00:00\",\"description\":\"Xlash Mascara | Helena Amiley - H\\u00e4r hittar du senaste infromation om sk\\u00f6nhet, livsstil, entrepren\\u00f6rskap, makeup & tips.\",\"inLanguage\":\"es\",\"potentialAction\":[{\"@type\":\"ReadAction\",\"target\":[\"https:\/\/www.imakeyousmile.se\/xlash-mascara\/\"]}]},{\"@type\":\"Article\",\"@id\":\"https:\/\/www.imakeyousmile.se\/xlash-mascara\/#article\",\"isPartOf\":{\"@id\":\"https:\/\/www.imakeyousmile.se\/xlash-mascara\/#webpage\"},\"author\":{\"@id\":\"https:\/\/www.imakeyousmile.se\/es\/#\/schema\/person\/b0fd43b1c6bb1c60cfd68bff9b4a10fb\"},\"headline\":\"Xlash Mascara\",\"datePublished\":\"2014-10-13T19:38:23+00:00\",\"dateModified\":\"2021-09-17T07:40:38+00:00\",\"mainEntityOfPage\":{\"@id\":\"https:\/\/www.imakeyousmile.se\/xlash-mascara\/#webpage\"},\"commentCount\":0,\"publisher\":{\"@id\":\"https:\/\/www.imakeyousmile.se\/es\/#organization\"},\"articleSection\":\"\\u00d6vrigt\",\"inLanguage\":\"es\",\"potentialAction\":[{\"@type\":\"CommentAction\",\"name\":\"Comment\",\"target\":[\"https:\/\/www.imakeyousmile.se\/xlash-mascara\/#respond\"]}]},{\"@type\":\"Person\",\"@id\":\"https:\/\/www.imakeyousmile.se\/es\/#\/schema\/person\/b0fd43b1c6bb1c60cfd68bff9b4a10fb\",\"name\":\"Helena Amiley\",\"image\":{\"@type\":\"ImageObject\",\"@id\":\"https:\/\/www.imakeyousmile.se\/es\/#personlogo\",\"inLanguage\":\"es\",\"url\":\"https:\/\/secure.gravatar.com\/avatar\/5645558e1e355457a23368d7e1b4c904?s=96&d=mm&r=g\",\"caption\":\"Helena Amiley\"},\"description\":\"Jag skriver mest om sk\\u00f6nhet men bjuder \\u00e4ven p\\u00e5 glimtar fr\\u00e5n entrepren\\u00f6rlivet och bygget av v\\u00e5r egen camper van. Vanlife here we come!\",\"sameAs\":[\"https:\/\/www.facebook.com\/imakeyousmile.se\",\"https:\/\/www.instagram.com\/helenaamiley\",\"https:\/\/www.youtube.com\/channel\/UCR5iB6rvpV6Yr8ZjpQfr5mg?view_as=subscriber\"]}]}<\/script>\n<!-- \/ Yoast SEO Premium plugin. -->","_links":{"self":[{"href":"https:\/\/www.imakeyousmile.se\/es\/wp-json\/wp\/v2\/posts\/18224"}],"collection":[{"href":"https:\/\/www.imakeyousmile.se\/es\/wp-json\/wp\/v2\/posts"}],"about":[{"href":"https:\/\/www.imakeyousmile.se\/es\/wp-json\/wp\/v2\/types\/post"}],"author":[{"embeddable":true,"href":"https:\/\/www.imakeyousmile.se\/es\/wp-json\/wp\/v2\/users\/30"}],"replies":[{"embeddable":true,"href":"https:\/\/www.imakeyousmile.se\/es\/wp-json\/wp\/v2\/comments?post=18224"}],"version-history":[{"count":2,"href":"https:\/\/www.imakeyousmile.se\/es\/wp-json\/wp\/v2\/posts\/18224\/revisions"}],"predecessor-version":[{"id":40968,"href":"https:\/\/www.imakeyousmile.se\/es\/wp-json\/wp\/v2\/posts\/18224\/revisions\/40968"}],"wp:attachment":[{"href":"https:\/\/www.imakeyousmile.se\/es\/wp-json\/wp\/v2\/media?parent=18224"}],"wp:term":[{"taxonomy":"category","embeddable":true,"href":"https:\/\/www.imakeyousmile.se\/es\/wp-json\/wp\/v2\/categories?post=18224"},{"taxonomy":"post_tag","embeddable":true,"href":"https:\/\/www.imakeyousmile.se\/es\/wp-json\/wp\/v2\/tags?post=18224"}],"curies":[{"name":"wp","href":"https:\/\/api.w.org\/{rel}","templated":true}]}}