{"id":18225,"date":"2014-10-14T07:17:23","date_gmt":"2014-10-14T06:17:23","guid":{"rendered":"http:\/\/finest.se\/helenaronnblad\/2014\/10\/14\/hostlila-nagellack\/"},"modified":"2021-10-05T10:30:08","modified_gmt":"2021-10-05T08:30:08","slug":"hostlila-nagellack","status":"publish","type":"post","link":"https:\/\/www.imakeyousmile.se\/es\/esmalte-de-unas-hostlila\/","title":{"rendered":"Esmalte de u\u00f1as morado oto\u00f1al"},"content":{"rendered":"<p>Si buscas un esmalte de u\u00f1as morado oscuro durante el oto\u00f1o, puedes dejar de buscar ahora,\u00a0<a href=\"https:\/\/dot.yves-rocher.se\/t\/t?a=138068268&amp;as=1548102449&amp;t=2&amp;tk=1&amp;epi=search-replace-yvesnaglar&amp;url=https:\/\/www.yves-rocher.se\/smink\/naglar\/nagellack\/c\/24100\" target=\"_blank\" rel=\"noopener\">Yves Rochers Nagellack<\/a>\u00a0en la sombra\u00a0<span style=\"font-size: 11.8181819915771px; line-height: 1.5em;\">102. La berenjena es una super bonita, oscura, una<\/span><span style=\"font-size: 11.8181819915771px; line-height: 1.5em;\">un barniz violeta que es completo incluso despu\u00e9s de una capa. \u00a1Absolutamente maravilloso!<\/span><\/p>\n<p><span style=\"font-size: 11.8181819915771px; line-height: 1.5em;\">Tengo ese esmalte de u\u00f1as en una mano ahora mismo, pero me cuesta mucho tener las u\u00f1as completamente oscuras, as\u00ed que, por otro lado, tengo un esmalte de u\u00f1as p\u00farpura lavanda brillante de\u00a0<\/span><a href=\"https:\/\/dot.yves-rocher.se\/t\/t?a=138068268&amp;as=1548102449&amp;t=2&amp;tk=1&amp;epi=search-replace-yvesnaglar&amp;url=https:\/\/www.yves-rocher.se\/smink\/naglar\/nagellack\/c\/24100\" target=\"_blank\" rel=\"noopener\">China Laca de u\u00f1as del esmalte<\/a>\u00a0a la sombra Astro-Hot. Ambas pinturas son geniales juntas, creo :)<\/p>\n<p><img loading=\"lazy\" decoding=\"async\" class=\"alignnone size-large wp-image-20003\" src=\"https:\/\/www.imakeyousmile.se\/wp-content\/uploads\/2015\/05\/lila-naglar-1024x709.jpg\" alt=\"\" width=\"696\" height=\"482\" srcset=\"https:\/\/www.imakeyousmile.se\/wp-content\/uploads\/2015\/05\/lila-naglar-1024x709.jpg 1024w, https:\/\/www.imakeyousmile.se\/wp-content\/uploads\/2015\/05\/lila-naglar-300x208.jpg 300w, https:\/\/www.imakeyousmile.se\/wp-content\/uploads\/2015\/05\/lila-naglar-768x532.jpg 768w, https:\/\/www.imakeyousmile.se\/wp-content\/uploads\/2015\/05\/lila-naglar-1536x1064.jpg 1536w, https:\/\/www.imakeyousmile.se\/wp-content\/uploads\/2015\/05\/lila-naglar-16x12.jpg 16w, https:\/\/www.imakeyousmile.se\/wp-content\/uploads\/2015\/05\/lila-naglar-20x14.jpg 20w, https:\/\/www.imakeyousmile.se\/wp-content\/uploads\/2015\/05\/lila-naglar.jpg 2000w\" sizes=\"(max-width: 696px) 100vw, 696px\" \/><\/p>\n<p>O que dices? Fint va?<br \/>\n(Soy consciente de que mis u\u00f1as est\u00e1n un poco abolladas y desiguales, jeje. \u00a1Tengo que limarlas un poco m\u00e1s bien!)<\/p>\n<p><strong>\u00a0\u00a1Los abrazos son!<\/strong><\/p>","protected":false},"excerpt":{"rendered":"<p>Letar ni efter ett m\u00f6rklila nagellack under h\u00f6sten s\u00e5 kan ni sluta leta nu,\u00a0Yves Rochers Nagellack\u00a0i nyansen\u00a0102.Aubergine \u00e4r ett supersnyggt, m\u00f6rkt, auberginelila lack som \u00e4r helt\u00e4ckande redan efter ett lager. Helt underbart! Det nagellacket har jag p\u00e5 ena handen just nu, men jag har sv\u00e5rt f\u00f6r helm\u00f6rka naglar p\u00e5 mig sj\u00e4lv s\u00e5 p\u00e5 andra handen [&hellip;]<\/p>\n","protected":false},"author":30,"featured_media":0,"comment_status":"open","ping_status":"open","sticky":false,"template":"","format":"standard","meta":{"footnotes":""},"categories":[3],"tags":[],"class_list":["post-18225","post","type-post","status-publish","format-standard","hentry","category-allmant"],"yoast_head":"<!-- This site is optimized with the Yoast SEO Premium plugin v14.9 - https:\/\/yoast.com\/wordpress\/plugins\/seo\/ -->\n<meta name=\"description\" content=\"H\u00f6stlila nagellack | Helena Amiley - H\u00e4r hittar du senaste infromation om sk\u00f6nhet, livsstil, entrepren\u00f6rskap, makeup &amp; tips.\" \/>\n<meta name=\"robots\" content=\"index, follow, max-snippet:-1, max-image-preview:large, max-video-preview:-1\" \/>\n<link rel=\"canonical\" href=\"https:\/\/www.imakeyousmile.se\/es\/hostlila-nagellack\/\" \/>\n<meta property=\"og:locale\" content=\"es_ES\" \/>\n<meta property=\"og:type\" content=\"article\" \/>\n<meta property=\"og:title\" content=\"H\u00f6stlila nagellack | Imakeyousmile.se\" \/>\n<meta property=\"og:description\" content=\"H\u00f6stlila nagellack | Helena Amiley - H\u00e4r hittar du senaste infromation om sk\u00f6nhet, livsstil, entrepren\u00f6rskap, makeup &amp; tips.\" \/>\n<meta property=\"og:url\" content=\"https:\/\/www.imakeyousmile.se\/es\/hostlila-nagellack\/\" \/>\n<meta property=\"og:site_name\" content=\"Imakeyousmile.se\" \/>\n<meta property=\"article:author\" content=\"https:\/\/www.facebook.com\/imakeyousmile.se\" \/>\n<meta property=\"article:published_time\" content=\"2014-10-14T06:17:23+00:00\" \/>\n<meta property=\"article:modified_time\" content=\"2021-10-05T08:30:08+00:00\" \/>\n<meta property=\"og:image\" content=\"https:\/\/www.imakeyousmile.se\/wp-content\/uploads\/2015\/05\/lila-naglar-1024x709.jpg\" \/>\n<meta name=\"twitter:card\" content=\"summary_large_image\" \/>\n<script type=\"application\/ld+json\" class=\"yoast-schema-graph\">{\"@context\":\"https:\/\/schema.org\",\"@graph\":[{\"@type\":\"Organization\",\"@id\":\"https:\/\/www.imakeyousmile.se\/es\/#organization\",\"name\":\"Imakeyousmile\",\"url\":\"https:\/\/www.imakeyousmile.se\/es\/\",\"sameAs\":[],\"logo\":{\"@type\":\"ImageObject\",\"@id\":\"https:\/\/www.imakeyousmile.se\/es\/#logo\",\"inLanguage\":\"es\",\"url\":\"https:\/\/www.imakeyousmile.se\/wp-content\/uploads\/2020\/10\/HELENA-AMILEY_SVART-1-e1603367975324.png\",\"width\":280,\"height\":93,\"caption\":\"Imakeyousmile\"},\"image\":{\"@id\":\"https:\/\/www.imakeyousmile.se\/es\/#logo\"}},{\"@type\":\"WebSite\",\"@id\":\"https:\/\/www.imakeyousmile.se\/es\/#website\",\"url\":\"https:\/\/www.imakeyousmile.se\/es\/\",\"name\":\"Imakeyousmile.se\",\"description\":\"Helena Amiley - Beauty, Entrepreneur, Lifestyle\",\"publisher\":{\"@id\":\"https:\/\/www.imakeyousmile.se\/es\/#organization\"},\"potentialAction\":[{\"@type\":\"SearchAction\",\"target\":\"https:\/\/www.imakeyousmile.se\/es\/?s={search_term_string}\",\"query-input\":\"required name=search_term_string\"}],\"inLanguage\":\"es\"},{\"@type\":\"ImageObject\",\"@id\":\"https:\/\/www.imakeyousmile.se\/hostlila-nagellack\/#primaryimage\",\"inLanguage\":\"es\",\"url\":\"https:\/\/www.imakeyousmile.se\/wp-content\/uploads\/2015\/05\/lila-naglar.jpg\",\"width\":2000,\"height\":1385},{\"@type\":\"WebPage\",\"@id\":\"https:\/\/www.imakeyousmile.se\/hostlila-nagellack\/#webpage\",\"url\":\"https:\/\/www.imakeyousmile.se\/hostlila-nagellack\/\",\"name\":\"H\\u00f6stlila nagellack | Imakeyousmile.se\",\"isPartOf\":{\"@id\":\"https:\/\/www.imakeyousmile.se\/es\/#website\"},\"primaryImageOfPage\":{\"@id\":\"https:\/\/www.imakeyousmile.se\/hostlila-nagellack\/#primaryimage\"},\"datePublished\":\"2014-10-14T06:17:23+00:00\",\"dateModified\":\"2021-10-05T08:30:08+00:00\",\"description\":\"H\\u00f6stlila nagellack | Helena Amiley - H\\u00e4r hittar du senaste infromation om sk\\u00f6nhet, livsstil, entrepren\\u00f6rskap, makeup & tips.\",\"inLanguage\":\"es\",\"potentialAction\":[{\"@type\":\"ReadAction\",\"target\":[\"https:\/\/www.imakeyousmile.se\/hostlila-nagellack\/\"]}]},{\"@type\":\"Article\",\"@id\":\"https:\/\/www.imakeyousmile.se\/hostlila-nagellack\/#article\",\"isPartOf\":{\"@id\":\"https:\/\/www.imakeyousmile.se\/hostlila-nagellack\/#webpage\"},\"author\":{\"@id\":\"https:\/\/www.imakeyousmile.se\/es\/#\/schema\/person\/b0fd43b1c6bb1c60cfd68bff9b4a10fb\"},\"headline\":\"H\\u00f6stlila nagellack\",\"datePublished\":\"2014-10-14T06:17:23+00:00\",\"dateModified\":\"2021-10-05T08:30:08+00:00\",\"mainEntityOfPage\":{\"@id\":\"https:\/\/www.imakeyousmile.se\/hostlila-nagellack\/#webpage\"},\"commentCount\":0,\"publisher\":{\"@id\":\"https:\/\/www.imakeyousmile.se\/es\/#organization\"},\"image\":{\"@id\":\"https:\/\/www.imakeyousmile.se\/hostlila-nagellack\/#primaryimage\"},\"articleSection\":\"\\u00d6vrigt\",\"inLanguage\":\"es\",\"potentialAction\":[{\"@type\":\"CommentAction\",\"name\":\"Comment\",\"target\":[\"https:\/\/www.imakeyousmile.se\/hostlila-nagellack\/#respond\"]}]},{\"@type\":\"Person\",\"@id\":\"https:\/\/www.imakeyousmile.se\/es\/#\/schema\/person\/b0fd43b1c6bb1c60cfd68bff9b4a10fb\",\"name\":\"Helena Amiley\",\"image\":{\"@type\":\"ImageObject\",\"@id\":\"https:\/\/www.imakeyousmile.se\/es\/#personlogo\",\"inLanguage\":\"es\",\"url\":\"https:\/\/secure.gravatar.com\/avatar\/5645558e1e355457a23368d7e1b4c904?s=96&d=mm&r=g\",\"caption\":\"Helena Amiley\"},\"description\":\"Jag skriver mest om sk\\u00f6nhet men bjuder \\u00e4ven p\\u00e5 glimtar fr\\u00e5n entrepren\\u00f6rlivet och bygget av v\\u00e5r egen camper van. Vanlife here we come!\",\"sameAs\":[\"https:\/\/www.facebook.com\/imakeyousmile.se\",\"https:\/\/www.instagram.com\/helenaamiley\",\"https:\/\/www.youtube.com\/channel\/UCR5iB6rvpV6Yr8ZjpQfr5mg?view_as=subscriber\"]}]}<\/script>\n<!-- \/ Yoast SEO Premium plugin. -->","_links":{"self":[{"href":"https:\/\/www.imakeyousmile.se\/es\/wp-json\/wp\/v2\/posts\/18225"}],"collection":[{"href":"https:\/\/www.imakeyousmile.se\/es\/wp-json\/wp\/v2\/posts"}],"about":[{"href":"https:\/\/www.imakeyousmile.se\/es\/wp-json\/wp\/v2\/types\/post"}],"author":[{"embeddable":true,"href":"https:\/\/www.imakeyousmile.se\/es\/wp-json\/wp\/v2\/users\/30"}],"replies":[{"embeddable":true,"href":"https:\/\/www.imakeyousmile.se\/es\/wp-json\/wp\/v2\/comments?post=18225"}],"version-history":[{"count":1,"href":"https:\/\/www.imakeyousmile.se\/es\/wp-json\/wp\/v2\/posts\/18225\/revisions"}],"predecessor-version":[{"id":41677,"href":"https:\/\/www.imakeyousmile.se\/es\/wp-json\/wp\/v2\/posts\/18225\/revisions\/41677"}],"wp:attachment":[{"href":"https:\/\/www.imakeyousmile.se\/es\/wp-json\/wp\/v2\/media?parent=18225"}],"wp:term":[{"taxonomy":"category","embeddable":true,"href":"https:\/\/www.imakeyousmile.se\/es\/wp-json\/wp\/v2\/categories?post=18225"},{"taxonomy":"post_tag","embeddable":true,"href":"https:\/\/www.imakeyousmile.se\/es\/wp-json\/wp\/v2\/tags?post=18225"}],"curies":[{"name":"wp","href":"https:\/\/api.w.org\/{rel}","templated":true}]}}