{"id":18259,"date":"2014-11-08T15:31:00","date_gmt":"2014-11-08T14:31:00","guid":{"rendered":"http:\/\/finest.se\/helenaronnblad\/2014\/11\/08\/lila-sminkning\/"},"modified":"2014-11-08T15:31:00","modified_gmt":"2014-11-08T14:31:00","slug":"lila-sminkning-9","status":"publish","type":"post","link":"https:\/\/www.imakeyousmile.se\/es\/maquillaje-morado-9\/","title":{"rendered":"Maquillaje morado"},"content":{"rendered":"<p style=\"margin-bottom: 23px;color: #262626;font-family: 'PT Sans', sans-serif;font-size: 15px;line-height: 23px\">Me pica un poco el morado, me encanta el morado y, sobre todo, ahora en oto\u00f1o, cuando es un color triste pero al mismo tiempo alegre y agradable.<\/p>\n<p style=\"margin-bottom: 23px;color: #262626;font-family: 'PT Sans', sans-serif;font-size: 15px;line-height: 23px\">Y algo que amo incluso m\u00e1s que el morado, \u00a1es la combinaci\u00f3n de morado y dorado! \u00a1Oh, qu\u00e9 lindo es!<br \/>El maquillaje de hoy es, en otras palabras, un maquillaje p\u00farpura oto\u00f1al con un poco de oro. Espero que te guste : )<\/p>\n<p style=\"margin-bottom: 23px;color: #262626;font-family: 'PT Sans', sans-serif;font-size: 15px;line-height: 23px\"><a href=\"http:\/\/www.imakeyousmile.se\/wp-content\/uploads\/2014\/10\/IMG_7159_222.jpg\"><img loading=\"lazy\" decoding=\"async\" class=\"alignnone size-full wp-image-18020\" src=\"http:\/\/www.imakeyousmile.se\/wp-content\/uploads\/2014\/10\/IMG_7159_222.jpg\" border=\"0\" alt=\"IMG_7159_222\" style=\"height: auto;vertical-align: middle\" width=\"3462\" height=\"2958\" srcset=\"https:\/\/www.imakeyousmile.se\/wp-content\/uploads\/2014\/10\/IMG_7159_222.jpg 2560w, https:\/\/www.imakeyousmile.se\/wp-content\/uploads\/2014\/10\/IMG_7159_222-300x256.jpg 300w, https:\/\/www.imakeyousmile.se\/wp-content\/uploads\/2014\/10\/IMG_7159_222-1024x874.jpg 1024w, https:\/\/www.imakeyousmile.se\/wp-content\/uploads\/2014\/10\/IMG_7159_222-700x598.jpg 700w, https:\/\/www.imakeyousmile.se\/wp-content\/uploads\/2014\/10\/IMG_7159_222-417x357.jpg 417w, https:\/\/www.imakeyousmile.se\/wp-content\/uploads\/2014\/10\/IMG_7159_222-565x483.jpg 565w\" sizes=\"(max-width: 3462px) 100vw, 3462px\" \/><\/a><\/p>\n<p style=\"margin-bottom: 23px;color: #262626;font-family: 'PT Sans', sans-serif;font-size: 15px;line-height: 23px\">Labios nude ombr\u00e9, pintalabios Paese con aceite de arg\u00e1n en tonos 17 y 35.<\/p>\n<p style=\"margin-bottom: 23px;color: #262626;font-family: 'PT Sans', sans-serif;font-size: 15px;line-height: 23px\"><a href=\"http:\/\/www.imakeyousmile.se\/wp-content\/uploads\/2014\/10\/IMG_7207_1.jpg\"><img loading=\"lazy\" decoding=\"async\" class=\"alignnone size-full wp-image-18024\" src=\"http:\/\/www.imakeyousmile.se\/wp-content\/uploads\/2014\/10\/IMG_7207_1.jpg\" border=\"0\" alt=\"IMG_7207_1\" style=\"height: auto;vertical-align: middle\" width=\"1664\" height=\"1288\" srcset=\"https:\/\/www.imakeyousmile.se\/wp-content\/uploads\/2014\/10\/IMG_7207_1.jpg 1664w, https:\/\/www.imakeyousmile.se\/wp-content\/uploads\/2014\/10\/IMG_7207_1-300x232.jpg 300w, https:\/\/www.imakeyousmile.se\/wp-content\/uploads\/2014\/10\/IMG_7207_1-1024x792.jpg 1024w, https:\/\/www.imakeyousmile.se\/wp-content\/uploads\/2014\/10\/IMG_7207_1-700x541.jpg 700w, https:\/\/www.imakeyousmile.se\/wp-content\/uploads\/2014\/10\/IMG_7207_1-461x357.jpg 461w, https:\/\/www.imakeyousmile.se\/wp-content\/uploads\/2014\/10\/IMG_7207_1-624x483.jpg 624w\" sizes=\"(max-width: 1664px) 100vw, 1664px\" \/><\/a><\/p>\n<p style=\"margin-bottom: 23px;color: #262626;font-family: 'PT Sans', sans-serif;font-size: 15px;line-height: 23px\"><strong><span style=\"color: #800080\">Sombra de ojos morada<\/span>\u00a0<\/strong>en el p\u00e1rpado y en la parte inferior de la l\u00ednea de las pesta\u00f1as inferiores, paleta Byher 40.<br \/><strong><span style=\"color: #000000\">Sombra de ojos negra<\/span><\/strong>\u00a0ahumado al final del p\u00e1rpado y la l\u00ednea de las pesta\u00f1as inferiores, Paese Matte Black Eyeshadow.<br \/><strong><span style=\"color: #ffcc99\">Sombra de ojos clara<\/span><\/strong>\u00a0en el rabillo del ojo y debajo de la ceja, la sombra favorita de Annika.<br \/><strong><span style=\"color: #ff9900\">Brillo dorado<\/span><\/strong>\u00a0parte interna del p\u00e1rpado, delineador de ojos True Gold Glitter.<br \/><strong><span style=\"color: #000000\">Delineador de ojos negro<\/span><\/strong>\u00a0a lo largo de la l\u00ednea de las pesta\u00f1as superiores, delineador de ojos autom\u00e1tico Paese Linea.<br \/><strong><span style=\"color: #000000\">R\u00edmel negro<\/span>\u00a0<\/strong>en todas las pesta\u00f1as, R\u00edmel Lumene Blueberry Wild Curl.<\/p>\n<p style=\"margin-bottom: 23px;color: #262626;font-family: 'PT Sans', sans-serif;font-size: 15px;line-height: 23px\"><a href=\"http:\/\/www.imakeyousmile.se\/wp-content\/uploads\/2014\/10\/IMG_7167_111.jpg\"><img loading=\"lazy\" decoding=\"async\" class=\"alignnone size-full wp-image-18021\" src=\"http:\/\/www.imakeyousmile.se\/wp-content\/uploads\/2014\/10\/IMG_7167_111.jpg\" border=\"0\" alt=\"IMG_7167_111\" style=\"height: auto;vertical-align: middle\" width=\"3294\" height=\"2976\" srcset=\"https:\/\/www.imakeyousmile.se\/wp-content\/uploads\/2014\/10\/IMG_7167_111.jpg 2560w, https:\/\/www.imakeyousmile.se\/wp-content\/uploads\/2014\/10\/IMG_7167_111-300x271.jpg 300w, https:\/\/www.imakeyousmile.se\/wp-content\/uploads\/2014\/10\/IMG_7167_111-1024x925.jpg 1024w, https:\/\/www.imakeyousmile.se\/wp-content\/uploads\/2014\/10\/IMG_7167_111-700x632.jpg 700w, https:\/\/www.imakeyousmile.se\/wp-content\/uploads\/2014\/10\/IMG_7167_111-395x357.jpg 395w, https:\/\/www.imakeyousmile.se\/wp-content\/uploads\/2014\/10\/IMG_7167_111-534x483.jpg 534w\" sizes=\"(max-width: 3294px) 100vw, 3294px\" \/><\/a><a href=\"http:\/\/www.imakeyousmile.se\/wp-content\/uploads\/2014\/10\/IMG_7183_111.jpg\"><img loading=\"lazy\" decoding=\"async\" class=\"alignnone size-full wp-image-18022\" src=\"http:\/\/www.imakeyousmile.se\/wp-content\/uploads\/2014\/10\/IMG_7183_111.jpg\" border=\"0\" alt=\"IMG_7183_111\" style=\"height: auto;vertical-align: middle\" width=\"2814\" height=\"3180\" srcset=\"https:\/\/www.imakeyousmile.se\/wp-content\/uploads\/2014\/10\/IMG_7183_111.jpg 2265w, https:\/\/www.imakeyousmile.se\/wp-content\/uploads\/2014\/10\/IMG_7183_111-265x300.jpg 265w, https:\/\/www.imakeyousmile.se\/wp-content\/uploads\/2014\/10\/IMG_7183_111-906x1024.jpg 906w, https:\/\/www.imakeyousmile.se\/wp-content\/uploads\/2014\/10\/IMG_7183_111-700x791.jpg 700w, https:\/\/www.imakeyousmile.se\/wp-content\/uploads\/2014\/10\/IMG_7183_111-315x357.jpg 315w, https:\/\/www.imakeyousmile.se\/wp-content\/uploads\/2014\/10\/IMG_7183_111-427x483.jpg 427w\" sizes=\"(max-width: 2814px) 100vw, 2814px\" \/><\/a><a href=\"http:\/\/www.imakeyousmile.se\/wp-content\/uploads\/2014\/10\/IMG_7194_111.jpg\"><img loading=\"lazy\" decoding=\"async\" class=\"alignnone size-full wp-image-18023\" src=\"http:\/\/www.imakeyousmile.se\/wp-content\/uploads\/2014\/10\/IMG_7194_111.jpg\" border=\"0\" alt=\"IMG_7194_111\" style=\"height: auto;vertical-align: middle\" width=\"3054\" height=\"3354\" srcset=\"https:\/\/www.imakeyousmile.se\/wp-content\/uploads\/2014\/10\/IMG_7194_111.jpg 2331w, https:\/\/www.imakeyousmile.se\/wp-content\/uploads\/2014\/10\/IMG_7194_111-273x300.jpg 273w, https:\/\/www.imakeyousmile.se\/wp-content\/uploads\/2014\/10\/IMG_7194_111-932x1024.jpg 932w, https:\/\/www.imakeyousmile.se\/wp-content\/uploads\/2014\/10\/IMG_7194_111-700x768.jpg 700w, https:\/\/www.imakeyousmile.se\/wp-content\/uploads\/2014\/10\/IMG_7194_111-325x357.jpg 325w, https:\/\/www.imakeyousmile.se\/wp-content\/uploads\/2014\/10\/IMG_7194_111-439x483.jpg 439w\" sizes=\"(max-width: 3054px) 100vw, 3054px\" \/><\/a><\/p>\n<p style=\"margin-bottom: 23px;color: #262626;font-family: 'PT Sans', sans-serif;font-size: 15px;line-height: 23px\">Espero que tengas un d\u00eda maravilloso!<\/p>","protected":false},"excerpt":{"rendered":"<p>Jag har f\u00e5tt lite fnatt p\u00e5 lila, jag \u00e4lskar lila och inte minst nu p\u00e5 h\u00f6sten d\u00e5 det \u00e4r en murrig men samtidigt glad och trevlig f\u00e4rg! Och n\u00e5gonting jag \u00e4lskar \u00e4nnu mer \u00e4n lila, det \u00e4r kombinationen lila och guld! \u00c5h s\u00e5 fint det \u00e4r!Dagens sminkning \u00e4r med andra ord en h\u00f6stig, lila sminkning [&hellip;]<\/p>\n","protected":false},"author":30,"featured_media":0,"comment_status":"open","ping_status":"open","sticky":false,"template":"","format":"standard","meta":{"footnotes":""},"categories":[3],"tags":[],"class_list":["post-18259","post","type-post","status-publish","format-standard","hentry","category-allmant"],"yoast_head":"<!-- This site is optimized with the Yoast SEO Premium plugin v14.9 - https:\/\/yoast.com\/wordpress\/plugins\/seo\/ -->\n<meta name=\"description\" content=\"Lila sminkning | Helena Amiley - H\u00e4r hittar du senaste infromation om sk\u00f6nhet, livsstil, entrepren\u00f6rskap, makeup &amp; tips.\" \/>\n<meta name=\"robots\" content=\"index, follow, max-snippet:-1, max-image-preview:large, max-video-preview:-1\" \/>\n<link rel=\"canonical\" href=\"https:\/\/www.imakeyousmile.se\/es\/lila-sminkning-9\/\" \/>\n<meta property=\"og:locale\" content=\"es_ES\" \/>\n<meta property=\"og:type\" content=\"article\" \/>\n<meta property=\"og:title\" content=\"Lila sminkning | Imakeyousmile.se\" \/>\n<meta property=\"og:description\" content=\"Lila sminkning | Helena Amiley - H\u00e4r hittar du senaste infromation om sk\u00f6nhet, livsstil, entrepren\u00f6rskap, makeup &amp; tips.\" \/>\n<meta property=\"og:url\" content=\"https:\/\/www.imakeyousmile.se\/es\/lila-sminkning-9\/\" \/>\n<meta property=\"og:site_name\" content=\"Imakeyousmile.se\" \/>\n<meta property=\"article:author\" content=\"https:\/\/www.facebook.com\/imakeyousmile.se\" \/>\n<meta property=\"article:published_time\" content=\"2014-11-08T14:31:00+00:00\" \/>\n<meta property=\"og:image\" content=\"http:\/\/www.imakeyousmile.se\/wp-content\/uploads\/2014\/10\/IMG_7159_222.jpg\" \/>\n<meta name=\"twitter:card\" content=\"summary_large_image\" \/>\n<script type=\"application\/ld+json\" class=\"yoast-schema-graph\">{\"@context\":\"https:\/\/schema.org\",\"@graph\":[{\"@type\":\"Organization\",\"@id\":\"https:\/\/www.imakeyousmile.se\/es\/#organization\",\"name\":\"Imakeyousmile\",\"url\":\"https:\/\/www.imakeyousmile.se\/es\/\",\"sameAs\":[],\"logo\":{\"@type\":\"ImageObject\",\"@id\":\"https:\/\/www.imakeyousmile.se\/es\/#logo\",\"inLanguage\":\"es\",\"url\":\"https:\/\/www.imakeyousmile.se\/wp-content\/uploads\/2020\/10\/HELENA-AMILEY_SVART-1-e1603367975324.png\",\"width\":280,\"height\":93,\"caption\":\"Imakeyousmile\"},\"image\":{\"@id\":\"https:\/\/www.imakeyousmile.se\/es\/#logo\"}},{\"@type\":\"WebSite\",\"@id\":\"https:\/\/www.imakeyousmile.se\/es\/#website\",\"url\":\"https:\/\/www.imakeyousmile.se\/es\/\",\"name\":\"Imakeyousmile.se\",\"description\":\"Helena Amiley - Beauty, Entrepreneur, Lifestyle\",\"publisher\":{\"@id\":\"https:\/\/www.imakeyousmile.se\/es\/#organization\"},\"potentialAction\":[{\"@type\":\"SearchAction\",\"target\":\"https:\/\/www.imakeyousmile.se\/es\/?s={search_term_string}\",\"query-input\":\"required name=search_term_string\"}],\"inLanguage\":\"es\"},{\"@type\":\"ImageObject\",\"@id\":\"https:\/\/www.imakeyousmile.se\/lila-sminkning-9\/#primaryimage\",\"inLanguage\":\"es\",\"url\":\"http:\/\/www.imakeyousmile.se\/wp-content\/uploads\/2014\/10\/IMG_7159_222.jpg\"},{\"@type\":\"WebPage\",\"@id\":\"https:\/\/www.imakeyousmile.se\/lila-sminkning-9\/#webpage\",\"url\":\"https:\/\/www.imakeyousmile.se\/lila-sminkning-9\/\",\"name\":\"Lila sminkning | Imakeyousmile.se\",\"isPartOf\":{\"@id\":\"https:\/\/www.imakeyousmile.se\/es\/#website\"},\"primaryImageOfPage\":{\"@id\":\"https:\/\/www.imakeyousmile.se\/lila-sminkning-9\/#primaryimage\"},\"datePublished\":\"2014-11-08T14:31:00+00:00\",\"dateModified\":\"2014-11-08T14:31:00+00:00\",\"description\":\"Lila sminkning | Helena Amiley - H\\u00e4r hittar du senaste infromation om sk\\u00f6nhet, livsstil, entrepren\\u00f6rskap, makeup & tips.\",\"inLanguage\":\"es\",\"potentialAction\":[{\"@type\":\"ReadAction\",\"target\":[\"https:\/\/www.imakeyousmile.se\/lila-sminkning-9\/\"]}]},{\"@type\":\"Article\",\"@id\":\"https:\/\/www.imakeyousmile.se\/lila-sminkning-9\/#article\",\"isPartOf\":{\"@id\":\"https:\/\/www.imakeyousmile.se\/lila-sminkning-9\/#webpage\"},\"author\":{\"@id\":\"https:\/\/www.imakeyousmile.se\/es\/#\/schema\/person\/b0fd43b1c6bb1c60cfd68bff9b4a10fb\"},\"headline\":\"Lila sminkning\",\"datePublished\":\"2014-11-08T14:31:00+00:00\",\"dateModified\":\"2014-11-08T14:31:00+00:00\",\"mainEntityOfPage\":{\"@id\":\"https:\/\/www.imakeyousmile.se\/lila-sminkning-9\/#webpage\"},\"commentCount\":0,\"publisher\":{\"@id\":\"https:\/\/www.imakeyousmile.se\/es\/#organization\"},\"image\":{\"@id\":\"https:\/\/www.imakeyousmile.se\/lila-sminkning-9\/#primaryimage\"},\"articleSection\":\"\\u00d6vrigt\",\"inLanguage\":\"es\",\"potentialAction\":[{\"@type\":\"CommentAction\",\"name\":\"Comment\",\"target\":[\"https:\/\/www.imakeyousmile.se\/lila-sminkning-9\/#respond\"]}]},{\"@type\":\"Person\",\"@id\":\"https:\/\/www.imakeyousmile.se\/es\/#\/schema\/person\/b0fd43b1c6bb1c60cfd68bff9b4a10fb\",\"name\":\"Helena Amiley\",\"image\":{\"@type\":\"ImageObject\",\"@id\":\"https:\/\/www.imakeyousmile.se\/es\/#personlogo\",\"inLanguage\":\"es\",\"url\":\"https:\/\/secure.gravatar.com\/avatar\/5645558e1e355457a23368d7e1b4c904?s=96&d=mm&r=g\",\"caption\":\"Helena Amiley\"},\"description\":\"Jag skriver mest om sk\\u00f6nhet men bjuder \\u00e4ven p\\u00e5 glimtar fr\\u00e5n entrepren\\u00f6rlivet och bygget av v\\u00e5r egen camper van. Vanlife here we come!\",\"sameAs\":[\"https:\/\/www.facebook.com\/imakeyousmile.se\",\"https:\/\/www.instagram.com\/helenaamiley\",\"https:\/\/www.youtube.com\/channel\/UCR5iB6rvpV6Yr8ZjpQfr5mg?view_as=subscriber\"]}]}<\/script>\n<!-- \/ Yoast SEO Premium plugin. -->","_links":{"self":[{"href":"https:\/\/www.imakeyousmile.se\/es\/wp-json\/wp\/v2\/posts\/18259"}],"collection":[{"href":"https:\/\/www.imakeyousmile.se\/es\/wp-json\/wp\/v2\/posts"}],"about":[{"href":"https:\/\/www.imakeyousmile.se\/es\/wp-json\/wp\/v2\/types\/post"}],"author":[{"embeddable":true,"href":"https:\/\/www.imakeyousmile.se\/es\/wp-json\/wp\/v2\/users\/30"}],"replies":[{"embeddable":true,"href":"https:\/\/www.imakeyousmile.se\/es\/wp-json\/wp\/v2\/comments?post=18259"}],"version-history":[{"count":0,"href":"https:\/\/www.imakeyousmile.se\/es\/wp-json\/wp\/v2\/posts\/18259\/revisions"}],"wp:attachment":[{"href":"https:\/\/www.imakeyousmile.se\/es\/wp-json\/wp\/v2\/media?parent=18259"}],"wp:term":[{"taxonomy":"category","embeddable":true,"href":"https:\/\/www.imakeyousmile.se\/es\/wp-json\/wp\/v2\/categories?post=18259"},{"taxonomy":"post_tag","embeddable":true,"href":"https:\/\/www.imakeyousmile.se\/es\/wp-json\/wp\/v2\/tags?post=18259"}],"curies":[{"name":"wp","href":"https:\/\/api.w.org\/{rel}","templated":true}]}}